{"id":29055,"date":"2024-08-05T00:56:00","date_gmt":"2024-08-05T05:56:00","guid":{"rendered":"https:\/\/www.salgadonoticias.com\/?p=29055"},"modified":"2024-08-05T18:34:57","modified_gmt":"2024-08-05T23:34:57","slug":"29055","status":"publish","type":"post","link":"http:\/\/www.salgadonoticias.com\/?p=29055","title":{"rendered":"Para devolver PLACA o LICENCIA retenidos, NO es Necesario Garant\u00eda Fiscal&#8230;!!!"},"content":{"rendered":"<p>Views: 37<\/p>\n<p>.<\/p>\n\n\n\n<figure class=\"wp-block-embed is-type-video is-provider-youtube wp-block-embed-youtube wp-embed-aspect-16-9 wp-has-aspect-ratio\"><div class=\"wp-block-embed__wrapper\">\n<iframe loading=\"lazy\" title=\"Para devolver PLACA o LICENCIA retenidos, NO es necesario Garant\u00eda Fiscal...!!!\" width=\"640\" height=\"360\" src=\"https:\/\/www.youtube.com\/embed\/dUATGbm0o8E?feature=oembed\" frameborder=\"0\" allow=\"accelerometer; autoplay; clipboard-write; encrypted-media; gyroscope; picture-in-picture; web-share\" referrerpolicy=\"strict-origin-when-cross-origin\" allowfullscreen><\/iframe>\n<\/div><\/figure>\n\n\n\n<p>.<\/p>\n\n\n\n<p>Este <strong>ANTECEDENTE:<\/strong><\/p>\n\n\n\n<p>Luego de que Tribunales Colegiados contendientes llegaron a <strong>criterios <mark style=\"background-color:#f78da7\" class=\"has-inline-color\">diferentes<\/mark><\/strong> despu\u00e9s de analizar <em><strong><mark style=\"background-color:rgba(0, 0, 0, 0);color:#a2052d\" class=\"has-inline-color\">Si debe exigirse garantizar el inter\u00e9s fiscal derivado de una multa de tr\u00e1nsito<\/mark><\/strong><\/em>, como requisito <strong>para poder conceder el Amparo de suspensi\u00f3n<\/strong> -provisional o definitiva- <strong>CONTRA la retenci\u00f3n de la <mark style=\"background-color:#ff6900\" class=\"has-inline-color\">licencia de conducir<\/mark> o la <mark style=\"background-color:#ff6900\" class=\"has-inline-color\">placa<\/mark><\/strong>, para que estos sean devueltos. <\/p>\n\n\n\n<p><strong><mark style=\"background-color:rgba(0, 0, 0, 0)\" class=\"has-inline-color has-vivid-red-color\">Uno<\/mark><\/strong> consider\u00f3 que <strong>NO era necesario<\/strong> exigir tal garant\u00eda, mientras que el <strong><mark style=\"background-color:rgba(0, 0, 0, 0)\" class=\"has-inline-color has-vivid-red-color\">otro<\/mark><\/strong> dijo que la <strong><mark style=\"background-color:#ff6900\" class=\"has-inline-color\">devoluci\u00f3n debe hacerse hasta que se garantice el inter\u00e9s fiscal derivado de la multa<\/mark><\/strong>, esto porque dichos objetos fueron retenidos como garant\u00eda de pago.<\/p>\n\n\n\n<p>.<\/p>\n\n\n\n<p>La <strong><mark style=\"background-color:rgba(0, 0, 0, 0);color:#1b0496\" class=\"has-inline-color\">Suprema Corte de Justicia<\/mark> <\/strong>a trav\u00e9s del Pleno Regional en Materias Administrativa y Civil, <strong><mark style=\"background-color:rgba(0, 0, 0, 0);color:#9b0404\" class=\"has-inline-color\">DETERMINO<\/mark><\/strong> que para la <mark style=\"background-color:rgba(0, 0, 0, 0);color:#9d0796\" class=\"has-inline-color\"><strong>devoluci\u00f3n<\/strong> <\/mark><mark style=\"background-color:rgba(0, 0, 0, 0)\" class=\"has-inline-color has-black-color\">de una <\/mark><mark style=\"background-color:rgba(0, 0, 0, 0);color:#9d0796\" class=\"has-inline-color\"><strong>licencia<\/strong> <\/mark><mark style=\"background-color:rgba(0, 0, 0, 0)\" class=\"has-inline-color has-black-color\">de conducir o una<\/mark><mark style=\"background-color:rgba(0, 0, 0, 0);color:#9d0796\" class=\"has-inline-color\"> <strong>placa <\/strong><\/mark>vehicular, <mark style=\"background-color:#7ec0f9\" class=\"has-inline-color\"><strong>no debe fijarse<\/strong> como <strong>requisito<\/strong> de efectividad de la <strong>suspensi\u00f3n<\/strong> que se <strong>garantice el cr\u00e9dito fiscal<\/strong><\/mark><strong> <\/strong>lo cual <em><u>constituye la multa administrativa reclamada<\/u><\/em>.<\/p>\n\n\n\n<p>.<\/p>\n\n\n\n<p>La justificaci\u00f3n de la <strong><mark style=\"background-color:rgba(0, 0, 0, 0);color:#1c0385\" class=\"has-inline-color\">SCJN<\/mark><\/strong> es que la <mark style=\"background-color:#f9a4b9\" class=\"has-inline-color\"><strong>multa administrativa<\/strong><\/mark><mark style=\"background-color:#ffffff\" class=\"has-inline-color\"> y la <\/mark><mark style=\"background-color:#f9a4b9\" class=\"has-inline-color\"><strong>retenci\u00f3n<\/strong><\/mark> por parte de un agente vial, ya sea de una <strong>licencia<\/strong> de conducir o de la placa <strong>vehicular<\/strong> u otro objeto o documento, son <strong><mark style=\"background-color:rgba(0, 0, 0, 0);color:#960404\" class=\"has-inline-color\">actos que no comparten la misma naturaleza<\/mark><\/strong>, ya que <strong><mark style=\"background-color:#c6ecdd\" class=\"has-inline-color\">la primera S\u00cd involucra el cobro<\/mark> <\/strong>de un cr\u00e9dito fiscal, <mark style=\"background-color:#9bf66e\" class=\"has-inline-color\"><strong>pero la retenci\u00f3n<\/strong> <strong>NO es equivalente a \u00e9ste<\/strong> <em><u>ni a alguno de los otros actos descritos en el art\u00edculo 135 de la Ley de Amparo (determinaci\u00f3n, liquidaci\u00f3n, ejecuci\u00f3n o cobro de contribuciones).<\/u><\/em><\/mark><\/p>\n\n\n\n<p>.<\/p>\n\n\n\n<p>Es claro que, la <strong><mark style=\"background-color:rgba(0, 0, 0, 0);color:#d10a0a\" class=\"has-inline-color\">retenci\u00f3n no est\u00e1 prevista<\/mark><\/strong> en el art\u00edculo referido <strong><mark style=\"background-color:rgba(0, 0, 0, 0);color:#c30606\" class=\"has-inline-color\">como requisito para satisfacer el inter\u00e9s fiscal de la hacienda p\u00fablica<\/mark><\/strong>, y s\u00f3lo exige que el Juez <mark style=\"background-color:#cef629\" class=\"has-inline-color\"><strong>requiera<\/strong><\/mark><mark style=\"background-color:#ffffff\" class=\"has-inline-color\"> la constituci\u00f3n de la <\/mark><mark style=\"background-color:#cef629\" class=\"has-inline-color\"><strong>garant\u00eda<\/strong> respectiva por <em><u>cualquiera de los medios permitido<\/u><\/em>s por las leyes aplicables, mas <strong>no la retenci\u00f3n<\/strong><\/mark> de documento u objeto alguno.<\/p>\n\n\n\n<p>.<\/p>\n\n\n\n<p>Esta <strong><mark style=\"background-color:#94ebcb\" class=\"has-inline-color\">RESOLUCI\u00d3N<\/mark> <\/strong>es de <strong>aplicaci\u00f3n <mark style=\"background-color:rgba(0, 0, 0, 0);color:#990404\" class=\"has-inline-color\">OBLIGATORIA<\/mark> <\/strong>en todo el pa\u00eds a partir de esta semana.<\/p>\n\n\n\n<p><strong><mark style=\"background-color:rgba(0, 0, 0, 0);color:#05774d\" class=\"has-inline-color\">Jurisprudencia COM\u00daN-ADMINISTRATIVA<\/mark><\/strong><\/p>\n\n\n\n<p>.<\/p>\n\n\n\n<p class=\"wp-embed-aspect-16-9 wp-has-aspect-ratio\">Si estas en el <strong><mark style=\"background-color:rgba(0, 0, 0, 0)\" class=\"has-inline-color has-vivid-red-color\">Extranjero <\/mark><\/strong>nosotros somos tu <strong><mark style=\"background-color:rgba(0, 0, 0, 0)\" class=\"has-inline-color has-vivid-green-cyan-color\">mejor<\/mark><\/strong> alternativa para <strong><mark style=\"background-color:rgba(0, 0, 0, 0)\" class=\"has-inline-color has-luminous-vivid-orange-color\">velar<\/mark><\/strong> por tus <strong><mark style=\"background-color:rgba(0, 0, 0, 0)\" class=\"has-inline-color has-vivid-cyan-blue-color\">intereses<\/mark><\/strong>, escr\u00edbenos o ll\u00e1manos al Tel <strong>55581-11311<\/strong>.<\/p>\n\n\n\n<p>.<\/p>\n\n\n\n<p>Cuando<strong> necesites<\/strong> ayuda, <strong>asistencia<\/strong> o <strong>planeaci\u00f3n<\/strong> legal, <strong>solicita<\/strong> <strong>Cita Privada<\/strong> <a rel=\"noreferrer noopener\" href=\"mailto:bi@sm99.mx\" target=\"_blank\"><strong>Aqu\u00ed<\/strong><\/a><\/p>\n\n\n\n<p>La informaci\u00f3n que AQU\u00cd te presentamos <strong>deriva<\/strong> de los <strong>Peri\u00f3dicos Oficiales <\/strong>de la<strong> CdMx<\/strong>, <strong>Estado<\/strong> de Mex., Diario <strong>Oficial<\/strong> de la Federaci\u00f3n, Suprema Corte de<strong> Justicia<\/strong> de la Naci\u00f3n, por lo tanto es de <strong>aplicaci\u00f3n OBLIGATORIA<\/strong><\/p>\n\n\n\n<p>La <strong>informaci\u00f3n<\/strong> de hoy procede de la Gaceta de la Suprema Corte de Justicia<\/p>\n\n\n\n<p><strong><mark style=\"background-color:rgba(0, 0, 0, 0)\" class=\"has-inline-color has-luminous-vivid-orange-color\">AY\u00daDANOS<\/mark><\/strong> para que m\u00e1s personas conozcan esta informaci\u00f3n, <strong>Comp\u00e1rtelo<\/strong> en tus redes sociales.<\/p>\n","protected":false},"excerpt":{"rendered":"<p>Views: 37 . . Este ANTECEDENTE: Luego de que Tribunales Colegiados contendientes llegaron a criterios diferentes despu\u00e9s de analizar Si debe exigirse garantizar el inter\u00e9s fiscal derivado de una multa de tr\u00e1nsito, como requisito para poder conceder el Amparo de suspensi\u00f3n -provisional o definitiva- CONTRA la retenci\u00f3n de la licencia de conducir o la placa, [&hellip;]<\/p>\n","protected":false},"author":3,"featured_media":29057,"comment_status":"closed","ping_status":"open","sticky":false,"template":"","format":"standard","meta":{"_jetpack_memberships_contains_paid_content":false,"footnotes":""},"categories":[4],"tags":[],"jetpack_sharing_enabled":true,"jetpack_featured_media_url":"http:\/\/www.salgadonoticias.com\/wp-content\/uploads\/2024\/08\/licencia.jpg","_links":{"self":[{"href":"http:\/\/www.salgadonoticias.com\/index.php?rest_route=\/wp\/v2\/posts\/29055"}],"collection":[{"href":"http:\/\/www.salgadonoticias.com\/index.php?rest_route=\/wp\/v2\/posts"}],"about":[{"href":"http:\/\/www.salgadonoticias.com\/index.php?rest_route=\/wp\/v2\/types\/post"}],"author":[{"embeddable":true,"href":"http:\/\/www.salgadonoticias.com\/index.php?rest_route=\/wp\/v2\/users\/3"}],"replies":[{"embeddable":true,"href":"http:\/\/www.salgadonoticias.com\/index.php?rest_route=%2Fwp%2Fv2%2Fcomments&post=29055"}],"version-history":[{"count":6,"href":"http:\/\/www.salgadonoticias.com\/index.php?rest_route=\/wp\/v2\/posts\/29055\/revisions"}],"predecessor-version":[{"id":29093,"href":"http:\/\/www.salgadonoticias.com\/index.php?rest_route=\/wp\/v2\/posts\/29055\/revisions\/29093"}],"wp:featuredmedia":[{"embeddable":true,"href":"http:\/\/www.salgadonoticias.com\/index.php?rest_route=\/wp\/v2\/media\/29057"}],"wp:attachment":[{"href":"http:\/\/www.salgadonoticias.com\/index.php?rest_route=%2Fwp%2Fv2%2Fmedia&parent=29055"}],"wp:term":[{"taxonomy":"category","embeddable":true,"href":"http:\/\/www.salgadonoticias.com\/index.php?rest_route=%2Fwp%2Fv2%2Fcategories&post=29055"},{"taxonomy":"post_tag","embeddable":true,"href":"http:\/\/www.salgadonoticias.com\/index.php?rest_route=%2Fwp%2Fv2%2Ftags&post=29055"}],"curies":[{"name":"wp","href":"https:\/\/api.w.org\/{rel}","templated":true}]}}