{"id":29066,"date":"2024-08-06T01:17:00","date_gmt":"2024-08-06T06:17:00","guid":{"rendered":"https:\/\/www.salgadonoticias.com\/?p=29066"},"modified":"2024-08-07T19:37:23","modified_gmt":"2024-08-08T00:37:23","slug":"autoridades-obligadas-a-verificar-la-capacidad-tecnica-de-la-defensa-del-trabajador","status":"publish","type":"post","link":"http:\/\/www.salgadonoticias.com\/?p=29066","title":{"rendered":"Autoridades OBLIGADAS a Verificar Capacidad T\u00c9CNICA de la DEFENSA del Trabajador\u2026!!!"},"content":{"rendered":"<p>Views: 9<\/p>\n<p>.<\/p>\n\n\n\n<figure class=\"wp-block-embed is-type-video is-provider-youtube wp-block-embed-youtube wp-embed-aspect-16-9 wp-has-aspect-ratio\"><div class=\"wp-block-embed__wrapper\">\n<iframe loading=\"lazy\" title=\"Tribunales UNITARIOS AGRARIOS, COMPETENTES para Resolver sobre NULIDAD  de \u00c1REAS Naturales\" width=\"640\" height=\"360\" src=\"https:\/\/www.youtube.com\/embed\/EF1QTvERfOM?feature=oembed\" frameborder=\"0\" allow=\"accelerometer; autoplay; clipboard-write; encrypted-media; gyroscope; picture-in-picture; web-share\" referrerpolicy=\"strict-origin-when-cross-origin\" allowfullscreen><\/iframe>\n<\/div><\/figure>\n\n\n\n<p>.<\/p>\n\n\n\n<p>Este <strong>ANTECEDENTE:<\/strong><\/p>\n\n\n\n<p><strong>Surge <\/strong>despu\u00e9s de que una <strong>trabajadora present\u00f3 una demanda laboral<\/strong> a trav\u00e9s de sus apoderados legales, posteriormente se <strong><mark style=\"background-color:#c3e0f2\" class=\"has-inline-color\">hizo un escrito aclaratorio<\/mark><\/strong> de demanda la cual fue <strong><mark style=\"background-color:#9acff0\" class=\"has-inline-color\">firmada por un pasante en derecho<\/mark><\/strong>, y en las siguientes etapas del procedimiento, <mark style=\"background-color:#ff6900\" class=\"has-inline-color\">tanto la actora como sus apoderados<\/mark> <strong><mark style=\"background-color:#fcb900\" class=\"has-inline-color\">estuvieron ausentes<\/mark><\/strong>, por lo que el juicio se concluy\u00f3 con una sentencia absolutoria.<\/p>\n\n\n\n<p>.<\/p>\n\n\n\n<p>Ante lo anterior la<mark style=\"background-color:rgba(0, 0, 0, 0);color:#160399\" class=\"has-inline-color\"> <strong>Suprema Corte de Justicia<\/strong><\/mark><strong> <\/strong>a trav\u00e9s de su Tribunal Colegiado de Circuito <strong><mark style=\"background-color:rgba(0, 0, 0, 0);color:#850101\" class=\"has-inline-color\">DETERMIN\u00d3<\/mark><\/strong> que la Autoridad <mark style=\"background-color:#8af438\" class=\"has-inline-color\"><strong>DEBE verificar<\/strong> <em><u>si el abogado, licenciado en derecho o pasante<\/u><\/em>, <strong>CUMPLE<\/strong> con un <strong><u>est\u00e1ndar m\u00ednimo<\/u><\/strong> de diligencia en el <strong><u>cumplimiento de sus funciones<\/u><\/strong>, <\/mark>para tener por demostrada su capacidad t\u00e9cnica <mark style=\"background-color:#f6abbe\" class=\"has-inline-color\"><strong>para defender a la persona trabajadora<\/strong>.<\/mark><\/p>\n\n\n\n<p>.<\/p>\n\n\n\n<p>La justificaci\u00f3n de la <strong><mark style=\"background-color:rgba(0, 0, 0, 0);color:#03058a\" class=\"has-inline-color\">SCJN<\/mark> <\/strong>es que la <mark style=\"background-color:#f8ca4c\" class=\"has-inline-color\"><strong>defensa adecuada en materia laboral<\/strong><\/mark><mark style=\"background-color:#ffffff\" class=\"has-inline-color\">, en t\u00e9rminos de los art\u00edculos 530, fracc. I y 692, fracc. II, de la Ley del Trabajo, en su <strong>texto anterior<\/strong> a la reforma del 1 de mayo de 2019, en relaci\u00f3n con los diversos 8, numeral 2, incisos d) y e), de la <strong>Convenci\u00f3n Americana sobre Derechos Humanos<\/strong> y 14, numeral 3, inciso d), del <\/mark><strong><mark style=\"background-color:#ffffff\" class=\"has-inline-color has-vivid-red-color\">Pacto Internacional de Derechos Civiles<\/mark><\/strong><mark style=\"background-color:#ffffff\" class=\"has-inline-color\"> y Pol\u00edticos, constituye un <\/mark><mark style=\"background-color:#f8ca4c\" class=\"has-inline-color\"><strong>derecho humano que<\/strong> <strong>debe garantizarse y protegerse por la autoridad laboral<\/strong><\/mark>; esta tutela no debe ser simplemente formal y debe <mark style=\"background-color:#b3edd6\" class=\"has-inline-color\"><strong>verificarse <\/strong>que el trabajador CUENTE con un <strong>defensor o pasante con c\u00e9dula profesional o constancia<\/strong> debidamente expedida por autoridad competente, sino que debe <strong>analizarse<\/strong> desde su vertiente material, es decir, en <strong>cada caso particular<\/strong><\/mark>.<\/p>\n\n\n\n<p>.<\/p>\n\n\n\n<p>Esta <strong><mark style=\"background-color:#f6e4b2\" class=\"has-inline-color\">RESOLUCI\u00d3N<\/mark> <\/strong>est\u00e1 <strong>disponible <\/strong>para quien la <strong><mark style=\"background-color:rgba(0, 0, 0, 0);color:#b10101\" class=\"has-inline-color\">haga VALER.<\/mark><\/strong><\/p>\n\n\n\n<p><strong><mark style=\"background-color:rgba(0, 0, 0, 0);color:#d15904\" class=\"has-inline-color\">Tesis LABORAL<\/mark><\/strong><\/p>\n\n\n\n<p>.<\/p>\n\n\n\n<p class=\"wp-embed-aspect-16-9 wp-has-aspect-ratio\">Si estas en el <strong><mark style=\"background-color:rgba(0, 0, 0, 0)\" class=\"has-inline-color has-vivid-red-color\">Extranjero <\/mark><\/strong>nosotros somos tu <strong><mark style=\"background-color:rgba(0, 0, 0, 0)\" class=\"has-inline-color has-vivid-green-cyan-color\">mejor<\/mark><\/strong> alternativa para <strong><mark style=\"background-color:rgba(0, 0, 0, 0)\" class=\"has-inline-color has-luminous-vivid-orange-color\">velar<\/mark><\/strong> por tus <strong><mark style=\"background-color:rgba(0, 0, 0, 0)\" class=\"has-inline-color has-vivid-cyan-blue-color\">intereses<\/mark><\/strong>, escr\u00edbenos o ll\u00e1manos al Tel <strong>55581-11311<\/strong>.<\/p>\n\n\n\n<p>.<\/p>\n\n\n\n<p>Cuando<strong> necesites<\/strong> ayuda, <strong>asistencia<\/strong> o <strong>planeaci\u00f3n<\/strong> legal, <strong>solicita<\/strong> <strong>Cita Privada<\/strong> <a rel=\"noreferrer noopener\" href=\"mailto:bi@sm99.mx\" target=\"_blank\"><strong>Aqu\u00ed<\/strong><\/a><\/p>\n\n\n\n<p>La informaci\u00f3n que AQU\u00cd te presentamos <strong>deriva<\/strong> de los <strong>Peri\u00f3dicos Oficiales <\/strong>de la<strong> CdMx<\/strong>, <strong>Estado<\/strong> de Mex., Diario <strong>Oficial<\/strong> de la Federaci\u00f3n, Suprema Corte de<strong> Justicia<\/strong> de la Naci\u00f3n, por lo tanto es de <strong>aplicaci\u00f3n OBLIGATORIA<\/strong><\/p>\n\n\n\n<p>La <strong>informaci\u00f3n<\/strong> de hoy procede de la Gaceta de la Suprema Corte de Justicia<\/p>\n\n\n\n<p><strong><mark style=\"background-color:rgba(0, 0, 0, 0)\" class=\"has-inline-color has-luminous-vivid-orange-color\">AY\u00daDANOS<\/mark><\/strong> para que m\u00e1s personas conozcan esta informaci\u00f3n, <strong>Comp\u00e1rtelo<\/strong> en tus redes sociales.<\/p>\n","protected":false},"excerpt":{"rendered":"<p>Views: 9 . . Este ANTECEDENTE: Surge despu\u00e9s de que una trabajadora present\u00f3 una demanda laboral a trav\u00e9s de sus apoderados legales, posteriormente se hizo un escrito aclaratorio de demanda la cual fue firmada por un pasante en derecho, y en las siguientes etapas del procedimiento, tanto la actora como sus apoderados estuvieron ausentes, por [&hellip;]<\/p>\n","protected":false},"author":3,"featured_media":29068,"comment_status":"closed","ping_status":"open","sticky":false,"template":"","format":"standard","meta":{"_jetpack_memberships_contains_paid_content":false,"footnotes":""},"categories":[4],"tags":[],"jetpack_sharing_enabled":true,"jetpack_featured_media_url":"http:\/\/www.salgadonoticias.com\/wp-content\/uploads\/2024\/08\/OTRO.jpg","_links":{"self":[{"href":"http:\/\/www.salgadonoticias.com\/index.php?rest_route=\/wp\/v2\/posts\/29066"}],"collection":[{"href":"http:\/\/www.salgadonoticias.com\/index.php?rest_route=\/wp\/v2\/posts"}],"about":[{"href":"http:\/\/www.salgadonoticias.com\/index.php?rest_route=\/wp\/v2\/types\/post"}],"author":[{"embeddable":true,"href":"http:\/\/www.salgadonoticias.com\/index.php?rest_route=\/wp\/v2\/users\/3"}],"replies":[{"embeddable":true,"href":"http:\/\/www.salgadonoticias.com\/index.php?rest_route=%2Fwp%2Fv2%2Fcomments&post=29066"}],"version-history":[{"count":8,"href":"http:\/\/www.salgadonoticias.com\/index.php?rest_route=\/wp\/v2\/posts\/29066\/revisions"}],"predecessor-version":[{"id":29149,"href":"http:\/\/www.salgadonoticias.com\/index.php?rest_route=\/wp\/v2\/posts\/29066\/revisions\/29149"}],"wp:featuredmedia":[{"embeddable":true,"href":"http:\/\/www.salgadonoticias.com\/index.php?rest_route=\/wp\/v2\/media\/29068"}],"wp:attachment":[{"href":"http:\/\/www.salgadonoticias.com\/index.php?rest_route=%2Fwp%2Fv2%2Fmedia&parent=29066"}],"wp:term":[{"taxonomy":"category","embeddable":true,"href":"http:\/\/www.salgadonoticias.com\/index.php?rest_route=%2Fwp%2Fv2%2Fcategories&post=29066"},{"taxonomy":"post_tag","embeddable":true,"href":"http:\/\/www.salgadonoticias.com\/index.php?rest_route=%2Fwp%2Fv2%2Ftags&post=29066"}],"curies":[{"name":"wp","href":"https:\/\/api.w.org\/{rel}","templated":true}]}}