{"id":29086,"date":"2024-08-11T01:00:00","date_gmt":"2024-08-11T06:00:00","guid":{"rendered":"https:\/\/www.salgadonoticias.com\/?p=29086"},"modified":"2024-08-05T19:22:20","modified_gmt":"2024-08-06T00:22:20","slug":"29086","status":"publish","type":"post","link":"http:\/\/www.salgadonoticias.com\/?p=29086","title":{"rendered":"Nuevo domicilio de la Comisi\u00f3n de Ayuda a Refugiados&#8230;!!!"},"content":{"rendered":"<p>Views: 6<\/p>\n<p>.<\/p>\n\n\n\n<p>Este es el <strong><mark style=\"background-color:#67edbc\" class=\"has-inline-color\">NUEVO<\/mark><\/strong> domicilio de la <strong><mark style=\"background-color:rgba(0, 0, 0, 0);color:#980303\" class=\"has-inline-color\">oficina CENTRAL de la Coordinaci\u00f3n General de la Comisi\u00f3n Mexicana de Ayuda a Refugiados,<\/mark><\/strong> ubicado en: <mark style=\"background-color:#b0f463\" class=\"has-inline-color\"><strong>Calle 10<\/strong>, n\u00famero <strong>167<\/strong>, colonia <strong>Granjas San Antonio<\/strong>, C.P. <strong>09070<\/strong>, Alcald\u00eda <strong>Iztapalapa<\/strong> en la <strong>CdMx<\/strong><\/mark>. con un <mark style=\"background-color:#ffffff;color:#140484\" class=\"has-inline-color\"><strong>horario<\/strong> <\/mark><mark style=\"background-color:#ffffff\" class=\"has-inline-color has-black-color\">de<\/mark><mark style=\"background-color:#ffffff;color:#140484\" class=\"has-inline-color\"> <strong>atenci\u00f3n<\/strong> <strong>9:00 a 18:00<\/strong><\/mark><mark style=\"background-color:#ffffff\" class=\"has-inline-color has-black-color\"> horas de<\/mark><mark style=\"background-color:#ffffff;color:#140484\" class=\"has-inline-color\"> <strong>lunes a jueves<\/strong> <\/mark><mark style=\"background-color:#ffffff\" class=\"has-inline-color has-black-color\">y el<\/mark><mark style=\"background-color:#ffffff;color:#140484\" class=\"has-inline-color\"> <strong>viernes de 9:00 a 15:00 hrs.<\/strong><\/mark><\/p>\n\n\n\n<p>.<\/p>\n\n\n\n<p><\/p>\n\n\n\n<p>.<\/p>\n\n\n\n<p>Por lo que <strong>a partir de esta semana<\/strong> todo lo relacionado con lo que son: <strong><mark style=\"background-color:#f27d2a\" class=\"has-inline-color\">notificaciones, oficios, acuerdos, tr\u00e1mites, citatorio<\/mark><\/strong>s, as\u00ed como cualquier otra diligencia relacionada ante esta Oficina se <strong>DEBER\u00c1<\/strong> <mark style=\"background-color:rgba(0, 0, 0, 0);color:#950863\" class=\"has-inline-color\"><strong>tramitar en el domicilio arriba especificado<\/strong>.<\/mark><\/p>\n\n\n\n<p>.<\/p>\n\n\n\n<p>.<\/p>\n\n\n\n<p class=\"wp-embed-aspect-16-9 wp-has-aspect-ratio\">Si estas en el <strong><mark style=\"background-color:rgba(0, 0, 0, 0)\" class=\"has-inline-color has-vivid-red-color\">Extranjero <\/mark><\/strong>nosotros somos tu <strong><mark style=\"background-color:rgba(0, 0, 0, 0)\" class=\"has-inline-color has-vivid-green-cyan-color\">mejor<\/mark><\/strong> alternativa para <strong><mark style=\"background-color:rgba(0, 0, 0, 0)\" class=\"has-inline-color has-luminous-vivid-orange-color\">velar<\/mark><\/strong> por tus <strong><mark style=\"background-color:rgba(0, 0, 0, 0)\" class=\"has-inline-color has-vivid-cyan-blue-color\">intereses<\/mark><\/strong>, escr\u00edbenos o ll\u00e1manos al Tel <strong>55581-11311<\/strong>.<\/p>\n\n\n\n<p>.<\/p>\n\n\n\n<p>Cuando<strong> necesites<\/strong> ayuda, <strong>asistencia<\/strong> o <strong>planeaci\u00f3n<\/strong> legal, <strong>solicita<\/strong> <strong>Cita Privada<\/strong> <a rel=\"noreferrer noopener\" href=\"mailto:bi@sm99.mx\" target=\"_blank\"><strong>Aqu\u00ed<\/strong><\/a><\/p>\n\n\n\n<p>La informaci\u00f3n que AQU\u00cd te presentamos <strong>deriva<\/strong> de los <strong>Peri\u00f3dicos Oficiales <\/strong>de la<strong> CdMx<\/strong>, <strong>Estado<\/strong> de Mex., Diario <strong>Oficial<\/strong> de la Federaci\u00f3n, Suprema Corte de<strong> Justicia<\/strong> de la Naci\u00f3n, por lo tanto es de <strong>aplicaci\u00f3n OBLIGATORIA<\/strong><\/p>\n\n\n\n<p>La <strong>informaci\u00f3n<\/strong> de hoy procede del Diario Oficial<\/p>\n\n\n\n<p><strong><mark style=\"background-color:rgba(0, 0, 0, 0)\" class=\"has-inline-color has-luminous-vivid-orange-color\">AY\u00daDANOS<\/mark><\/strong> para que m\u00e1s personas conozcan esta informaci\u00f3n, <strong>Comp\u00e1rtelo<\/strong> en tus redes sociales.<\/p>\n","protected":false},"excerpt":{"rendered":"<p>Views: 6 . Este es el NUEVO domicilio de la oficina CENTRAL de la Coordinaci\u00f3n General de la Comisi\u00f3n Mexicana de Ayuda a Refugiados, ubicado en: Calle 10, n\u00famero 167, colonia Granjas San Antonio, C.P. 09070, Alcald\u00eda Iztapalapa en la CdMx. con un horario de atenci\u00f3n 9:00 a 18:00 horas de lunes a jueves y [&hellip;]<\/p>\n","protected":false},"author":3,"featured_media":29097,"comment_status":"closed","ping_status":"open","sticky":false,"template":"","format":"standard","meta":{"_jetpack_memberships_contains_paid_content":false,"footnotes":""},"categories":[4],"tags":[],"jetpack_sharing_enabled":true,"jetpack_featured_media_url":"http:\/\/www.salgadonoticias.com\/wp-content\/uploads\/2024\/08\/EDIFICIO.webp","_links":{"self":[{"href":"http:\/\/www.salgadonoticias.com\/index.php?rest_route=\/wp\/v2\/posts\/29086"}],"collection":[{"href":"http:\/\/www.salgadonoticias.com\/index.php?rest_route=\/wp\/v2\/posts"}],"about":[{"href":"http:\/\/www.salgadonoticias.com\/index.php?rest_route=\/wp\/v2\/types\/post"}],"author":[{"embeddable":true,"href":"http:\/\/www.salgadonoticias.com\/index.php?rest_route=\/wp\/v2\/users\/3"}],"replies":[{"embeddable":true,"href":"http:\/\/www.salgadonoticias.com\/index.php?rest_route=%2Fwp%2Fv2%2Fcomments&post=29086"}],"version-history":[{"count":6,"href":"http:\/\/www.salgadonoticias.com\/index.php?rest_route=\/wp\/v2\/posts\/29086\/revisions"}],"predecessor-version":[{"id":29099,"href":"http:\/\/www.salgadonoticias.com\/index.php?rest_route=\/wp\/v2\/posts\/29086\/revisions\/29099"}],"wp:featuredmedia":[{"embeddable":true,"href":"http:\/\/www.salgadonoticias.com\/index.php?rest_route=\/wp\/v2\/media\/29097"}],"wp:attachment":[{"href":"http:\/\/www.salgadonoticias.com\/index.php?rest_route=%2Fwp%2Fv2%2Fmedia&parent=29086"}],"wp:term":[{"taxonomy":"category","embeddable":true,"href":"http:\/\/www.salgadonoticias.com\/index.php?rest_route=%2Fwp%2Fv2%2Fcategories&post=29086"},{"taxonomy":"post_tag","embeddable":true,"href":"http:\/\/www.salgadonoticias.com\/index.php?rest_route=%2Fwp%2Fv2%2Ftags&post=29086"}],"curies":[{"name":"wp","href":"https:\/\/api.w.org\/{rel}","templated":true}]}}