{"id":29100,"date":"2024-08-07T00:27:00","date_gmt":"2024-08-07T05:27:00","guid":{"rendered":"https:\/\/www.salgadonoticias.com\/?p=29100"},"modified":"2024-08-07T19:39:18","modified_gmt":"2024-08-08T00:39:18","slug":"29100","status":"publish","type":"post","link":"http:\/\/www.salgadonoticias.com\/?p=29100","title":{"rendered":"Tribunales UNITARIOS AGRARIOS, COMPETENTES para Resolver sobre NULIDAD de \u00c1REAS Naturales Protegidas\u2026!!!"},"content":{"rendered":"<p>Views: 12<\/p>\n<p>.<\/p>\n\n\n\n<figure class=\"wp-block-embed is-type-video is-provider-youtube wp-block-embed-youtube wp-embed-aspect-16-9 wp-has-aspect-ratio\"><div class=\"wp-block-embed__wrapper\">\n<iframe loading=\"lazy\" title=\"Tribunales UNITARIOS AGRARIOS, COMPETENTES para Resolver sobre NULIDAD  de \u00c1REAS Naturales\" width=\"640\" height=\"360\" src=\"https:\/\/www.youtube.com\/embed\/EF1QTvERfOM?feature=oembed\" frameborder=\"0\" allow=\"accelerometer; autoplay; clipboard-write; encrypted-media; gyroscope; picture-in-picture; web-share\" referrerpolicy=\"strict-origin-when-cross-origin\" allowfullscreen><\/iframe>\n<\/div><\/figure>\n\n\n\n<p>.<\/p>\n\n\n\n<p>Este <strong>ANTECEDENTE:<\/strong><\/p>\n\n\n\n<p><strong>Surge <\/strong>luego de que<strong> Tribunales<\/strong> Colegiados de Circuito contendientes <mark style=\"background-color:rgba(0, 0, 0, 0);color:#a84b08\" class=\"has-inline-color\"><strong>manifestaron criterios <\/strong><\/mark><strong><mark style=\"background-color:#cf2e2e\" class=\"has-inline-color has-white-color\">diferentes<\/mark><\/strong><mark style=\"background-color:rgba(0, 0, 0, 0);color:#a84b08\" class=\"has-inline-color\"> <\/mark>al analizar si un <strong><mark style=\"background-color:#cbe4fa\" class=\"has-inline-color\">Tribunal Unitario Agrario tiene la competencia para conocer de la nulidad promovida por un ejidatario contra el Decreto <\/mark><\/strong>del 22 de marzo de 2022 en el que<strong><mark style=\"background-color:#ff6900\" class=\"has-inline-color\"> se declara \u00e1rea natural protegida <\/mark><\/strong>la zona conocida como Lago de Texcoco, en los municipios de Texcoco, Atenco, Chimalhuac\u00e1n, Ecatepec y Nezahualc\u00f3yotl todos del EdoMex.<\/p>\n\n\n\n<p>Mientras que <strong>uno<\/strong> consider\u00f3 que <strong><mark style=\"background-color:#fcb900\" class=\"has-inline-color\">s\u00ed tiene esa competencia<\/mark><\/strong>, esto porque el demandante pretende que no se alteren sus derechos <strong><mark style=\"background-color:rgba(0, 0, 0, 0)\" class=\"has-inline-color has-vivid-red-color\">sobre la privaci\u00f3n de la superficie que defend\u00eda<\/mark><\/strong>; el <strong>otro<\/strong> concluy\u00f3 lo contrario, debido a que <strong>no existe una hip\u00f3tesis expresa en la Ley Org\u00e1nica de los Tribunales Agrarios para conocer de juicios contra decretos y acuerdos de car\u00e1cter general<\/strong>.<\/p>\n\n\n\n<p>.<\/p>\n\n\n\n<p>La <strong><mark style=\"background-color:rgba(0, 0, 0, 0);color:#030a98\" class=\"has-inline-color\">Suprema Corte de Justica<\/mark> <\/strong>ante lo anterior <strong><mark style=\"background-color:rgba(0, 0, 0, 0);color:#9b0202\" class=\"has-inline-color\">DETERMIN\u00d3<\/mark> <\/strong>que los <strong><mark style=\"background-color:#56edb6\" class=\"has-inline-color\">Tribunales Unitarios Agrarios<\/mark> <\/strong>tienen <mark style=\"background-color:rgba(0, 0, 0, 0);color:#8f0202\" class=\"has-inline-color\"><strong>FACULTADES<\/strong> <\/mark><mark style=\"background-color:rgba(0, 0, 0, 0)\" class=\"has-inline-color has-black-color\">y son<\/mark><mark style=\"background-color:rgba(0, 0, 0, 0);color:#8f0202\" class=\"has-inline-color\"> <strong>COMPETENTES<\/strong><\/mark> para <mark style=\"background-color:#f6fa48\" class=\"has-inline-color\"><strong>conocer<\/strong> de la <strong>Nulidad <\/strong>que <strong>promuevan<\/strong> los <strong>ejidatarios<\/strong> contra un Decreto en el que se <strong>declaren sus tierras como \u00e1rea natural protegida.<\/strong><\/mark><\/p>\n\n\n\n<p>.<\/p>\n\n\n\n<p>La justificaci\u00f3n de la <mark style=\"background-color:rgba(0, 0, 0, 0);color:#05027d\" class=\"has-inline-color\"><strong>SCJN<\/strong> <\/mark>es que, el <mark style=\"background-color:#deebf7\" class=\"has-inline-color\"><strong>presidente <\/strong>de <strong>emiti\u00f3<\/strong> el un <strong>decreto<\/strong><\/mark> mediante el cual se <mark style=\"background-color:rgba(0, 0, 0, 0);color:#980245\" class=\"has-inline-color\"><strong>imponen limitaciones<\/strong>, cambios, modificaciones y\/o <strong>restricciones definitivas<\/strong> en las actividades y en la forma en que <strong>pueden usarse los predios localizados dentro del \u00e1rea natural protegida<\/strong>.<\/mark><\/p>\n\n\n\n<p>Por lo que, los <mark style=\"background-color:rgba(0, 0, 0, 0);color:#058918\" class=\"has-inline-color\"><strong>Tribunales Agrarios<\/strong><\/mark><mark style=\"background-color:rgba(0, 0, 0, 0)\" class=\"has-inline-color has-black-color\"> son<\/mark> <mark style=\"background-color:rgba(0, 0, 0, 0);color:#058918\" class=\"has-inline-color\"><strong>COMPETENTES<\/strong><\/mark><mark style=\"background-color:rgba(0, 0, 0, 0)\" class=\"has-inline-color has-black-color\"> para<em> <\/em><\/mark><mark style=\"background-color:rgba(0, 0, 0, 0);color:#058918\" class=\"has-inline-color\"><em><strong>analizar la legalidad del decreto<\/strong>, pues conforme al art\u00edculo 163 de la<\/em> <strong>Ley Agraria<\/strong> <\/mark><mark style=\"background-color:rgba(0, 0, 0, 0)\" class=\"has-inline-color has-black-color\">en los <\/mark><mark style=\"background-color:rgba(0, 0, 0, 0);color:#058918\" class=\"has-inline-color\"><strong>juicios agrarios<\/strong> <\/mark><mark style=\"background-color:rgba(0, 0, 0, 0)\" class=\"has-inline-color has-black-color\">el objeto es<\/mark><mark style=\"background-color:rgba(0, 0, 0, 0);color:#058918\" class=\"has-inline-color\"> <strong>arreglar las controversias promovidas<\/strong> <\/mark><mark style=\"background-color:rgba(0, 0, 0, 0)\" class=\"has-inline-color has-black-color\">con<\/mark><mark style=\"background-color:rgba(0, 0, 0, 0);color:#058918\" class=\"has-inline-color\"> <strong>motivo de las disposiciones contenidas en esa ley<\/strong><\/mark>, mientras que acorde con el art\u00edculo 18, fracci\u00f3n IV, de la Ley Org\u00e1nica de los Tribunales Agrarios, dichos \u00f3rganos jurisdiccionales tienen competencia para conocer de los juicios de nulidad contra resoluciones dictadas por las autoridades agrarias que alteren, modifiquen o extingan un derecho o determinen la existencia de una obligaci\u00f3n.<\/p>\n\n\n\n<p>Por lo tanto, si en el <strong><mark style=\"background-color:#d0e7fa\" class=\"has-inline-color\">decreto<\/mark><\/strong> se citaron como fundamento de su emisi\u00f3n los<mark style=\"background-color:rgba(0, 0, 0, 0)\" class=\"has-inline-color has-vivid-red-color\"> <strong>art\u00edculos 5o. y 88 de la Ley Agraria<\/strong><\/mark>, los cuales se relacionan, entre otros aspectos, <strong><mark style=\"background-color:rgba(0, 0, 0, 0);color:#ac0404\" class=\"has-inline-color\">con la prohibici\u00f3n de urbanizar las tierras ejidales que se ubiquen en \u00e1reas naturales protegidas<\/mark><\/strong> y, adem\u00e1s, <mark style=\"background-color:rgba(0, 0, 0, 0);color:#bb0404\" class=\"has-inline-color\"><strong>son los ejidatarios y titulares de una parcela ejidal quienes alegan que se afectan sus derechos agrarios<\/strong>,<\/mark> esto demuestra que se <strong><mark style=\"background-color:#5df0b5\" class=\"has-inline-color\">TRATA de una controversia de naturaleza agraria<\/mark><\/strong>. &nbsp;Por lo cual, <mark style=\"background-color:#78f4c7\" class=\"has-inline-color\"><strong>armoniza<\/strong><\/mark><mark style=\"background-color:#ffffff\" class=\"has-inline-color\"> con la jurisdicci\u00f3n de los <\/mark><mark style=\"background-color:#78f4c7\" class=\"has-inline-color\"><strong>tribunales agrarios<\/strong><\/mark><mark style=\"background-color:#ffffff\" class=\"has-inline-color\"> y materializa el prop\u00f3sito del Poder Reformador de<\/mark><mark style=\"background-color:#78f4c7\" class=\"has-inline-color\"> <strong>contar con un tribunal federal especializado que salvaguarde los intereses de las clases campesinas<\/strong>.<\/mark><\/p>\n\n\n\n<p>.<\/p>\n\n\n\n<p>.<\/p>\n\n\n\n<p>Esta <strong><mark style=\"background-color:#d2b1f1\" class=\"has-inline-color\">RESOLUCI\u00d3N<\/mark><\/strong> es de <strong>aplicaci\u00f3n <mark style=\"background-color:rgba(0, 0, 0, 0);color:#950404\" class=\"has-inline-color\">OBLIGATORIA<\/mark> <\/strong>en todo el pa\u00eds a partir de esta semana<\/p>\n\n\n\n<p><strong><mark style=\"background-color:rgba(0, 0, 0, 0);color:#4a038c\" class=\"has-inline-color\">Jurisprudencia ADMINISTRATIVA.<\/mark><\/strong><\/p>\n\n\n\n<p>.<\/p>\n\n\n\n<p class=\"wp-embed-aspect-16-9 wp-has-aspect-ratio\">Si estas en el <strong><mark style=\"background-color:rgba(0, 0, 0, 0)\" class=\"has-inline-color has-vivid-red-color\">Extranjero <\/mark><\/strong>nosotros somos tu <strong><mark style=\"background-color:rgba(0, 0, 0, 0)\" class=\"has-inline-color has-vivid-green-cyan-color\">mejor<\/mark><\/strong> alternativa para <strong><mark style=\"background-color:rgba(0, 0, 0, 0)\" class=\"has-inline-color has-luminous-vivid-orange-color\">velar<\/mark><\/strong> por tus <strong><mark style=\"background-color:rgba(0, 0, 0, 0)\" class=\"has-inline-color has-vivid-cyan-blue-color\">intereses<\/mark><\/strong>, escr\u00edbenos o ll\u00e1manos al Tel <strong>55581-11311<\/strong>.<\/p>\n\n\n\n<p>.<\/p>\n\n\n\n<p>Cuando<strong> necesites<\/strong> ayuda, <strong>asistencia<\/strong> o <strong>planeaci\u00f3n<\/strong> legal, <strong>solicita<\/strong> <strong>Cita Privada<\/strong> <a rel=\"noreferrer noopener\" href=\"mailto:bi@sm99.mx\" target=\"_blank\"><strong>Aqu\u00ed<\/strong><\/a><\/p>\n\n\n\n<p>La informaci\u00f3n que AQU\u00cd te presentamos <strong>deriva<\/strong> de los <strong>Peri\u00f3dicos Oficiales <\/strong>de la<strong> CdMx<\/strong>, <strong>Estado<\/strong> de Mex., Diario <strong>Oficial<\/strong> de la Federaci\u00f3n, Suprema Corte de<strong> Justicia<\/strong> de la Naci\u00f3n, por lo tanto es de <strong>aplicaci\u00f3n OBLIGATORIA<\/strong><\/p>\n\n\n\n<p>La <strong>informaci\u00f3n<\/strong> de hoy procede de la Suprema Corte de Justicia<\/p>\n\n\n\n<p><strong><mark style=\"background-color:rgba(0, 0, 0, 0)\" class=\"has-inline-color has-luminous-vivid-orange-color\">AY\u00daDANOS<\/mark><\/strong> para que m\u00e1s personas conozcan esta informaci\u00f3n, <strong>Comp\u00e1rtelo<\/strong> en tus redes sociales.<\/p>\n","protected":false},"excerpt":{"rendered":"<p>Views: 12 . . Este ANTECEDENTE: Surge luego de que Tribunales Colegiados de Circuito contendientes manifestaron criterios diferentes al analizar si un Tribunal Unitario Agrario tiene la competencia para conocer de la nulidad promovida por un ejidatario contra el Decreto del 22 de marzo de 2022 en el que se declara \u00e1rea natural protegida la [&hellip;]<\/p>\n","protected":false},"author":3,"featured_media":29116,"comment_status":"closed","ping_status":"open","sticky":false,"template":"","format":"standard","meta":{"_jetpack_memberships_contains_paid_content":false,"footnotes":""},"categories":[4],"tags":[],"jetpack_sharing_enabled":true,"jetpack_featured_media_url":"http:\/\/www.salgadonoticias.com\/wp-content\/uploads\/2024\/08\/tribunal.jpg","_links":{"self":[{"href":"http:\/\/www.salgadonoticias.com\/index.php?rest_route=\/wp\/v2\/posts\/29100"}],"collection":[{"href":"http:\/\/www.salgadonoticias.com\/index.php?rest_route=\/wp\/v2\/posts"}],"about":[{"href":"http:\/\/www.salgadonoticias.com\/index.php?rest_route=\/wp\/v2\/types\/post"}],"author":[{"embeddable":true,"href":"http:\/\/www.salgadonoticias.com\/index.php?rest_route=\/wp\/v2\/users\/3"}],"replies":[{"embeddable":true,"href":"http:\/\/www.salgadonoticias.com\/index.php?rest_route=%2Fwp%2Fv2%2Fcomments&post=29100"}],"version-history":[{"count":6,"href":"http:\/\/www.salgadonoticias.com\/index.php?rest_route=\/wp\/v2\/posts\/29100\/revisions"}],"predecessor-version":[{"id":29151,"href":"http:\/\/www.salgadonoticias.com\/index.php?rest_route=\/wp\/v2\/posts\/29100\/revisions\/29151"}],"wp:featuredmedia":[{"embeddable":true,"href":"http:\/\/www.salgadonoticias.com\/index.php?rest_route=\/wp\/v2\/media\/29116"}],"wp:attachment":[{"href":"http:\/\/www.salgadonoticias.com\/index.php?rest_route=%2Fwp%2Fv2%2Fmedia&parent=29100"}],"wp:term":[{"taxonomy":"category","embeddable":true,"href":"http:\/\/www.salgadonoticias.com\/index.php?rest_route=%2Fwp%2Fv2%2Fcategories&post=29100"},{"taxonomy":"post_tag","embeddable":true,"href":"http:\/\/www.salgadonoticias.com\/index.php?rest_route=%2Fwp%2Fv2%2Ftags&post=29100"}],"curies":[{"name":"wp","href":"https:\/\/api.w.org\/{rel}","templated":true}]}}