{"id":29120,"date":"2024-08-08T01:31:00","date_gmt":"2024-08-08T06:31:00","guid":{"rendered":"https:\/\/www.salgadonoticias.com\/?p=29120"},"modified":"2024-08-09T20:27:00","modified_gmt":"2024-08-10T01:27:00","slug":"29120","status":"publish","type":"post","link":"http:\/\/www.salgadonoticias.com\/?p=29120","title":{"rendered":"Para presentar Amparo Deben EXCLUIRSE d\u00edas NO Laborados\u2026!!!"},"content":{"rendered":"<p>Views: 11<\/p>\n<p>.<\/p>\n\n\n\n<figure class=\"wp-block-embed is-type-video is-provider-youtube wp-block-embed-youtube wp-embed-aspect-16-9 wp-has-aspect-ratio\"><div class=\"wp-block-embed__wrapper\">\n<iframe loading=\"lazy\" title=\"Trabajadoras del Hogar...En Indemnizaci\u00f3n se deben Justificar Alimentos y Habitaci\u00f3n...\" width=\"640\" height=\"360\" src=\"https:\/\/www.youtube.com\/embed\/wpwvdd0FROs?feature=oembed\" frameborder=\"0\" allow=\"accelerometer; autoplay; clipboard-write; encrypted-media; gyroscope; picture-in-picture; web-share\" referrerpolicy=\"strict-origin-when-cross-origin\" allowfullscreen><\/iframe>\n<\/div><\/figure>\n\n\n\n<p>.<\/p>\n\n\n\n<p>Este <strong>ANTECEDENTE:<\/strong><\/p>\n\n\n\n<p><strong>Surge<\/strong> luego de que <strong><mark style=\"background-color:#ff6900\" class=\"has-inline-color\">se puso fin a un amparo indirecto promovido contra la resoluci\u00f3n que redujo la pensi\u00f3n alimenticia provisional decretada en favor de un menor de edad<\/mark><\/strong>, esto <strong><mark style=\"background-color:#fcb900\" class=\"has-inline-color\">por considerarse extempor\u00e1nea la demanda<\/mark><\/strong>, toda vez que las <strong>labores de los juzgados en materia familiar no se suspendieron para efectos del c\u00f3mputo del plazo<\/strong> correspondiente, esto porque se <strong>contaba con personal de guardia para el tr\u00e1mite de los asuntos<\/strong>.<\/p>\n\n\n\n<p>.<\/p>\n\n\n\n<p>Ante lo anterior la <strong><mark style=\"background-color:rgba(0, 0, 0, 0);color:#110494\" class=\"has-inline-color\">Suprema Corte de Justicia<\/mark> <\/strong>a trav\u00e9s de su Tribunal Colegiado de Circuito <mark style=\"background-color:rgba(0, 0, 0, 0);color:#890404\" class=\"has-inline-color\"><strong>DETERMIN\u00d3<\/strong> <\/mark>que, en el <mark style=\"background-color:#9af24e\" class=\"has-inline-color\"><strong>c\u00f3mputo del plazo<\/strong> para <strong>presenta<\/strong>r una demanda de <strong>Amparo<\/strong> indirecto<\/mark>, se le <mark style=\"background-color:rgba(0, 0, 0, 0);color:#9b0465\" class=\"has-inline-color\"><strong>DEBEN descontar<\/strong> los d\u00edas del <strong>periodo vacacional<\/strong> <\/mark>de la autoridad responsable en materia familiar, <mark style=\"background-color:#b7d6f1\" class=\"has-inline-color\"><strong>A\u00daN<\/strong> cuando se <strong>establezcan guardias<\/strong> para <strong>atender asuntos urgentes<\/strong><\/mark>.<\/p>\n\n\n\n<p>.<\/p>\n\n\n\n<p>La justificaci\u00f3n de la <strong><mark style=\"background-color:rgba(0, 0, 0, 0);color:#1c07af\" class=\"has-inline-color\">SCJN<\/mark><\/strong> es conforme a los <em><u>art\u00edculos 194 y 195 de la Ley N\u00famero 615 Org\u00e1nica del Poder Judici<\/u><\/em>al en este cado de Veracruz, las <mark style=\"background-color:#d4eaf8\" class=\"has-inline-color has-black-color\"><strong>labores de los juzgados en materia familiar NO se interrumpen durante el periodo vacacional<\/strong>, <strong>debiendo establecerse guardias de servicio para atender las diligencias que llegaren a presentarse<\/strong><\/mark>. Pero en el diverso 193 del propio ordenamiento tambi\u00e9n se <mark style=\"background-color:#c1dff9\" class=\"has-inline-color\"><strong>prev\u00e9<\/strong> que el <strong>personal de guardia atender\u00e1 asuntos urgentes<\/strong><\/mark>, entre otros, los referidos a demandas de amparo y los que entra\u00f1en cumplimiento de ejecutorias en la misma materia que ordenen la libertad de alguna persona, as\u00ed como los <strong>casos de alimentos<\/strong>, providencias precautorias, dep\u00f3sito de personas y libertad caucional.  Por tanto, cuando se presente una demanda de amparo ante un Juzgado de Distrito, <mark style=\"background-color:rgba(0, 0, 0, 0);color:#830303\" class=\"has-inline-color\"><strong>deben descontarse<\/strong> los <strong>d\u00edas en que suspendi\u00f3 labores la autoridad responsable en materia familiar<\/strong><\/mark>, porque debe salvaguardarse que la persona quejosa tenga acceso al expediente donde se emiti\u00f3 el acto de autoridad, y su consulta para preparar <strong><mark style=\"background-color:rgba(0, 0, 0, 0);color:#9b0707\" class=\"has-inline-color\">dicha demanda no se considera un asunto urgente<\/mark><\/strong>, pues esa calificaci\u00f3n requiere de un an\u00e1lisis cuidadoso, bajo los principios y postulados propios de una decisi\u00f3n jurisdiccional, a efecto de <strong><mark style=\"background-color:#f4b5c5\" class=\"has-inline-color\">NO vulnerar el principio de tutela judicial efectiva, que engloba el derecho de acceso a la jurisdicci\u00f3n<\/mark><\/strong> reconocido en el art\u00edculo 17 de la Constituci\u00f3n.<\/p>\n\n\n\n<p><\/p>\n\n\n\n<p>.<\/p>\n\n\n\n<p>Esta <strong><mark style=\"background-color:#a0ee88\" class=\"has-inline-color\">resoluci\u00f3n<\/mark> <\/strong>est\u00e1 <strong>disponible <\/strong>para quien la <strong><mark style=\"background-color:rgba(0, 0, 0, 0);color:#9c0101\" class=\"has-inline-color\">Haga Valer<\/mark><\/strong>.<\/p>\n\n\n\n<p><strong><mark style=\"background-color:rgba(0, 0, 0, 0);color:#03751c\" class=\"has-inline-color\">Tesis COM\u00daN<\/mark><\/strong><\/p>\n\n\n\n<p>.<\/p>\n\n\n\n<p class=\"wp-embed-aspect-16-9 wp-has-aspect-ratio\">Si estas en el <strong><mark style=\"background-color:rgba(0, 0, 0, 0)\" class=\"has-inline-color has-vivid-red-color\">Extranjero <\/mark><\/strong>nosotros somos tu <strong><mark style=\"background-color:rgba(0, 0, 0, 0)\" class=\"has-inline-color has-vivid-green-cyan-color\">mejor<\/mark><\/strong> alternativa para <strong><mark style=\"background-color:rgba(0, 0, 0, 0)\" class=\"has-inline-color has-luminous-vivid-orange-color\">velar<\/mark><\/strong> por tus <strong><mark style=\"background-color:rgba(0, 0, 0, 0)\" class=\"has-inline-color has-vivid-cyan-blue-color\">intereses<\/mark><\/strong>, escr\u00edbenos o ll\u00e1manos al Tel <strong>55581-11311<\/strong>.<\/p>\n\n\n\n<p>.<\/p>\n\n\n\n<p>Cuando<strong> necesites<\/strong> ayuda, <strong>asistencia<\/strong> o <strong>planeaci\u00f3n<\/strong> legal, <strong>solicita<\/strong> <strong>Cita Privada<\/strong> <a rel=\"noreferrer noopener\" href=\"mailto:bi@sm99.mx\" target=\"_blank\"><strong>Aqu\u00ed<\/strong><\/a><\/p>\n\n\n\n<p>La informaci\u00f3n que AQU\u00cd te presentamos <strong>deriva<\/strong> de los <strong>Peri\u00f3dicos Oficiales <\/strong>de la<strong> CdMx<\/strong>, <strong>Estado<\/strong> de Mex., Diario <strong>Oficial<\/strong> de la Federaci\u00f3n, Suprema Corte de<strong> Justicia<\/strong> de la Naci\u00f3n, por lo tanto es de <strong>aplicaci\u00f3n OBLIGATORIA<\/strong><\/p>\n\n\n\n<p>La <strong>informaci\u00f3n<\/strong> de hoy procede de <\/p>\n\n\n\n<p><strong><mark style=\"background-color:rgba(0, 0, 0, 0)\" class=\"has-inline-color has-luminous-vivid-orange-color\">AY\u00daDANOS<\/mark><\/strong> para que m\u00e1s personas conozcan esta informaci\u00f3n, <strong>Comp\u00e1rtelo<\/strong> en tus redes sociales.<\/p>\n","protected":false},"excerpt":{"rendered":"<p>Views: 11 . . Este ANTECEDENTE: Surge luego de que se puso fin a un amparo indirecto promovido contra la resoluci\u00f3n que redujo la pensi\u00f3n alimenticia provisional decretada en favor de un menor de edad, esto por considerarse extempor\u00e1nea la demanda, toda vez que las labores de los juzgados en materia familiar no se suspendieron [&hellip;]<\/p>\n","protected":false},"author":3,"featured_media":29128,"comment_status":"closed","ping_status":"open","sticky":false,"template":"","format":"standard","meta":{"_jetpack_memberships_contains_paid_content":false,"footnotes":""},"categories":[4],"tags":[],"jetpack_sharing_enabled":true,"jetpack_featured_media_url":"http:\/\/www.salgadonoticias.com\/wp-content\/uploads\/2024\/08\/computo.jpg","_links":{"self":[{"href":"http:\/\/www.salgadonoticias.com\/index.php?rest_route=\/wp\/v2\/posts\/29120"}],"collection":[{"href":"http:\/\/www.salgadonoticias.com\/index.php?rest_route=\/wp\/v2\/posts"}],"about":[{"href":"http:\/\/www.salgadonoticias.com\/index.php?rest_route=\/wp\/v2\/types\/post"}],"author":[{"embeddable":true,"href":"http:\/\/www.salgadonoticias.com\/index.php?rest_route=\/wp\/v2\/users\/3"}],"replies":[{"embeddable":true,"href":"http:\/\/www.salgadonoticias.com\/index.php?rest_route=%2Fwp%2Fv2%2Fcomments&post=29120"}],"version-history":[{"count":8,"href":"http:\/\/www.salgadonoticias.com\/index.php?rest_route=\/wp\/v2\/posts\/29120\/revisions"}],"predecessor-version":[{"id":29188,"href":"http:\/\/www.salgadonoticias.com\/index.php?rest_route=\/wp\/v2\/posts\/29120\/revisions\/29188"}],"wp:featuredmedia":[{"embeddable":true,"href":"http:\/\/www.salgadonoticias.com\/index.php?rest_route=\/wp\/v2\/media\/29128"}],"wp:attachment":[{"href":"http:\/\/www.salgadonoticias.com\/index.php?rest_route=%2Fwp%2Fv2%2Fmedia&parent=29120"}],"wp:term":[{"taxonomy":"category","embeddable":true,"href":"http:\/\/www.salgadonoticias.com\/index.php?rest_route=%2Fwp%2Fv2%2Fcategories&post=29120"},{"taxonomy":"post_tag","embeddable":true,"href":"http:\/\/www.salgadonoticias.com\/index.php?rest_route=%2Fwp%2Fv2%2Ftags&post=29120"}],"curies":[{"name":"wp","href":"https:\/\/api.w.org\/{rel}","templated":true}]}}