{"id":29131,"date":"2024-08-09T01:10:00","date_gmt":"2024-08-09T06:10:00","guid":{"rendered":"https:\/\/www.salgadonoticias.com\/?p=29131"},"modified":"2024-08-09T20:23:47","modified_gmt":"2024-08-10T01:23:47","slug":"29131","status":"publish","type":"post","link":"http:\/\/www.salgadonoticias.com\/?p=29131","title":{"rendered":"Trabajadoras del Hogar\u2026En Indemnizaci\u00f3n se deben justificar Alimentos y Habitaci\u00f3n\u2026!!!"},"content":{"rendered":"<p>Views: 7<\/p>\n<p>.<\/p>\n\n\n\n<figure class=\"wp-block-embed is-type-video is-provider-youtube wp-block-embed-youtube wp-embed-aspect-16-9 wp-has-aspect-ratio\"><div class=\"wp-block-embed__wrapper\">\n<iframe loading=\"lazy\" title=\"Trabajadoras del Hogar...En Indemnizaci\u00f3n se deben Justificar Alimentos y Habitaci\u00f3n...\" width=\"640\" height=\"360\" src=\"https:\/\/www.youtube.com\/embed\/wpwvdd0FROs?feature=oembed\" frameborder=\"0\" allow=\"accelerometer; autoplay; clipboard-write; encrypted-media; gyroscope; picture-in-picture; web-share\" referrerpolicy=\"strict-origin-when-cross-origin\" allowfullscreen><\/iframe>\n<\/div><\/figure>\n\n\n\n<p>.<\/p>\n\n\n\n<p>Este <strong>ANTECEDENTE<\/strong>:<\/p>\n\n\n\n<p><strong>Surge <\/strong>despu\u00e9s de que una trabajadora del Hogar demand\u00f3 (2017) la indemnizaci\u00f3n reglamentaria por <strong>despido injustificado<\/strong> y solicit\u00f3 que, para la cuantificaci\u00f3n, al salario base se <strong>integrara<\/strong> la retribuci\u00f3n del <strong>50 % por alimentos y habitaci\u00f3n<\/strong>, prevista en el art\u00edculo 334 de la Ley Federal del Trabajo, debido a que su jornada de trabajo era de las 9:00 a las 18:00 horas de lunes a viernes.<\/p>\n\n\n\n<p>. La <strong>Suprema Corte de Justicia<\/strong> a trav\u00e9s de su Tribunal Colegiado de Circuito,<mark style=\"background-color:rgba(0, 0, 0, 0);color:#7e0101\" class=\"has-inline-color\"> <\/mark><strong><mark style=\"background-color:rgba(0, 0, 0, 0);color:#9d0f05\" class=\"has-inline-color\">DETERMIN\u00d3<\/mark><\/strong> que se <strong>DEBE<\/strong> <mark style=\"background-color:#86f458\" class=\"has-inline-color\"><strong>Justificar y demostrar<\/strong> que se <strong>gener\u00f3 el derecho de alimentos y habitaci\u00f3n<\/strong> para <strong><u>poderlos<\/u> integrar al salario indemnizatorio<\/strong><\/mark> de las personas trabajadores del hogar. Ya que s\u00f3lo cuando por el tiempo y las condiciones en que se prestaba el servicio y si no habit\u00f3 en el domicilio, pero por el horario desarrollado s\u00ed se gener\u00f3 este derecho el cual ser\u00e1 \u00fanicamente al 25%.<\/p>\n\n\n\n<p>.<\/p>\n\n\n\n<p>.<\/p>\n\n\n\n<p>Esta <strong><mark style=\"background-color:#cda2f6\" class=\"has-inline-color\">resoluci\u00f3n <\/mark><\/strong>est\u00e1 <strong>disponible <\/strong>para quien la <strong><mark style=\"background-color:rgba(0, 0, 0, 0);color:#9c0101\" class=\"has-inline-color\">Haga Valer<\/mark><\/strong>.<\/p>\n\n\n\n<p><strong><mark style=\"background-color:rgba(0, 0, 0, 0);color:#74028f\" class=\"has-inline-color\">Tesis LABORAL<\/mark><\/strong><\/p>\n\n\n\n<p>.<\/p>\n\n\n\n<p class=\"wp-embed-aspect-16-9 wp-has-aspect-ratio\">Si estas en el <strong><mark style=\"background-color:rgba(0, 0, 0, 0)\" class=\"has-inline-color has-vivid-red-color\">Extranjero <\/mark><\/strong>nosotros somos tu <strong><mark style=\"background-color:rgba(0, 0, 0, 0)\" class=\"has-inline-color has-vivid-green-cyan-color\">mejor<\/mark><\/strong> alternativa para <strong><mark style=\"background-color:rgba(0, 0, 0, 0)\" class=\"has-inline-color has-luminous-vivid-orange-color\">velar<\/mark><\/strong> por tus <strong><mark style=\"background-color:rgba(0, 0, 0, 0)\" class=\"has-inline-color has-vivid-cyan-blue-color\">intereses<\/mark><\/strong>, escr\u00edbenos o ll\u00e1manos al Tel <strong>55581-11311<\/strong>.<\/p>\n\n\n\n<p>.<\/p>\n\n\n\n<p>Cuando<strong> necesites<\/strong> ayuda, <strong>asistencia<\/strong> o <strong>planeaci\u00f3n<\/strong> legal, <strong>solicita<\/strong> <strong>Cita Privada<\/strong> <a rel=\"noreferrer noopener\" href=\"mailto:bi@sm99.mx\" target=\"_blank\"><strong>Aqu\u00ed<\/strong><\/a><\/p>\n\n\n\n<p>La informaci\u00f3n que AQU\u00cd te presentamos <strong>deriva<\/strong> de los <strong>Peri\u00f3dicos Oficiales <\/strong>de la<strong> CdMx<\/strong>, <strong>Estado<\/strong> de Mex., Diario <strong>Oficial<\/strong> de la Federaci\u00f3n, Suprema Corte de<strong> Justicia<\/strong> de la Naci\u00f3n, por lo tanto es de <strong>aplicaci\u00f3n OBLIGATORIA<\/strong><\/p>\n\n\n\n<p>La <strong>informaci\u00f3n<\/strong> de hoy procede de la Suprema Corte de Justicia de la Naci\u00f3n.<\/p>\n\n\n\n<p><strong><mark style=\"background-color:rgba(0, 0, 0, 0)\" class=\"has-inline-color has-luminous-vivid-orange-color\">AY\u00daDANOS<\/mark><\/strong> para que m\u00e1s personas conozcan esta informaci\u00f3n, <strong>Comp\u00e1rtelo<\/strong> en tus redes sociales.<\/p>\n","protected":false},"excerpt":{"rendered":"<p>Views: 7 . . Este ANTECEDENTE: Surge despu\u00e9s de que una trabajadora del Hogar demand\u00f3 (2017) la indemnizaci\u00f3n reglamentaria por despido injustificado y solicit\u00f3 que, para la cuantificaci\u00f3n, al salario base se integrara la retribuci\u00f3n del 50 % por alimentos y habitaci\u00f3n, prevista en el art\u00edculo 334 de la Ley Federal del Trabajo, debido a [&hellip;]<\/p>\n","protected":false},"author":3,"featured_media":29135,"comment_status":"closed","ping_status":"open","sticky":false,"template":"","format":"standard","meta":{"_jetpack_memberships_contains_paid_content":false,"footnotes":""},"categories":[4],"tags":[],"jetpack_sharing_enabled":true,"jetpack_featured_media_url":"http:\/\/www.salgadonoticias.com\/wp-content\/uploads\/2024\/08\/LIQUIDACION.jpg","_links":{"self":[{"href":"http:\/\/www.salgadonoticias.com\/index.php?rest_route=\/wp\/v2\/posts\/29131"}],"collection":[{"href":"http:\/\/www.salgadonoticias.com\/index.php?rest_route=\/wp\/v2\/posts"}],"about":[{"href":"http:\/\/www.salgadonoticias.com\/index.php?rest_route=\/wp\/v2\/types\/post"}],"author":[{"embeddable":true,"href":"http:\/\/www.salgadonoticias.com\/index.php?rest_route=\/wp\/v2\/users\/3"}],"replies":[{"embeddable":true,"href":"http:\/\/www.salgadonoticias.com\/index.php?rest_route=%2Fwp%2Fv2%2Fcomments&post=29131"}],"version-history":[{"count":8,"href":"http:\/\/www.salgadonoticias.com\/index.php?rest_route=\/wp\/v2\/posts\/29131\/revisions"}],"predecessor-version":[{"id":29187,"href":"http:\/\/www.salgadonoticias.com\/index.php?rest_route=\/wp\/v2\/posts\/29131\/revisions\/29187"}],"wp:featuredmedia":[{"embeddable":true,"href":"http:\/\/www.salgadonoticias.com\/index.php?rest_route=\/wp\/v2\/media\/29135"}],"wp:attachment":[{"href":"http:\/\/www.salgadonoticias.com\/index.php?rest_route=%2Fwp%2Fv2%2Fmedia&parent=29131"}],"wp:term":[{"taxonomy":"category","embeddable":true,"href":"http:\/\/www.salgadonoticias.com\/index.php?rest_route=%2Fwp%2Fv2%2Fcategories&post=29131"},{"taxonomy":"post_tag","embeddable":true,"href":"http:\/\/www.salgadonoticias.com\/index.php?rest_route=%2Fwp%2Fv2%2Ftags&post=29131"}],"curies":[{"name":"wp","href":"https:\/\/api.w.org\/{rel}","templated":true}]}}