{"id":29157,"date":"2024-08-12T01:10:00","date_gmt":"2024-08-12T06:10:00","guid":{"rendered":"https:\/\/www.salgadonoticias.com\/?p=29157"},"modified":"2024-08-12T11:45:22","modified_gmt":"2024-08-12T16:45:22","slug":"71-pueblos-integran-catalogo-de-comunidades-indigenas-y-afromexicanas","status":"publish","type":"post","link":"http:\/\/www.salgadonoticias.com\/?p=29157","title":{"rendered":"71 Pueblos Integran Comunidades IINDIGENAS y Afromexicanas&#8230;!!!"},"content":{"rendered":"<p>Views: 4<\/p>\n<p>.<\/p>\n\n\n\n<p>Este <strong>cat\u00e1logo<\/strong> &#8220;dice la autoridad federal&#8221;, tiene el objetivo de <strong><mark style=\"background-color:rgba(0, 0, 0, 0);color:#aa0101\" class=\"has-inline-color\">identificar<\/mark> <\/strong>a las <mark style=\"background-color:#bef9e1\" class=\"has-inline-color\"><strong>Comunidades<\/strong> <strong>Ind\u00edgenas <\/strong>y <strong>Afromexicanas<\/strong><\/mark><strong> <\/strong>como<strong> <mark style=\"background-color:rgba(0, 0, 0, 0);color:#b30707\" class=\"has-inline-color\">sujetos de derecho&nbsp;p\u00fablico<\/mark>, tomando<\/strong> en cuenta sus principales <strong>i<mark style=\"background-color:#f4ed5a\" class=\"has-inline-color\">nstituciones pol\u00edticas, jur\u00eddicas, territoriales, econ\u00f3micas, sociales y culturales<\/mark> <\/strong>y as\u00ed <strong><mark style=\"background-color:rgba(0, 0, 0, 0);color:#a50303\" class=\"has-inline-color\">GARANTIZAR<\/mark> <\/strong>su <mark style=\"background-color:rgba(0, 0, 0, 0);color:#4b038f\" class=\"has-inline-color\"><strong>DERECHO<\/strong><\/mark><mark style=\"background-color:rgba(0, 0, 0, 0)\" class=\"has-inline-color has-black-color\"> a su libre determinaci\u00f3n y <\/mark><mark style=\"background-color:rgba(0, 0, 0, 0);color:#4b038f\" class=\"has-inline-color\"><strong>AUTONOM\u00cdA<\/strong><\/mark><strong>.<\/strong><\/p>\n\n\n\n<p><strong><mark style=\"background-color:rgba(0, 0, 0, 0);color:#f1b8c6\" class=\"has-inline-color\">Adem\u00e1s, se contar\u00e1 con informaci\u00f3n sobre:<\/mark><\/strong><\/p>\n\n\n\n<ul>\n<li>Los <strong><mark style=\"background-color:rgba(0, 0, 0, 0);color:#069d66\" class=\"has-inline-color\">territorios<\/mark><\/strong>,<\/li>\n\n\n\n<li><strong><mark style=\"background-color:rgba(0, 0, 0, 0);color:#e96508\" class=\"has-inline-color\">Saberes tradicionales<\/mark><\/strong>,<\/li>\n\n\n\n<li><strong><mark style=\"background-color:rgba(0, 0, 0, 0);color:#0371b1\" class=\"has-inline-color\">Herencias culturales<\/mark><\/strong>,<\/li>\n\n\n\n<li><mark style=\"background-color:rgba(0, 0, 0, 0)\" class=\"has-inline-color has-vivid-red-color\"><strong>Lenguas,<\/strong><\/mark><\/li>\n\n\n\n<li><strong><mark style=\"background-color:rgba(0, 0, 0, 0);color:#b68707\" class=\"has-inline-color\">Formas de organizaci\u00f3n,<\/mark><\/strong><\/li>\n\n\n\n<li><mark style=\"background-color:rgba(0, 0, 0, 0);color:#4a028c\" class=\"has-inline-color\"><strong>Autoridades de comunidades ind\u00edgenas y afromexicanas.<\/strong><\/mark><\/li>\n<\/ul>\n\n\n\n<p>.<\/p>\n\n\n\n<p>El <strong>Cat\u00e1logo podr\u00e1 ser consultado<\/strong> cuando se necesite en la siguiente direcci\u00f3n electr\u00f3nica.. <a href=\"https:\/\/www.catalogo.inpi.gob.mx\">https:\/\/www.catalogo.inpi.gob.mx<\/a><\/p>\n\n\n\n<p>Y ah\u00ed mismo, los interesados podr\u00e1n descargar la constancia de registro&nbsp;correspondiente, para los efectos a que haya lugar.<\/p>\n\n\n\n<p>.<\/p>\n\n\n<div class=\"wp-block-image\">\n<figure class=\"aligncenter size-full is-resized\"><a href=\"https:\/\/www.salgadonoticias.com\/wp-content\/uploads\/2024\/08\/image-1.png\"><img loading=\"lazy\" decoding=\"async\" width=\"926\" height=\"435\" src=\"https:\/\/www.salgadonoticias.com\/wp-content\/uploads\/2024\/08\/image-1.png\" alt=\"\" class=\"wp-image-29166\" style=\"width:752px;height:auto\" srcset=\"http:\/\/www.salgadonoticias.com\/wp-content\/uploads\/2024\/08\/image-1.png 926w, http:\/\/www.salgadonoticias.com\/wp-content\/uploads\/2024\/08\/image-1-300x141.png 300w, http:\/\/www.salgadonoticias.com\/wp-content\/uploads\/2024\/08\/image-1-768x361.png 768w\" sizes=\"(max-width: 926px) 100vw, 926px\" \/><\/a><\/figure><\/div>\n\n\n<p><\/p>\n\n\n\n<p>Da click aqu\u00ed para ver el cat\u00e1logo completo&#8230;<\/p>\n\n\n\n<p><a href=\"https:\/\/www.dof.gob.mx\/nota_detalle.php?codigo=5735635&amp;fecha=09\/08\/2024#gsc.tab=0\">https:\/\/www.dof.gob.mx\/nota_detalle.php?codigo=5735635&amp;fecha=09\/08\/2024#gsc.tab=0<\/a><\/p>\n\n\n\n<p>.<\/p>\n\n\n\n<p>.<\/p>\n\n\n\n<p class=\"wp-embed-aspect-16-9 wp-has-aspect-ratio\">Si estas en el <strong><mark style=\"background-color:rgba(0, 0, 0, 0)\" class=\"has-inline-color has-vivid-red-color\">Extranjero <\/mark><\/strong>nosotros somos tu <strong><mark style=\"background-color:rgba(0, 0, 0, 0)\" class=\"has-inline-color has-vivid-green-cyan-color\">mejor<\/mark><\/strong> alternativa para <strong><mark style=\"background-color:rgba(0, 0, 0, 0)\" class=\"has-inline-color has-luminous-vivid-orange-color\">velar<\/mark><\/strong> por tus <strong><mark style=\"background-color:rgba(0, 0, 0, 0)\" class=\"has-inline-color has-vivid-cyan-blue-color\">intereses<\/mark><\/strong>, escr\u00edbenos o ll\u00e1manos al Tel <strong>55581-11311<\/strong>.<\/p>\n\n\n\n<p>.<\/p>\n\n\n\n<p>Cuando<strong> necesites<\/strong> ayuda, <strong>asistencia<\/strong> o <strong>planeaci\u00f3n<\/strong> legal, <strong>solicita<\/strong> <strong>Cita Privada<\/strong> <a rel=\"noreferrer noopener\" href=\"mailto:bi@sm99.mx\" target=\"_blank\"><strong>Aqu\u00ed<\/strong><\/a><\/p>\n\n\n\n<p>La informaci\u00f3n que AQU\u00cd te presentamos <strong>deriva<\/strong> de los <strong>Peri\u00f3dicos Oficiales <\/strong>de la<strong> CdMx<\/strong>, <strong>Estado<\/strong> de Mex., Diario <strong>Oficial<\/strong> de la Federaci\u00f3n, Suprema Corte de<strong> Justicia<\/strong> de la Naci\u00f3n, por lo tanto es de <strong>aplicaci\u00f3n OBLIGATORIA<\/strong><\/p>\n\n\n\n<p>La <strong>informaci\u00f3n<\/strong> de hoy procede del Diario Oficial de la Federaci\u00f3n<\/p>\n\n\n\n<p><strong><mark style=\"background-color:rgba(0, 0, 0, 0)\" class=\"has-inline-color has-luminous-vivid-orange-color\">AY\u00daDANOS<\/mark><\/strong> para que m\u00e1s personas conozcan esta informaci\u00f3n, <strong>Comp\u00e1rtelo<\/strong> en tus redes sociales.<\/p>\n\n\n\n<p><\/p>\n","protected":false},"excerpt":{"rendered":"<p>Views: 4 . Este cat\u00e1logo &#8220;dice la autoridad federal&#8221;, tiene el objetivo de identificar a las Comunidades Ind\u00edgenas y Afromexicanas como sujetos de derecho&nbsp;p\u00fablico, tomando en cuenta sus principales instituciones pol\u00edticas, jur\u00eddicas, territoriales, econ\u00f3micas, sociales y culturales y as\u00ed GARANTIZAR su DERECHO a su libre determinaci\u00f3n y AUTONOM\u00cdA. Adem\u00e1s, se contar\u00e1 con informaci\u00f3n sobre: . [&hellip;]<\/p>\n","protected":false},"author":3,"featured_media":29158,"comment_status":"closed","ping_status":"open","sticky":false,"template":"","format":"standard","meta":{"_jetpack_memberships_contains_paid_content":false,"footnotes":""},"categories":[4],"tags":[],"jetpack_sharing_enabled":true,"jetpack_featured_media_url":"http:\/\/www.salgadonoticias.com\/wp-content\/uploads\/2024\/08\/INDIGENAS.webp","_links":{"self":[{"href":"http:\/\/www.salgadonoticias.com\/index.php?rest_route=\/wp\/v2\/posts\/29157"}],"collection":[{"href":"http:\/\/www.salgadonoticias.com\/index.php?rest_route=\/wp\/v2\/posts"}],"about":[{"href":"http:\/\/www.salgadonoticias.com\/index.php?rest_route=\/wp\/v2\/types\/post"}],"author":[{"embeddable":true,"href":"http:\/\/www.salgadonoticias.com\/index.php?rest_route=\/wp\/v2\/users\/3"}],"replies":[{"embeddable":true,"href":"http:\/\/www.salgadonoticias.com\/index.php?rest_route=%2Fwp%2Fv2%2Fcomments&post=29157"}],"version-history":[{"count":6,"href":"http:\/\/www.salgadonoticias.com\/index.php?rest_route=\/wp\/v2\/posts\/29157\/revisions"}],"predecessor-version":[{"id":29194,"href":"http:\/\/www.salgadonoticias.com\/index.php?rest_route=\/wp\/v2\/posts\/29157\/revisions\/29194"}],"wp:featuredmedia":[{"embeddable":true,"href":"http:\/\/www.salgadonoticias.com\/index.php?rest_route=\/wp\/v2\/media\/29158"}],"wp:attachment":[{"href":"http:\/\/www.salgadonoticias.com\/index.php?rest_route=%2Fwp%2Fv2%2Fmedia&parent=29157"}],"wp:term":[{"taxonomy":"category","embeddable":true,"href":"http:\/\/www.salgadonoticias.com\/index.php?rest_route=%2Fwp%2Fv2%2Fcategories&post=29157"},{"taxonomy":"post_tag","embeddable":true,"href":"http:\/\/www.salgadonoticias.com\/index.php?rest_route=%2Fwp%2Fv2%2Ftags&post=29157"}],"curies":[{"name":"wp","href":"https:\/\/api.w.org\/{rel}","templated":true}]}}