{"id":29195,"date":"2024-08-13T00:11:00","date_gmt":"2024-08-13T05:11:00","guid":{"rendered":"https:\/\/www.salgadonoticias.com\/?p=29195"},"modified":"2024-08-14T21:53:13","modified_gmt":"2024-08-15T02:53:13","slug":"29195","status":"publish","type":"post","link":"http:\/\/www.salgadonoticias.com\/?p=29195","title":{"rendered":"Conciliaci\u00f3n Prejudicial para Demandar Saldo de SAR de Trabajador Fallecido &#8230;.. INNECESARIA \u2026!!!"},"content":{"rendered":"<p>Views: 4<\/p>\n<p>.<\/p>\n\n\n\n<figure class=\"wp-block-embed is-type-video is-provider-youtube wp-block-embed-youtube wp-embed-aspect-16-9 wp-has-aspect-ratio\"><div class=\"wp-block-embed__wrapper\">\n<iframe loading=\"lazy\" title=\"CARCEL a quien ENCIERRE en su propia CASA a una Persona contra su voluntad\" width=\"640\" height=\"360\" src=\"https:\/\/www.youtube.com\/embed\/lX48vFmYvy0?feature=oembed\" frameborder=\"0\" allow=\"accelerometer; autoplay; clipboard-write; encrypted-media; gyroscope; picture-in-picture; web-share\" referrerpolicy=\"strict-origin-when-cross-origin\" allowfullscreen><\/iframe>\n<\/div><\/figure>\n\n\n\n<p>.<\/p>\n\n\n\n<p>Este <strong><mark style=\"background-color:#57b1e9\" class=\"has-inline-color has-black-color\">ANTECEDENTE:<\/mark><\/strong><\/p>\n\n\n\n<p><strong>Surge <\/strong>despu\u00e9s de que Tribunales Colegiados de Circuito contendientes llegaron a <strong>criterios <mark style=\"background-color:rgba(0, 0, 0, 0)\" class=\"has-inline-color has-vivid-red-color\">diferentes<\/mark><\/strong> luego de analizar la resoluci\u00f3n del <mark style=\"background-color:#f2bcca\" class=\"has-inline-color\"><strong>Tribunal <\/strong><\/mark><mark style=\"background-color:#ffffff\" class=\"has-inline-color\">Laboral Federal de Asuntos Individuales debido a que<\/mark><mark style=\"background-color:#f2bcca\" class=\"has-inline-color\"> <strong>no admiti\u00f3<\/strong> el <strong>juicio<\/strong> en el que, <\/mark><mark style=\"background-color:#cf2e2e\" class=\"has-inline-color\"><strong>sin agota<\/strong>r <strong>previamente<\/strong><\/mark><mark style=\"background-color:#f2bcca\" class=\"has-inline-color\"><strong> el procedimiento conciliatorio<\/strong><\/mark>, se demand\u00f3 conjuntamente la designaci\u00f3n de beneficiarios de una persona trabajadora fallecida y la entrega del saldo de su cuenta individual del Sistema de Ahorro para el Retiro (SAR). <\/p>\n\n\n\n<p>Mientras que <strong>uno<\/strong> <strong>sostuvo<\/strong> que era <mark style=\"background-color:#fcb900\" class=\"has-inline-color\"><strong>innecesario acudir a la etapa prejudicia<\/strong>l<\/mark> propuesto para la procedencia del juicio, el <strong>otro<\/strong> <strong><mark style=\"background-color:rgba(0, 0, 0, 0)\" class=\"has-inline-color has-vivid-red-color\">resolvi\u00f3<\/mark><\/strong> <strong>lo contrario<\/strong>.<\/p>\n\n\n\n<p>.<\/p>\n\n\n\n<p>La <strong><mark style=\"background-color:rgba(0, 0, 0, 0);color:#010383\" class=\"has-inline-color\">Suprema Corte de Justicia<\/mark> <\/strong>a trav\u00e9s de la Segunda Sala <strong><mark style=\"background-color:rgba(0, 0, 0, 0);color:#9c0404\" class=\"has-inline-color\">DETERMIN\u00d3<\/mark><\/strong> que <mark style=\"background-color:#f3b91a\" class=\"has-inline-color\"><strong>NO <\/strong>es <strong>Necesario<\/strong> realizar y <strong>agotar<\/strong> el <strong>procedimiento conciliatorio prejudicial<\/strong><\/mark>, <strong>ANTES<\/strong> de <strong>Iniciar el juicio laboral<\/strong> cuando lo que se <strong>demanda<\/strong> como <em><u><strong>\u00fanicas prestaciones<\/strong><\/u><\/em> son:<\/p>\n\n\n\n<ul>\n<li><mark style=\"background-color:rgba(0, 0, 0, 0);color:#460385\" class=\"has-inline-color\">El <strong>reconocimiento <\/strong>de la calidad de<strong> beneficiario de los derechos laborales generados del trabajador fallecido<\/strong>, y<\/mark><\/li>\n\n\n\n<li><mark style=\"background-color:rgba(0, 0, 0, 0);color:#b10747\" class=\"has-inline-color\">La <strong>entrega del saldo<\/strong> de su <strong>cuenta individual<\/strong> del <strong>Ahorro para el Retiro<\/strong><\/mark><mark style=\"background-color:rgba(0, 0, 0, 0);color:#049506\" class=\"has-inline-color\"><strong>.<\/strong><\/mark><\/li>\n<\/ul>\n\n\n\n<p>.<\/p>\n\n\n\n<p>La justificaci\u00f3n de la <strong><mark style=\"background-color:rgba(0, 0, 0, 0);color:#2207e3\" class=\"has-inline-color\">SCJN<\/mark> <\/strong>es que, el <strong>art. 685 Ter<\/strong>, frac. II, de la <strong>Ley del Trabajo<\/strong>, el cual <mark style=\"background-color:rgba(0, 0, 0, 0);color:#bb0a0a\" class=\"has-inline-color\"><strong>except\u00faa de agotar la instancia conciliatoria<\/strong> &#8220;<strong>cuando<\/strong> <strong>se trate<\/strong><\/mark><mark style=\"background-color:rgba(0, 0, 0, 0)\" class=\"has-inline-color has-black-color\"> de conflictos inherentes a<\/mark><mark style=\"background-color:rgba(0, 0, 0, 0);color:#bb0a0a\" class=\"has-inline-color\"> &#8230; <strong>designaci\u00f3n de beneficiarios por muerte<\/strong><\/mark>&#8220;, <mark style=\"background-color:rgba(0, 0, 0, 0);color:#040a7c\" class=\"has-inline-color\"><strong>comprende<\/strong> <\/mark><mark style=\"background-color:rgba(0, 0, 0, 0)\" class=\"has-inline-color has-black-color\">el supuesto en que se demanden como prestaciones conjuntas el <\/mark><mark style=\"background-color:rgba(0, 0, 0, 0);color:#040a7c\" class=\"has-inline-color\"><strong>reconocimiento de la calidad de beneficiario<\/strong><\/mark><mark style=\"background-color:rgba(0, 0, 0, 0)\" class=\"has-inline-color has-black-color\"> del trabajador fallecido y la<\/mark><mark style=\"background-color:rgba(0, 0, 0, 0);color:#040a7c\" class=\"has-inline-color\"> <strong>entrega del saldo de su cuenta individual del Sistema de Ahorro para el Retiro<\/strong>,<\/mark> esto porque al hacer referencia precisa a los &#8220;conflictos inherentes&#8221;, <mark style=\"background-color:#8beb4c\" class=\"has-inline-color\"><strong>DEBE entenderse que se trata de toda controversia derivada de esa designaci\u00f3n,<\/strong><\/mark><mark style=\"background-color:#ffffff\" class=\"has-inline-color\"> lo que incluye tanto la solicitud de declaraci\u00f3n, como el pago de las prestaciones laborales, porque ambas constituyen una unidad en la medida en que la <\/mark><mark style=\"background-color:#8beb4c\" class=\"has-inline-color\"><strong>petici\u00f3n de un tercero para ser nombrado beneficiario obedece a su necesidad de legitimaci\u00f3n para obtener los provechos laborales generados por la muerte<\/strong> <strong>del trabajador.<\/strong><\/mark><\/p>\n\n\n\n<p><\/p>\n\n\n\n<p>.<\/p>\n\n\n\n<p>Esta <strong><mark style=\"background-color:#a3f2d7\" class=\"has-inline-color has-black-color\">Resoluci\u00f3n<\/mark> <\/strong>es de <strong>aplicaci\u00f3n <mark style=\"background-color:rgba(0, 0, 0, 0);color:#8a0505\" class=\"has-inline-color\">OBLIGATORIA<\/mark> <\/strong>en todo el pa\u00eds a partir de esta semana.<\/p>\n\n\n\n<p><strong><mark style=\"background-color:rgba(0, 0, 0, 0);color:#13059b\" class=\"has-inline-color\">Jurisprudencia LABORAL<\/mark><\/strong><\/p>\n\n\n\n<p>.<\/p>\n\n\n\n<p class=\"wp-embed-aspect-16-9 wp-has-aspect-ratio\">Si estas en el <strong><mark style=\"background-color:rgba(0, 0, 0, 0)\" class=\"has-inline-color has-vivid-red-color\">Extranjero <\/mark><\/strong>nosotros somos tu <strong><mark style=\"background-color:rgba(0, 0, 0, 0)\" class=\"has-inline-color has-vivid-green-cyan-color\">mejor<\/mark><\/strong> alternativa para <strong><mark style=\"background-color:rgba(0, 0, 0, 0)\" class=\"has-inline-color has-luminous-vivid-orange-color\">velar<\/mark><\/strong> por tus <strong><mark style=\"background-color:rgba(0, 0, 0, 0)\" class=\"has-inline-color has-vivid-cyan-blue-color\">intereses<\/mark><\/strong>, escr\u00edbenos o ll\u00e1manos al Tel <strong>55581-11311<\/strong>.<\/p>\n\n\n\n<p>.<\/p>\n\n\n\n<p>Cuando<strong> necesites<\/strong> ayuda, <strong>asistencia<\/strong> o <strong>planeaci\u00f3n<\/strong> legal, <strong>solicita<\/strong> <strong>Cita Privada<\/strong> <a rel=\"noreferrer noopener\" href=\"mailto:bi@sm99.mx\" target=\"_blank\"><strong>Aqu\u00ed<\/strong><\/a><\/p>\n\n\n\n<p>La informaci\u00f3n que AQU\u00cd te presentamos <strong>deriva<\/strong> de los <strong>Peri\u00f3dicos Oficiales <\/strong>de la<strong> CdMx<\/strong>, <strong>Estado<\/strong> de Mex., Diario <strong>Oficial<\/strong> de la Federaci\u00f3n, Suprema Corte de<strong> Justicia<\/strong> de la Naci\u00f3n, por lo tanto es de <strong>aplicaci\u00f3n OBLIGATORIA<\/strong><\/p>\n\n\n\n<p>La <strong>informaci\u00f3n<\/strong> de hoy procede de la Suprema Corte de Justicia<\/p>\n\n\n\n<p><strong><mark style=\"background-color:rgba(0, 0, 0, 0)\" class=\"has-inline-color has-luminous-vivid-orange-color\">AY\u00daDANOS<\/mark><\/strong> para que m\u00e1s personas conozcan esta informaci\u00f3n, <strong>Comp\u00e1rtelo<\/strong> en tus redes sociales.<\/p>\n","protected":false},"excerpt":{"rendered":"<p>Views: 4 . . Este ANTECEDENTE: Surge despu\u00e9s de que Tribunales Colegiados de Circuito contendientes llegaron a criterios diferentes luego de analizar la resoluci\u00f3n del Tribunal Laboral Federal de Asuntos Individuales debido a que no admiti\u00f3 el juicio en el que, sin agotar previamente el procedimiento conciliatorio, se demand\u00f3 conjuntamente la designaci\u00f3n de beneficiarios de [&hellip;]<\/p>\n","protected":false},"author":3,"featured_media":29199,"comment_status":"closed","ping_status":"open","sticky":false,"template":"","format":"standard","meta":{"_jetpack_memberships_contains_paid_content":false,"footnotes":""},"categories":[4],"tags":[],"jetpack_sharing_enabled":true,"jetpack_featured_media_url":"http:\/\/www.salgadonoticias.com\/wp-content\/uploads\/2024\/08\/afore.jpg","_links":{"self":[{"href":"http:\/\/www.salgadonoticias.com\/index.php?rest_route=\/wp\/v2\/posts\/29195"}],"collection":[{"href":"http:\/\/www.salgadonoticias.com\/index.php?rest_route=\/wp\/v2\/posts"}],"about":[{"href":"http:\/\/www.salgadonoticias.com\/index.php?rest_route=\/wp\/v2\/types\/post"}],"author":[{"embeddable":true,"href":"http:\/\/www.salgadonoticias.com\/index.php?rest_route=\/wp\/v2\/users\/3"}],"replies":[{"embeddable":true,"href":"http:\/\/www.salgadonoticias.com\/index.php?rest_route=%2Fwp%2Fv2%2Fcomments&post=29195"}],"version-history":[{"count":8,"href":"http:\/\/www.salgadonoticias.com\/index.php?rest_route=\/wp\/v2\/posts\/29195\/revisions"}],"predecessor-version":[{"id":29229,"href":"http:\/\/www.salgadonoticias.com\/index.php?rest_route=\/wp\/v2\/posts\/29195\/revisions\/29229"}],"wp:featuredmedia":[{"embeddable":true,"href":"http:\/\/www.salgadonoticias.com\/index.php?rest_route=\/wp\/v2\/media\/29199"}],"wp:attachment":[{"href":"http:\/\/www.salgadonoticias.com\/index.php?rest_route=%2Fwp%2Fv2%2Fmedia&parent=29195"}],"wp:term":[{"taxonomy":"category","embeddable":true,"href":"http:\/\/www.salgadonoticias.com\/index.php?rest_route=%2Fwp%2Fv2%2Fcategories&post=29195"},{"taxonomy":"post_tag","embeddable":true,"href":"http:\/\/www.salgadonoticias.com\/index.php?rest_route=%2Fwp%2Fv2%2Ftags&post=29195"}],"curies":[{"name":"wp","href":"https:\/\/api.w.org\/{rel}","templated":true}]}}