{"id":29289,"date":"2024-08-20T01:00:00","date_gmt":"2024-08-20T06:00:00","guid":{"rendered":"https:\/\/www.salgadonoticias.com\/?p=29289"},"modified":"2024-08-21T18:16:36","modified_gmt":"2024-08-21T23:16:36","slug":"29289","status":"publish","type":"post","link":"http:\/\/www.salgadonoticias.com\/?p=29289","title":{"rendered":"Para DEVOLUCI\u00d3N de saldo a FAVOR del SAT, deben EXCLUIRSE los d\u00edas de Vacaciones \u2026!!!"},"content":{"rendered":"<p>Views: 7<\/p>\n<p>.<\/p>\n\n\n\n<figure class=\"wp-block-embed is-type-video is-provider-youtube wp-block-embed-youtube wp-embed-aspect-16-9 wp-has-aspect-ratio\"><div class=\"wp-block-embed__wrapper\">\n<iframe loading=\"lazy\" title=\"Registro Agrario OBLIGADO a INSCRIBIR Contrato de ENAJENACI\u00d3N de Derechos PARCELARIOS\" width=\"640\" height=\"360\" src=\"https:\/\/www.youtube.com\/embed\/betEv9Q583A?feature=oembed\" frameborder=\"0\" allow=\"accelerometer; autoplay; clipboard-write; encrypted-media; gyroscope; picture-in-picture; web-share\" referrerpolicy=\"strict-origin-when-cross-origin\" allowfullscreen><\/iframe>\n<\/div><\/figure>\n\n\n\n<p>.<\/p>\n\n\n\n<p>Este <strong>Antecedente:<\/strong><\/p>\n\n\n\n<p><strong>Surge <\/strong>luego de que una persona <strong><mark style=\"background-color:#f78da7\" class=\"has-inline-color\">demand\u00f3 la nulidad de la resoluci\u00f3n en la cual el SAT le neg\u00f3 la devoluci\u00f3n de un saldo a favor de IVA<\/mark><\/strong>, al estimar que la solicitud era extempor\u00e1nea, al haber procedido la <strong>prescripci\u00f3n<\/strong>. La actora argument\u00f3 que no se consider\u00f3 que el <mark style=\"background-color:#ccfc00\" class=\"has-inline-color\"><strong>\u00faltimo<\/strong> <strong>d\u00eda<\/strong> que ten\u00eda para <strong>solicitarla<\/strong> era un d\u00eda <strong>inh\u00e1bil <\/strong>por formar parte del periodo general de vacaciones del SAT,<\/mark> y por tanto ella lo present\u00f3 el primer d\u00eda h\u00e1bil siguiente, por tanto se realiz\u00f3 en tiempo.<\/p>\n\n\n\n<p>.<\/p>\n\n\n\n<p>La <strong><mark style=\"background-color:rgba(0, 0, 0, 0);color:#10048c\" class=\"has-inline-color\">Suprema Corte de Justicia<\/mark> <\/strong>a trav\u00e9s de su Tribunal Colegiado de Circuito <strong><mark style=\"background-color:rgba(0, 0, 0, 0);color:#850202\" class=\"has-inline-color\">DETERMIN\u00d3<\/mark><\/strong> que, el <strong><mark style=\"background-color:rgba(0, 0, 0, 0);color:#3d0275\" class=\"has-inline-color\">periodo de vacaciones del SAT<\/mark><\/strong>, <mark style=\"background-color:#f2b4c4\" class=\"has-inline-color\">DEBE ser <strong>EXCLUIDO <\/strong>del <strong>COMPUTO<\/strong> por a\u00f1os para que pueda PROCEDER la <strong>PRESCRIPCI\u00d3N<\/strong> de una solicitud de devoluci\u00f3n de un saldo a favor.<\/mark><\/p>\n\n\n\n<p>,<\/p>\n\n\n\n<p>La justificaci\u00f3n de la <strong><mark style=\"background-color:rgba(0, 0, 0, 0);color:#05068a\" class=\"has-inline-color\">SCJN<\/mark><\/strong> es que, si bien la regla 2.1.6. de la Sexta Resoluci\u00f3n de Modificaciones de la Resoluci\u00f3n Miscel\u00e1nea Fiscal para 2022, publicada en el Diario Oficial, <strong>prev\u00e9<\/strong> que para efectos del 1ro y 2do. p\u00e1rrafos del art\u00edculo 12 del C\u00f3digo Fiscal de la Federaci\u00f3n, el <em>1er. periodo general de vacaciones<\/em> comprende del 18 al 29 de julio de ese a\u00f1o, <strong>si en esa temporalidad la autoridad fiscalizadora estaba de vacaciones generales<\/strong>, <mark style=\"background-color:#faced9\" class=\"has-inline-color has-black-color\"><strong>NO se est\u00e1 ante la excepci\u00f3n<\/strong> a que se refiere el segundo p\u00e1rrafo del propio precepto, relativa a los <strong>plazos para la presentaci\u00f3n de declaraciones y pago de contribuciones<\/strong>, en los que <strong>esos d\u00edas se consideran h\u00e1biles<\/strong><\/mark>; m\u00e1xime que su p\u00e1rrafo quinto <mark style=\"background-color:rgba(0, 0, 0, 0);color:#9f0707\" class=\"has-inline-color\"><strong>dispone que tambi\u00e9n se prorrogar\u00e1 el plazo hasta el siguiente d\u00eda h\u00e1bil<\/strong>,<\/mark> <em><u>cuando sean d\u00edas en los que no se labor\u00f3 o un d\u00eda inh\u00e1bil<\/u><\/em>, ya que ser\u00eda absurdo sostener que dicho periodo est\u00e1 conformado por d\u00edas laborables o que los <mark style=\"background-color:#62ecb9\" class=\"has-inline-color\"><strong>d\u00edas en que permanezcan cerradas las oficinas de la autoridad puedan ser contemplados dentro del c\u00f3mputo de un plazo legal<\/strong>; por tanto, ese <strong>periodo no debe contabilizarse en la oportunidad para solicitar la devoluci\u00f3n del saldo a favor<\/strong>.<\/mark><\/p>\n\n\n\n<p>As\u00ed, la interpretaci\u00f3n que deriva de la aplicaci\u00f3n del principio pro persona, en relaci\u00f3n con el diverso in dubio pro actione, pues <strong>todo procedimiento debe observarse desde una \u00f3ptica antiformalista<\/strong>, de modo que se entienda que la <strong>eficacia prevalece frente a los formalismos procedimentales<\/strong>, cuya interpretaci\u00f3n estricta pugna con los citados principios, que implican que en caso de duda, \u00e9sta debe resolverse atendiendo a la interpretaci\u00f3n <strong>m\u00e1s favorable a los particulares<\/strong>.<\/p>\n\n\n\n<p>.<\/p>\n\n\n\n<p>.<\/p>\n\n\n\n<p>Esta <strong><mark style=\"background-color:#99f44a\" class=\"has-inline-color has-black-color\">Resoluci\u00f3n<\/mark> <\/strong>esta de <strong>disponible<\/strong> para quien la <mark style=\"background-color:rgba(0, 0, 0, 0);color:#970505\" class=\"has-inline-color\"><strong>haga Valer<\/strong><\/mark>, a partir de esta semana.<\/p>\n\n\n\n<p><strong><mark style=\"background-color:rgba(0, 0, 0, 0);color:#05700a\" class=\"has-inline-color\">Tesis ADMINISTRATIVA<\/mark><\/strong><\/p>\n\n\n\n<p>.<\/p>\n\n\n\n<p class=\"wp-embed-aspect-16-9 wp-has-aspect-ratio\">Si estas en el <strong><mark style=\"background-color:rgba(0, 0, 0, 0)\" class=\"has-inline-color has-vivid-red-color\">Extranjero <\/mark><\/strong>nosotros somos tu <strong><mark style=\"background-color:rgba(0, 0, 0, 0)\" class=\"has-inline-color has-vivid-green-cyan-color\">mejor<\/mark><\/strong> alternativa para <strong><mark style=\"background-color:rgba(0, 0, 0, 0)\" class=\"has-inline-color has-luminous-vivid-orange-color\">velar<\/mark><\/strong> por tus <strong><mark style=\"background-color:rgba(0, 0, 0, 0)\" class=\"has-inline-color has-vivid-cyan-blue-color\">intereses<\/mark><\/strong>, escr\u00edbenos o ll\u00e1manos al Tel <strong>55581-11311<\/strong>.<\/p>\n\n\n\n<p>.<\/p>\n\n\n\n<p>Cuando<strong> necesites<\/strong> ayuda, <strong>asistencia<\/strong> o <strong>planeaci\u00f3n<\/strong> legal, <strong>solicita<\/strong> <strong>Cita Privada<\/strong> <a rel=\"noreferrer noopener\" href=\"mailto:bi@sm99.mx\" target=\"_blank\"><strong>Aqu\u00ed<\/strong><\/a><\/p>\n\n\n\n<p>La informaci\u00f3n que AQU\u00cd te presentamos <strong>deriva<\/strong> de los <strong>Peri\u00f3dicos Oficiales <\/strong>de la<strong> CdMx<\/strong>, <strong>Estado<\/strong> de Mex., Diario <strong>Oficial<\/strong> de la Federaci\u00f3n, Suprema Corte de<strong> Justicia<\/strong> de la Naci\u00f3n, por lo tanto es de <strong>aplicaci\u00f3n OBLIGATORIA<\/strong><\/p>\n\n\n\n<p>La <strong>informaci\u00f3n<\/strong> de hoy procede de la Suprema Corte de Justicia<\/p>\n\n\n\n<p><strong><mark style=\"background-color:rgba(0, 0, 0, 0)\" class=\"has-inline-color has-luminous-vivid-orange-color\">AY\u00daDANOS<\/mark><\/strong> para que m\u00e1s personas conozcan esta informaci\u00f3n, <strong>Comp\u00e1rtelo<\/strong> en tus redes sociales.<\/p>\n","protected":false},"excerpt":{"rendered":"<p>Views: 7 . . Este Antecedente: Surge luego de que una persona demand\u00f3 la nulidad de la resoluci\u00f3n en la cual el SAT le neg\u00f3 la devoluci\u00f3n de un saldo a favor de IVA, al estimar que la solicitud era extempor\u00e1nea, al haber procedido la prescripci\u00f3n. La actora argument\u00f3 que no se consider\u00f3 que el [&hellip;]<\/p>\n","protected":false},"author":3,"featured_media":29297,"comment_status":"closed","ping_status":"open","sticky":false,"template":"","format":"standard","meta":{"_jetpack_memberships_contains_paid_content":false,"footnotes":""},"categories":[4],"tags":[],"jetpack_sharing_enabled":true,"jetpack_featured_media_url":"http:\/\/www.salgadonoticias.com\/wp-content\/uploads\/2024\/08\/DEVOLUCON.jpg","_links":{"self":[{"href":"http:\/\/www.salgadonoticias.com\/index.php?rest_route=\/wp\/v2\/posts\/29289"}],"collection":[{"href":"http:\/\/www.salgadonoticias.com\/index.php?rest_route=\/wp\/v2\/posts"}],"about":[{"href":"http:\/\/www.salgadonoticias.com\/index.php?rest_route=\/wp\/v2\/types\/post"}],"author":[{"embeddable":true,"href":"http:\/\/www.salgadonoticias.com\/index.php?rest_route=\/wp\/v2\/users\/3"}],"replies":[{"embeddable":true,"href":"http:\/\/www.salgadonoticias.com\/index.php?rest_route=%2Fwp%2Fv2%2Fcomments&post=29289"}],"version-history":[{"count":5,"href":"http:\/\/www.salgadonoticias.com\/index.php?rest_route=\/wp\/v2\/posts\/29289\/revisions"}],"predecessor-version":[{"id":29313,"href":"http:\/\/www.salgadonoticias.com\/index.php?rest_route=\/wp\/v2\/posts\/29289\/revisions\/29313"}],"wp:featuredmedia":[{"embeddable":true,"href":"http:\/\/www.salgadonoticias.com\/index.php?rest_route=\/wp\/v2\/media\/29297"}],"wp:attachment":[{"href":"http:\/\/www.salgadonoticias.com\/index.php?rest_route=%2Fwp%2Fv2%2Fmedia&parent=29289"}],"wp:term":[{"taxonomy":"category","embeddable":true,"href":"http:\/\/www.salgadonoticias.com\/index.php?rest_route=%2Fwp%2Fv2%2Fcategories&post=29289"},{"taxonomy":"post_tag","embeddable":true,"href":"http:\/\/www.salgadonoticias.com\/index.php?rest_route=%2Fwp%2Fv2%2Ftags&post=29289"}],"curies":[{"name":"wp","href":"https:\/\/api.w.org\/{rel}","templated":true}]}}