{"id":29300,"date":"2024-08-21T01:31:00","date_gmt":"2024-08-21T06:31:00","guid":{"rendered":"https:\/\/www.salgadonoticias.com\/?p=29300"},"modified":"2024-08-21T18:22:27","modified_gmt":"2024-08-21T23:22:27","slug":"29300","status":"publish","type":"post","link":"http:\/\/www.salgadonoticias.com\/?p=29300","title":{"rendered":"REGISTRO Agrario OBLIGADO a INSCRIBIR Contrato de ENAJENACI\u00d3N de Derechos PARCELARIOS\u2026!!!"},"content":{"rendered":"<p>Views: 11<\/p>\n<p>.<\/p>\n\n\n\n<figure class=\"wp-block-embed is-type-video is-provider-youtube wp-block-embed-youtube wp-embed-aspect-16-9 wp-has-aspect-ratio\"><div class=\"wp-block-embed__wrapper\">\n<iframe loading=\"lazy\" title=\"Registro Agrario OBLIGADO a INSCRIBIR Contrato de ENAJENACI\u00d3N de Derechos PARCELARIOS\" width=\"640\" height=\"360\" src=\"https:\/\/www.youtube.com\/embed\/betEv9Q583A?feature=oembed\" frameborder=\"0\" allow=\"accelerometer; autoplay; clipboard-write; encrypted-media; gyroscope; picture-in-picture; web-share\" referrerpolicy=\"strict-origin-when-cross-origin\" allowfullscreen><\/iframe>\n<\/div><\/figure>\n\n\n\n<p>.<\/p>\n\n\n\n<p>Este <strong>ANTECEDENTE:<\/strong><\/p>\n\n\n\n<p>Surge luego de que <strong>Tribunales<\/strong> Colegiados de Circuito <strong>contendientes<\/strong> tuvieron <strong>criterios <mark style=\"background-color:rgba(0, 0, 0, 0)\" class=\"has-inline-color has-vivid-red-color\">diferentes<\/mark><\/strong> &nbsp;al analizar si el Registro Agrario Nacional <mark style=\"background-color:#ff6900\" class=\"has-inline-color\">puede <strong>negar<\/strong><\/mark> la <em><u>inscripci\u00f3n del <strong><mark style=\"background-color:#fcb900\" class=\"has-inline-color\">contrato de enajenaci\u00f3n de derechos parcelarios<\/mark><\/strong>, con fundamento en el art\u00edculo 59 de la Ley Agraria<\/u><\/em>, ante la posibilidad de que dicha parcela este sobre zona de bosque o selva, <strong><mark style=\"background-color:#f78da7\" class=\"has-inline-color\">aun cuando previamente se calific\u00f3 e inscribi\u00f3 el acuerdo de la Asamblea General Ejidal donde se cambi\u00f3 el uso de suelo de tierras de uso com\u00fan a parceladas<\/mark><\/strong>. <\/p>\n\n\n\n<p><strong>UNO <\/strong>concluy\u00f3 que el RAN <strong><mark style=\"background-color:rgba(0, 0, 0, 0)\" class=\"has-inline-color has-vivid-red-color\">no debe negarse a registrarlo<\/mark><\/strong>, porque sus determinaciones deben estar apegadas a los principios de legalidad y seguridad jur\u00eddica, sin desconocer los derechos previamente reconocidos a partir de supuestos no comprobados; el <strong>OTRO<\/strong> estableci\u00f3 que <strong>es <\/strong><mark style=\"background-color:#00d084\" class=\"has-inline-color\"><strong>correcta la negativa<\/strong>, ante la posibilidad de que exista en la parcela la vegetaci\u00f3n descrita<\/mark>, porque se trata de una <strong>medida precautoria del medio ambiente.<\/strong><\/p>\n\n\n\n<p>.<\/p>\n\n\n\n<p>La <strong><mark style=\"background-color:rgba(0, 0, 0, 0);color:#09027e\" class=\"has-inline-color\">Suprema Corte de Justicia<\/mark> <\/strong>a trav\u00e9s del El Pleno Regional en Materias Administrativa y Civil <strong><mark style=\"background-color:rgba(0, 0, 0, 0);color:#9c0404\" class=\"has-inline-color\">DETERMIN\u00d3<\/mark> <\/strong>que el <strong>Registro Agrario Nacional<\/strong>, <mark style=\"background-color:#dbf64c\" class=\"has-inline-color\"><strong>NO<\/strong> debe <strong>NEGAR<\/strong> la <strong>INSCRIPCI\u00d3N<\/strong> de un <em><u>contrato de enajenaci\u00f3n de derechos parcelarios<\/u><\/em><\/mark>, <mark style=\"background-color:#fcb900\" class=\"has-inline-color\">cuando <strong>exista un dictamen t\u00e9cnico<\/strong> con <strong>fecha posterior<\/strong> a la <strong>calificaci\u00f3n e inscripci\u00f3n<\/strong> del <strong>acuerdo<\/strong> de la Asamblea Gral. Ejidal referente al cambio de destino de tierras de uso com\u00fan a parceladas.<\/mark><\/p>\n\n\n\n<p>.<\/p>\n\n\n\n<p>La justificaci\u00f3n de la <strong><mark style=\"background-color:rgba(0, 0, 0, 0);color:#130382\" class=\"has-inline-color\">SCJN<\/mark><\/strong> es que la<mark style=\"background-color:#adf1d6\" class=\"has-inline-color\"> <strong>calificaci\u00f3n e inscripci\u00f3n<\/strong> que el <strong>Registro Agrario Nacional<\/strong> (RAN) <strong>realiza<\/strong> conforme al acuerdo de la <strong>Asamblea General Ejidal<\/strong><\/mark> donde se <mark style=\"background-color:rgba(0, 0, 0, 0);color:#910404\" class=\"has-inline-color\"><strong>AUTORIZA<\/strong> el <strong>cambio de destino<\/strong> de <strong>tierras de uso com\u00fan a parceladas<\/strong><\/mark> en t\u00e9rminos del art. 56 de la Ley Agraria, <mark style=\"background-color:#a8f3d5\" class=\"has-inline-color\"><strong>es prueba plena<\/strong> de la <strong>legalidad de su constituci\u00f3n<\/strong><\/mark>, y se encuentra revestido de la presunci\u00f3n de legalidad propia de todo acto administrativo.<\/p>\n\n\n\n<p>.<\/p>\n\n\n\n<p><strong>Aunque en el art. 59<\/strong> mencionado <mark style=\"background-color:rgba(0, 0, 0, 0);color:#340262\" class=\"has-inline-color\"><strong>establece<\/strong> <\/mark><mark style=\"background-color:rgba(0, 0, 0, 0)\" class=\"has-inline-color has-black-color\">que<\/mark><mark style=\"background-color:rgba(0, 0, 0, 0);color:#340262\" class=\"has-inline-color\"> <strong>ser\u00e1n nulas de pleno derecho las asignaciones de parcelas en bosques y selvas tropicales<\/strong>, <\/mark><mark style=\"background-color:rgba(0, 0, 0, 0)\" class=\"has-inline-color has-black-color\">esto<\/mark><mark style=\"background-color:rgba(0, 0, 0, 0);color:#340262\" class=\"has-inline-color\"> <strong>NO habilita <\/strong><em><u>a la autoridad registral para<\/u><\/em><strong> anular en autom\u00e1tico <\/strong><\/mark><mark style=\"background-color:rgba(0, 0, 0, 0)\" class=\"has-inline-color has-black-color\">las<\/mark><mark style=\"background-color:rgba(0, 0, 0, 0);color:#340262\" class=\"has-inline-color\"><strong> resoluciones <\/strong><\/mark><mark style=\"background-color:rgba(0, 0, 0, 0)\" class=\"has-inline-color has-black-color\">en las que<\/mark><mark style=\"background-color:rgba(0, 0, 0, 0);color:#340262\" class=\"has-inline-color\"> <strong>previamente <\/strong>haya<strong> autorizado el parcelamiento<\/strong> <\/mark><mark style=\"background-color:rgba(0, 0, 0, 0)\" class=\"has-inline-color has-black-color\">(el antecedente de la enajenaci\u00f3n), al encontrarse revestidas de la presunci\u00f3n de legalidad. <\/mark><\/p>\n\n\n\n<p><mark style=\"background-color:rgba(0, 0, 0, 0)\" class=\"has-inline-color has-black-color\">En<\/mark><mark style=\"background-color:rgba(0, 0, 0, 0);color:#340262\" class=\"has-inline-color\"> <strong><u>todo caso<\/u> la<\/strong> <strong>enajenaci\u00f3n podr\u00e1 ser anulada por declaraci\u00f3n judicial en el juicio agrario<\/strong>,<\/mark> a cuyo resultado quedar\u00e1n sujetos los actos posteriores.<\/p>\n\n\n\n<p>.<\/p>\n\n\n\n<p>Tambi\u00e9n aclara que, esta <strong><mark style=\"background-color:#edae81\" class=\"has-inline-color\">conclusi\u00f3n no desatiende el principio de precauci\u00f3n<\/mark><\/strong>, el cual <strong><mark style=\"background-color:#b3f4da\" class=\"has-inline-color\">constituye una herramienta fundamental para resolver situaciones de incertidumbre<\/mark><\/strong>, particularmente cient\u00edfica, que plantea el <mark style=\"background-color:#cef494\" class=\"has-inline-color\"><strong>derecho ambiental<\/strong><\/mark><mark style=\"background-color:#ffffff\" class=\"has-inline-color\">, porque el solo hecho de que se <\/mark><mark style=\"background-color:#cef494\" class=\"has-inline-color\"><strong>califique e inscriba<\/strong><\/mark><strong> <\/strong><em><u>un contrato de enajenaci\u00f3n de derechos parcelarios<\/u><\/em> y se<mark style=\"background-color:#ffffff\" class=\"has-inline-color\"> <\/mark><mark style=\"background-color:#ddfc00\" class=\"has-inline-color\"><strong>expida<\/strong> el <em>certificado parcelario correspondiente<\/em>, <strong>no causa, revela o presume la existencia de alg\u00fan riesgo para el medio ambiente<\/strong>, pero <strong>tampoco implica<\/strong> ni significa la <strong>autorizaci\u00f3n de obra o cambio de uso de suelo alguno<\/strong><\/mark><mark style=\"background-color:#cdf1a3\" class=\"has-inline-color\">.<\/mark><\/p>\n\n\n\n<p><\/p>\n\n\n\n<p>.<\/p>\n\n\n\n<p>Esta <strong><mark style=\"background-color:#f78aee\" class=\"has-inline-color has-black-color\">Resoluci\u00f3n<\/mark> <\/strong>es de <strong>aplicaci\u00f3n <mark style=\"background-color:rgba(0, 0, 0, 0);color:#850303\" class=\"has-inline-color\">OBLIGATORIA<\/mark> <\/strong>en todo el pa\u00eds, a partir de esta semana.<\/p>\n\n\n\n<p><mark style=\"background-color:rgba(0, 0, 0, 0);color:#a20666\" class=\"has-inline-color\"><strong>Jurisprudencia ADMINISTRATIVA<\/strong>.<\/mark><\/p>\n\n\n\n<p>.<\/p>\n\n\n\n<p class=\"wp-embed-aspect-16-9 wp-has-aspect-ratio\">Si estas en el <strong><mark style=\"background-color:rgba(0, 0, 0, 0)\" class=\"has-inline-color has-vivid-red-color\">Extranjero <\/mark><\/strong>nosotros somos tu <strong><mark style=\"background-color:rgba(0, 0, 0, 0)\" class=\"has-inline-color has-vivid-green-cyan-color\">mejor<\/mark><\/strong> alternativa para <strong><mark style=\"background-color:rgba(0, 0, 0, 0)\" class=\"has-inline-color has-luminous-vivid-orange-color\">velar<\/mark><\/strong> por tus <strong><mark style=\"background-color:rgba(0, 0, 0, 0)\" class=\"has-inline-color has-vivid-cyan-blue-color\">intereses<\/mark><\/strong>, escr\u00edbenos o ll\u00e1manos al Tel <strong>55581-11311<\/strong>.<\/p>\n\n\n\n<p>.<\/p>\n\n\n\n<p>Cuando<strong> necesites<\/strong> ayuda, <strong>asistencia<\/strong> o <strong>planeaci\u00f3n<\/strong> legal, <strong>solicita<\/strong> <strong>Cita Privada<\/strong> <a rel=\"noreferrer noopener\" href=\"mailto:bi@sm99.mx\" target=\"_blank\"><strong>Aqu\u00ed<\/strong><\/a><\/p>\n\n\n\n<p>La informaci\u00f3n que AQU\u00cd te presentamos <strong>deriva<\/strong> de los <strong>Peri\u00f3dicos Oficiales <\/strong>de la<strong> CdMx<\/strong>, <strong>Estado<\/strong> de Mex., Diario <strong>Oficial<\/strong> de la Federaci\u00f3n, Suprema Corte de<strong> Justicia<\/strong> de la Naci\u00f3n, por lo tanto es de <strong>aplicaci\u00f3n OBLIGATORIA<\/strong><\/p>\n\n\n\n<p>La <strong>informaci\u00f3n<\/strong> de hoy procede de la Suprema Corte de Justicia<\/p>\n\n\n\n<p><strong><mark style=\"background-color:rgba(0, 0, 0, 0)\" class=\"has-inline-color has-luminous-vivid-orange-color\">AY\u00daDANOS<\/mark><\/strong> para que m\u00e1s personas conozcan esta informaci\u00f3n, <strong>Comp\u00e1rtelo<\/strong> en tus redes sociales.<\/p>\n","protected":false},"excerpt":{"rendered":"<p>Views: 11 . . Este ANTECEDENTE: Surge luego de que Tribunales Colegiados de Circuito contendientes tuvieron criterios diferentes &nbsp;al analizar si el Registro Agrario Nacional puede negar la inscripci\u00f3n del contrato de enajenaci\u00f3n de derechos parcelarios, con fundamento en el art\u00edculo 59 de la Ley Agraria, ante la posibilidad de que dicha parcela este sobre [&hellip;]<\/p>\n","protected":false},"author":3,"featured_media":29303,"comment_status":"closed","ping_status":"open","sticky":false,"template":"","format":"standard","meta":{"_jetpack_memberships_contains_paid_content":false,"footnotes":""},"categories":[4],"tags":[],"jetpack_sharing_enabled":true,"jetpack_featured_media_url":"http:\/\/www.salgadonoticias.com\/wp-content\/uploads\/2024\/08\/REGISTRO-AGRACIO.jpg","_links":{"self":[{"href":"http:\/\/www.salgadonoticias.com\/index.php?rest_route=\/wp\/v2\/posts\/29300"}],"collection":[{"href":"http:\/\/www.salgadonoticias.com\/index.php?rest_route=\/wp\/v2\/posts"}],"about":[{"href":"http:\/\/www.salgadonoticias.com\/index.php?rest_route=\/wp\/v2\/types\/post"}],"author":[{"embeddable":true,"href":"http:\/\/www.salgadonoticias.com\/index.php?rest_route=\/wp\/v2\/users\/3"}],"replies":[{"embeddable":true,"href":"http:\/\/www.salgadonoticias.com\/index.php?rest_route=%2Fwp%2Fv2%2Fcomments&post=29300"}],"version-history":[{"count":5,"href":"http:\/\/www.salgadonoticias.com\/index.php?rest_route=\/wp\/v2\/posts\/29300\/revisions"}],"predecessor-version":[{"id":29314,"href":"http:\/\/www.salgadonoticias.com\/index.php?rest_route=\/wp\/v2\/posts\/29300\/revisions\/29314"}],"wp:featuredmedia":[{"embeddable":true,"href":"http:\/\/www.salgadonoticias.com\/index.php?rest_route=\/wp\/v2\/media\/29303"}],"wp:attachment":[{"href":"http:\/\/www.salgadonoticias.com\/index.php?rest_route=%2Fwp%2Fv2%2Fmedia&parent=29300"}],"wp:term":[{"taxonomy":"category","embeddable":true,"href":"http:\/\/www.salgadonoticias.com\/index.php?rest_route=%2Fwp%2Fv2%2Fcategories&post=29300"},{"taxonomy":"post_tag","embeddable":true,"href":"http:\/\/www.salgadonoticias.com\/index.php?rest_route=%2Fwp%2Fv2%2Ftags&post=29300"}],"curies":[{"name":"wp","href":"https:\/\/api.w.org\/{rel}","templated":true}]}}