{"id":29317,"date":"2024-08-23T00:57:00","date_gmt":"2024-08-23T05:57:00","guid":{"rendered":"https:\/\/www.salgadonoticias.com\/?p=29317"},"modified":"2024-08-23T18:02:26","modified_gmt":"2024-08-23T23:02:26","slug":"29317","status":"publish","type":"post","link":"http:\/\/www.salgadonoticias.com\/?p=29317","title":{"rendered":"Comisi\u00f3n de ENERGIA (CRE) &#8230; NO Invade al MP cuando IMPONE medidas de PREVENCI\u00d3N&#8230;!!!"},"content":{"rendered":"<p>Views: 8<\/p>\n<p>.<\/p>\n\n\n\n<figure class=\"wp-block-embed is-type-video is-provider-youtube wp-block-embed-youtube wp-embed-aspect-16-9 wp-has-aspect-ratio\"><div class=\"wp-block-embed__wrapper\">\n<iframe loading=\"lazy\" title=\"2 noticias, NOM&#039;S de Salud y Comisi\u00f3n Reguladora de Energ\u00eda con facultad de poner sellos...!!!\" width=\"640\" height=\"360\" src=\"https:\/\/www.youtube.com\/embed\/nEG0lncLUMs?feature=oembed\" frameborder=\"0\" allow=\"accelerometer; autoplay; clipboard-write; encrypted-media; gyroscope; picture-in-picture; web-share\" referrerpolicy=\"strict-origin-when-cross-origin\" allowfullscreen><\/iframe>\n<\/div><\/figure>\n\n\n\n<p>.<\/p>\n\n\n\n<p>Este <strong>ANTECEDENTE<\/strong>: <\/p>\n\n\n\n<p><strong>Surge<\/strong> despu\u00e9s de que una empresa permisionaria, promoviera <strong>Amparo<\/strong> indirecto contra la Comisi\u00f3n Reguladora de Energ\u00eda (CRE), luego de que al realizar una <strong><mark style=\"background-color:rgba(0, 0, 0, 0);color:#f95656\" class=\"has-inline-color\">visita extraordinaria<\/mark><\/strong> a sus Instalaciones le <mark style=\"background-color:rgba(0, 0, 0, 0);color:#052881\" class=\"has-inline-color\"><strong>impuso<\/strong> una<strong> medida preventiva<\/strong><\/mark><mark style=\"background-color:rgba(0, 0, 0, 0)\" class=\"has-inline-color has-black-color\"> consistente en la <\/mark><mark style=\"background-color:rgba(0, 0, 0, 0);color:#052881\" class=\"has-inline-color\"><strong>clausura<\/strong><em> <\/em><\/mark><mark style=\"background-color:rgba(0, 0, 0, 0)\" class=\"has-inline-color has-black-color\"><em>temporal y parcial de sus instalaciones<\/em>, as\u00ed como la <\/mark><mark style=\"background-color:rgba(0, 0, 0, 0);color:#052881\" class=\"has-inline-color\"><strong>inmovilizaci\u00f3n<\/strong><\/mark><mark style=\"background-color:rgba(0, 0, 0, 0)\" class=\"has-inline-color has-black-color\"> de once m\u00f3dulos despachadores y la<\/mark><mark style=\"background-color:rgba(0, 0, 0, 0);color:#052881\" class=\"has-inline-color\"> <strong>colocaci\u00f3n de sellos<\/strong><\/mark> sobre los mismos, todo estos con fundamento en el <mark style=\"background-color:#edb7a9\" class=\"has-inline-color\"><strong>art.  22 Bis, fracc. I, de la Ley Federal para Prevenir y Sancionar los Delitos Cometidos en Materia de Hidrocarburos<\/strong>.<\/mark> <\/p>\n\n\n\n<p>En contra de esa determinaci\u00f3n, la <strong>persona <mark style=\"background-color:rgba(0, 0, 0, 0)\" class=\"has-inline-color has-vivid-red-color\">moral<\/mark><\/strong> promovi\u00f3 juicio de amparo indirecto; la persona Juzgadora de Distrito del conocimiento <strong>sobresey\u00f3 en el juicio y neg\u00f3 el amparo<\/strong>. Inconforme con esa resoluci\u00f3n, la parte quejosa interpuso recurso de revisi\u00f3n. <\/p>\n\n\n\n<p>La <strong><mark style=\"background-color:rgba(0, 0, 0, 0);color:#1a0588\" class=\"has-inline-color\">Suprema Corte de Justicia<\/mark><\/strong> a trav\u00e9s de la Primera Sala <strong><mark style=\"background-color:rgba(0, 0, 0, 0);color:#8e0606\" class=\"has-inline-color\">DETERMINA<\/mark> <\/strong>que la <strong><mark style=\"background-color:rgba(0, 0, 0, 0);color:#058053\" class=\"has-inline-color\">Comisi\u00f3n Reguladora de Energ\u00eda<\/mark> <mark style=\"background-color:#f7fb36\" class=\"has-inline-color\">PUEDE imponer diversas MEDIDAS de PREVENCI\u00d3N<\/mark><\/strong> con <mark style=\"background-color:rgba(0, 0, 0, 0);color:#a20707\" class=\"has-inline-color\"><strong>respecto<\/strong> a <strong>Delitos en materia de Hidrocarburos<\/strong><\/mark><strong> <\/strong>(Art. 22 Bis fracc. I de la Ley en la materia), las cuales son <mark style=\"background-color:#95f93e\" class=\"has-inline-color\"><strong>compatibles<\/strong> con la facultad <strong>exclusiva <\/strong>del <em><strong>Ministerio P\u00fablico<\/strong><\/em> para <em><strong>formular e impulsar <\/strong><\/em>una <strong>acusaci\u00f3n Penal<\/strong><\/mark><strong>. <\/strong>(Art. 21 de la Constituci\u00f3n) <\/p>\n\n\n\n<p>.<\/p>\n\n\n\n<p>La justificaci\u00f3n de la <strong><mark style=\"background-color:rgba(0, 0, 0, 0);color:#24079f\" class=\"has-inline-color\">SCJN <\/mark><\/strong>a lo anterior es que, para llegar a esa conclusi\u00f3n, se debe considerar que el <strong>verbo &#8220;advertir&#8221;<\/strong> <em>a que se refiere el art\u00edculo reclamado<\/em> <strong>no se relaciona con el verbo &#8220;investigar&#8221;<\/strong> contenido en el art\u00edculo 21 constitucional y por lo tanto, si bien de u<em>na<strong> <mark style=\"background-color:#f4becc\" class=\"has-inline-color\">VISITA de INSPECCI\u00d3N <\/mark><\/strong>en materia de hidrocarburos<\/em> puede <mark style=\"background-color:rgba(0, 0, 0, 0);color:#d90808\" class=\"has-inline-color\"><strong>DERIVAR <\/strong>el <strong>INICIO<\/strong> de un <strong>proceso penal<\/strong>, esto <strong>SOLO<\/strong> es posible <strong>si dicha circunstancia se hace del conocimiento del Ministerio P\u00fablico<\/strong>; de <strong>no ser as\u00ed, la medida de prevenci\u00f3n se quedar\u00e1 \u00fanicamente en el \u00e1mbito del derecho administrativo sancionador<\/strong><\/mark>. <\/p>\n\n\n\n<p>Por tanto, para que pueda procederse en la v\u00eda penal, la Comisi\u00f3n Reguladora de Energ\u00eda<strong><mark style=\"background-color:#82edd7\" class=\"has-inline-color\"> forzosamente debe acudir ante el Ministerio P\u00fablico a denunciar los hechos probablemente constitutivos de un delito<\/mark><\/strong> en materia de hidrocarburos, toda vez que la<strong> <\/strong><mark style=\"background-color:#f1bf9b\" class=\"has-inline-color\"><strong>investigaci\u00f3n<\/strong> correspondiente es <strong>competencia <\/strong>constitucional <strong>exclusiva de la autoridad ministerial.<\/strong><\/mark><\/p>\n\n\n\n<p>.<\/p>\n\n\n\n<p>Esta <strong><mark style=\"background-color:#b2d6f6\" class=\"has-inline-color has-black-color\">Resoluci\u00f3n<\/mark> <\/strong>es de <strong>aplicaci\u00f3n <mark style=\"background-color:rgba(0, 0, 0, 0);color:#850303\" class=\"has-inline-color\">OBLIGATORIA<\/mark> <\/strong>en todo el pa\u00eds, a partir de esta semana.<\/p>\n\n\n\n<p><mark style=\"background-color:rgba(0, 0, 0, 0);color:#055583\" class=\"has-inline-color\"><strong>Jurisprudencia ADMINISTRATIVA<\/strong>.<\/mark><\/p>\n\n\n\n<p>.<\/p>\n\n\n\n<p class=\"wp-embed-aspect-16-9 wp-has-aspect-ratio\">Si estas en el <strong><mark style=\"background-color:rgba(0, 0, 0, 0)\" class=\"has-inline-color has-vivid-red-color\">Extranjero <\/mark><\/strong>nosotros somos tu <strong><mark style=\"background-color:rgba(0, 0, 0, 0)\" class=\"has-inline-color has-vivid-green-cyan-color\">mejor<\/mark><\/strong> alternativa para <strong><mark style=\"background-color:rgba(0, 0, 0, 0)\" class=\"has-inline-color has-luminous-vivid-orange-color\">velar<\/mark><\/strong> por tus <strong><mark style=\"background-color:rgba(0, 0, 0, 0)\" class=\"has-inline-color has-vivid-cyan-blue-color\">intereses<\/mark><\/strong>, escr\u00edbenos o ll\u00e1manos al Tel <strong>55581-11311<\/strong>.<\/p>\n\n\n\n<p>.<\/p>\n\n\n\n<p>Cuando<strong> necesites<\/strong> ayuda, <strong>asistencia<\/strong> o <strong>planeaci\u00f3n<\/strong> legal, <strong>solicita<\/strong> <strong>Cita Privada<\/strong> <a rel=\"noreferrer noopener\" href=\"mailto:bi@sm99.mx\" target=\"_blank\"><strong>Aqu\u00ed<\/strong><\/a><\/p>\n\n\n\n<p>La informaci\u00f3n que AQU\u00cd te presentamos <strong>deriva<\/strong> de los <strong>Peri\u00f3dicos Oficiales <\/strong>de la<strong> CdMx<\/strong>, <strong>Estado<\/strong> de Mex., Diario <strong>Oficial<\/strong> de la Federaci\u00f3n, Suprema Corte de<strong> Justicia<\/strong> de la Naci\u00f3n, por lo tanto es de <strong>aplicaci\u00f3n OBLIGATORIA<\/strong><\/p>\n\n\n\n<p>La <strong>informaci\u00f3n<\/strong> de hoy procede de la Suprema Corte de Justicia<\/p>\n\n\n\n<p><strong><mark style=\"background-color:rgba(0, 0, 0, 0)\" class=\"has-inline-color has-luminous-vivid-orange-color\">AY\u00daDANOS<\/mark><\/strong> para que m\u00e1s personas conozcan esta informaci\u00f3n, <strong>Comp\u00e1rtelo<\/strong> en tus redes sociales.<\/p>\n","protected":false},"excerpt":{"rendered":"<p>Views: 8 . . Este ANTECEDENTE: Surge despu\u00e9s de que una empresa permisionaria, promoviera Amparo indirecto contra la Comisi\u00f3n Reguladora de Energ\u00eda (CRE), luego de que al realizar una visita extraordinaria a sus Instalaciones le impuso una medida preventiva consistente en la clausura temporal y parcial de sus instalaciones, as\u00ed como la inmovilizaci\u00f3n de once [&hellip;]<\/p>\n","protected":false},"author":3,"featured_media":29332,"comment_status":"closed","ping_status":"open","sticky":false,"template":"","format":"standard","meta":{"_jetpack_memberships_contains_paid_content":false,"footnotes":""},"categories":[4],"tags":[],"jetpack_sharing_enabled":true,"jetpack_featured_media_url":"http:\/\/www.salgadonoticias.com\/wp-content\/uploads\/2024\/08\/MULTAS.jpg","_links":{"self":[{"href":"http:\/\/www.salgadonoticias.com\/index.php?rest_route=\/wp\/v2\/posts\/29317"}],"collection":[{"href":"http:\/\/www.salgadonoticias.com\/index.php?rest_route=\/wp\/v2\/posts"}],"about":[{"href":"http:\/\/www.salgadonoticias.com\/index.php?rest_route=\/wp\/v2\/types\/post"}],"author":[{"embeddable":true,"href":"http:\/\/www.salgadonoticias.com\/index.php?rest_route=\/wp\/v2\/users\/3"}],"replies":[{"embeddable":true,"href":"http:\/\/www.salgadonoticias.com\/index.php?rest_route=%2Fwp%2Fv2%2Fcomments&post=29317"}],"version-history":[{"count":9,"href":"http:\/\/www.salgadonoticias.com\/index.php?rest_route=\/wp\/v2\/posts\/29317\/revisions"}],"predecessor-version":[{"id":29369,"href":"http:\/\/www.salgadonoticias.com\/index.php?rest_route=\/wp\/v2\/posts\/29317\/revisions\/29369"}],"wp:featuredmedia":[{"embeddable":true,"href":"http:\/\/www.salgadonoticias.com\/index.php?rest_route=\/wp\/v2\/media\/29332"}],"wp:attachment":[{"href":"http:\/\/www.salgadonoticias.com\/index.php?rest_route=%2Fwp%2Fv2%2Fmedia&parent=29317"}],"wp:term":[{"taxonomy":"category","embeddable":true,"href":"http:\/\/www.salgadonoticias.com\/index.php?rest_route=%2Fwp%2Fv2%2Fcategories&post=29317"},{"taxonomy":"post_tag","embeddable":true,"href":"http:\/\/www.salgadonoticias.com\/index.php?rest_route=%2Fwp%2Fv2%2Ftags&post=29317"}],"curies":[{"name":"wp","href":"https:\/\/api.w.org\/{rel}","templated":true}]}}