{"id":29340,"date":"2024-08-26T01:00:00","date_gmt":"2024-08-26T06:00:00","guid":{"rendered":"https:\/\/www.salgadonoticias.com\/?p=29340"},"modified":"2024-08-26T17:49:37","modified_gmt":"2024-08-26T22:49:37","slug":"hasta-70-anos-de-carcel-por-transfeminicidio","status":"publish","type":"post","link":"http:\/\/www.salgadonoticias.com\/?p=29340","title":{"rendered":"Ahora &#8230;&#8230;.. TRANSFEMINICIDIOS &#8230;!!!"},"content":{"rendered":"<p>Views: 13<\/p>\n<p>.<\/p>\n\n\n\n<figure class=\"wp-block-embed is-type-video is-provider-youtube wp-block-embed-youtube wp-embed-aspect-16-9 wp-has-aspect-ratio\"><div class=\"wp-block-embed__wrapper\">\n<iframe loading=\"lazy\" title=\"Ahora TRANSFEMINICIDIOS en CdMx y NOMS para asentamientos irregulares\" width=\"640\" height=\"360\" src=\"https:\/\/www.youtube.com\/embed\/Vsm6j2X4_dY?feature=oembed\" frameborder=\"0\" allow=\"accelerometer; autoplay; clipboard-write; encrypted-media; gyroscope; picture-in-picture; web-share\" referrerpolicy=\"strict-origin-when-cross-origin\" allowfullscreen><\/iframe>\n<\/div><\/figure>\n\n\n\n<p>.<\/p>\n\n\n\n<p>Se <strong>reformaron<\/strong> el C\u00f3digo <strong><mark style=\"background-color:rgba(0, 0, 0, 0);color:#9b0707\" class=\"has-inline-color\">PENAL<\/mark><\/strong> y <strong>Civil <\/strong>de la CdMx, con lo que <strong>a partir de esta semana<\/strong> se <mark style=\"background-color:#72ecbb\" class=\"has-inline-color\"><strong>Castigar\u00e1<\/strong> con penas de <strong>30 a 70<\/strong> a\u00f1os de <strong>Prisi\u00f3n<\/strong> a quien <strong>cometa<\/strong> el delito de <strong>TRANSFEMINICIDIO<\/strong>.<\/mark> Adem\u00e1s, la pena se <strong>AGRAVA<\/strong> en una <strong>tercera parte <\/strong>cuando exista:<\/p>\n\n\n\n<ul>\n<li><mark style=\"background-color:rgba(0, 0, 0, 0)\" class=\"has-inline-color has-vivid-red-color\"><strong>Sa\u00f1a<\/strong><\/mark><\/li>\n\n\n\n<li><mark style=\"background-color:rgba(0, 0, 0, 0);color:#3107e3\" class=\"has-inline-color\"><strong>Si la v\u00edctima era trabajadora sexual<\/strong><\/mark><\/li>\n\n\n\n<li><mark style=\"background-color:rgba(0, 0, 0, 0);color:#c65606\" class=\"has-inline-color\"><strong>Explotaci\u00f3n sexual<\/strong><\/mark><\/li>\n\n\n\n<li><mark style=\"background-color:rgba(0, 0, 0, 0);color:#058407\" class=\"has-inline-color\"><strong>Si se comete entre dos o m\u00e1s personas.<\/strong><\/mark><\/li>\n\n\n\n<li><strong><mark style=\"background-color:rgba(0, 0, 0, 0);color:#919405\" class=\"has-inline-color\">Si se comete en presencia de una o m\u00e1s personas<\/mark><\/strong><\/li>\n\n\n\n<li><mark style=\"background-color:rgba(0, 0, 0, 0);color:#75828e\" class=\"has-inline-color\"><strong>Si es menor de edad, discapacitada o adulta mayor<\/strong><\/mark><\/li>\n\n\n\n<li><mark style=\"background-color:rgba(0, 0, 0, 0);color:#bd0231\" class=\"has-inline-color\"><strong>Si recibi\u00f3 amenazas de muerte relacionadas a su identidad o expresi\u00f3n de g\u00e9nero.<\/strong><\/mark><\/li>\n<\/ul>\n\n\n\n<p>..<\/p>\n\n\n\n<p>El <strong><mark style=\"background-color:rgba(0, 0, 0, 0);color:#7e0404\" class=\"has-inline-color\">TRANSFEMINICIDIO<\/mark><\/strong>:&nbsp;<strong><mark style=\"background-color:rgba(0, 0, 0, 0);color:#3b046f\" class=\"has-inline-color\">son los asesinatos de mujeres trans, cometidos con un agravante de odio por el simple hecho de ser mujeres trans<\/mark><\/strong><mark style=\"background-color:rgba(0, 0, 0, 0);color:#40027a\" class=\"has-inline-color\"> <\/mark>y <mark style=\"background-color:rgba(0, 0, 0, 0);color:#7b0154\" class=\"has-inline-color\"><strong>personas sentenciadas por este delito ser\u00e1n inscritas<\/strong>, en el <strong>Registro P\u00fablico de Personas Agresores Sexuales<\/strong> y permanecer\u00e1n ah\u00ed <strong>hasta por 30 a\u00f1os<\/strong><\/mark>.<\/p>\n\n\n\n<p>.<\/p>\n\n\n\n<p>Son <strong><mark style=\"background-color:#fcb900\" class=\"has-inline-color\">7<\/mark><\/strong> <mark style=\"background-color:#f1c9d3\" class=\"has-inline-color\"><strong>razones de identidad<\/strong> o <strong>expresi\u00f3n de g\u00e9nero<\/strong><\/mark> cuando se <strong>presente<\/strong> cualquiera de los siguientes supuestos<\/p>\n\n\n\n<ul>\n<li><mark style=\"background-color:#aad2f4\" class=\"has-inline-color\"><strong>Signos de violencia sexual de cualquier tipo<\/strong>.<\/mark><\/li>\n\n\n\n<li><mark style=\"background-color:#f9a96f\" class=\"has-inline-color\">Tenga <strong>lesiones infames, degradantes o mutilaciones<\/strong> previas o posteriores a la muerte.<\/mark><\/li>\n\n\n\n<li><mark style=\"background-color:#86f765\" class=\"has-inline-color\"><strong>Amenazas, acoso, violencia, lesiones, da\u00f1o o sufrimiento<\/strong> f\u00edsico, psicol\u00f3gico, patrimonial, econ\u00f3mico, o violencia en el <strong>\u00e1mbito familiar, laboral o escolar<\/strong>.<\/mark><\/li>\n\n\n\n<li><mark style=\"background-color:#d4fc00\" class=\"has-inline-color has-black-color\">Haya <strong>existido una relaci\u00f3n sentimental, afectiva, laboral o de parentesco <\/strong>por consanguinidad o afinidad.<\/mark><\/li>\n\n\n\n<li><mark style=\"background-color:#ee4848\" class=\"has-inline-color\">Su c<strong>uerpo sea expuesto, exhibido, depositado<\/strong>, arrojado en un lugar p\u00fablico, <strong>enterrado o incinerado.<\/strong><\/mark><\/li>\n\n\n\n<li><mark style=\"background-color:#ba9dd5\" class=\"has-inline-color\">Que haya estado i<strong>ncomunicada o en estado de indefensi\u00f3n<\/strong>.<\/mark><\/li>\n\n\n\n<li><mark style=\"background-color:#5ef2e3\" class=\"has-inline-color has-black-color\">Cuando sus <strong>pertenencia<\/strong>, objetos personales o vestimenta sean <strong>despojadas, destruidas o incineradas<\/strong>.<\/mark><\/li>\n<\/ul>\n\n\n\n<p>.<\/p>\n\n\n\n<p class=\"has-medium-font-size\"><mark style=\"background-color:rgba(0, 0, 0, 0)\" class=\"has-inline-color has-black-color\">Adem\u00e1s las <\/mark><mark style=\"background-color:rgba(0, 0, 0, 0);color:#9b0341\" class=\"has-inline-color\"><strong>ACTAS de DEFUNCI\u00d3N<\/strong> <\/mark><mark style=\"background-color:rgba(0, 0, 0, 0)\" class=\"has-inline-color has-black-color\">de las<\/mark><mark style=\"background-color:rgba(0, 0, 0, 0);color:#9b0341\" class=\"has-inline-color\"> <strong>Personas Transg\u00e9nero<\/strong>, <\/mark><mark style=\"background-color:rgba(0, 0, 0, 0)\" class=\"has-inline-color has-black-color\">PODR\u00c1N ser<\/mark><mark style=\"background-color:rgba(0, 0, 0, 0);color:#9b0341\" class=\"has-inline-color\"> <strong>tramitadas<\/strong> <\/mark><mark style=\"background-color:rgba(0, 0, 0, 0)\" class=\"has-inline-color has-black-color\">por CUALQUIER <\/mark><mark style=\"background-color:rgba(0, 0, 0, 0);color:#9b0341\" class=\"has-inline-color\"><strong>persona que pertenezca a la familia social<\/strong> (amig@s, compa\u00f1er@s de trabajo o vivienda)<\/mark><mark style=\"background-color:rgba(0, 0, 0, 0)\" class=\"has-inline-color has-black-color\">,<\/mark><mark style=\"background-color:rgba(0, 0, 0, 0);color:#9b0341\" class=\"has-inline-color\"> <\/mark><mark style=\"background-color:rgba(0, 0, 0, 0)\" class=\"has-inline-color has-black-color\">esto CUANDO sus <\/mark><mark style=\"background-color:rgba(0, 0, 0, 0);color:#9b0341\" class=\"has-inline-color\"><strong>familiares directos<\/strong><\/mark><mark style=\"background-color:rgba(0, 0, 0, 0)\" class=\"has-inline-color has-black-color\"> se <\/mark><mark style=\"background-color:rgba(0, 0, 0, 0);color:#9b0341\" class=\"has-inline-color\"><strong>NIEGUEN a realizar el tr\u00e1mite<\/strong>.<\/mark> <mark style=\"background-color:#fae046\" class=\"has-inline-color\">(<strong>reforma<\/strong> al Art. <strong>118<\/strong> del C\u00f3digo <strong>Civil<\/strong>)<\/mark><\/p>\n\n\n\n<p>.<\/p>\n\n\n\n<p>Da click aqu\u00ed para ver comparativo.<\/p>\n\n\n\n<div data-wp-interactive=\"core\/file\" class=\"wp-block-file\"><object data-wp-bind--hidden=\"!state.hasPdfPreview\"  class=\"wp-block-file__embed\" data=\"http:\/\/www.salgadonoticias.com\/wp-content\/uploads\/2024\/08\/Comparativo-Codigo-PENAL-CdMx.-agosto-2024.pdf\" type=\"application\/pdf\" style=\"width:100%;height:600px\" aria-label=\"Incrustado de Comparativo C\u00f3digo PENAL CdMx. agosto-2024.\"><\/object><a id=\"wp-block-file--media-b02b5fe4-c16d-41ca-b184-8797207c7e2c\" href=\"http:\/\/www.salgadonoticias.com\/wp-content\/uploads\/2024\/08\/Comparativo-Codigo-PENAL-CdMx.-agosto-2024.pdf\">Comparativo C\u00f3digo PENAL CdMx. agosto-2024<\/a><a href=\"http:\/\/www.salgadonoticias.com\/wp-content\/uploads\/2024\/08\/Comparativo-Codigo-PENAL-CdMx.-agosto-2024.pdf\" class=\"wp-block-file__button wp-element-button\" download aria-describedby=\"wp-block-file--media-b02b5fe4-c16d-41ca-b184-8797207c7e2c\">Descarga<\/a><\/div>\n\n\n\n<p>.<\/p>\n\n\n\n<p class=\"wp-embed-aspect-16-9 wp-has-aspect-ratio\">Si estas en el <strong><mark style=\"background-color:rgba(0, 0, 0, 0)\" class=\"has-inline-color has-vivid-red-color\">Extranjero <\/mark><\/strong>nosotros somos tu <strong><mark style=\"background-color:rgba(0, 0, 0, 0)\" class=\"has-inline-color has-vivid-green-cyan-color\">mejor<\/mark><\/strong> alternativa para <strong><mark style=\"background-color:rgba(0, 0, 0, 0)\" class=\"has-inline-color has-luminous-vivid-orange-color\">velar<\/mark><\/strong> por tus <strong><mark style=\"background-color:rgba(0, 0, 0, 0)\" class=\"has-inline-color has-vivid-cyan-blue-color\">intereses<\/mark><\/strong>, escr\u00edbenos o ll\u00e1manos al Tel <strong>55581-11311<\/strong>.<\/p>\n\n\n\n<p>.<\/p>\n\n\n\n<p>Cuando<strong> necesites<\/strong> ayuda, <strong>asistencia<\/strong> o <strong>planeaci\u00f3n<\/strong> legal, <strong>solicita<\/strong> <strong>Cita Privada<\/strong> <a rel=\"noreferrer noopener\" href=\"mailto:bi@sm99.mx\" target=\"_blank\"><strong>Aqu\u00ed<\/strong><\/a><\/p>\n\n\n\n<p>La informaci\u00f3n que AQU\u00cd te presentamos <strong>deriva<\/strong> de los <strong>Peri\u00f3dicos Oficiales <\/strong>de la<strong> CdMx<\/strong>, <strong>Estado<\/strong> de Mex., Diario <strong>Oficial<\/strong> de la Federaci\u00f3n, Suprema Corte de<strong> Justicia<\/strong> de la Naci\u00f3n, por lo tanto es de <strong>aplicaci\u00f3n OBLIGATORIA<\/strong><\/p>\n\n\n\n<p>La <strong>informaci\u00f3n<\/strong> de hoy procede de la Gaceta de la CdMx<\/p>\n\n\n\n<p><strong><mark style=\"background-color:rgba(0, 0, 0, 0)\" class=\"has-inline-color has-luminous-vivid-orange-color\">AY\u00daDANOS<\/mark><\/strong> para que m\u00e1s personas conozcan esta informaci\u00f3n, <strong>Comp\u00e1rtelo<\/strong> en tus redes sociales.<\/p>\n","protected":false},"excerpt":{"rendered":"<p>Views: 13 . . Se reformaron el C\u00f3digo PENAL y Civil de la CdMx, con lo que a partir de esta semana se Castigar\u00e1 con penas de 30 a 70 a\u00f1os de Prisi\u00f3n a quien cometa el delito de TRANSFEMINICIDIO. Adem\u00e1s, la pena se AGRAVA en una tercera parte cuando exista: .. El TRANSFEMINICIDIO:&nbsp;son los [&hellip;]<\/p>\n","protected":false},"author":3,"featured_media":29346,"comment_status":"closed","ping_status":"open","sticky":false,"template":"","format":"standard","meta":{"_jetpack_memberships_contains_paid_content":false,"footnotes":""},"categories":[7,22],"tags":[],"jetpack_sharing_enabled":true,"jetpack_featured_media_url":"http:\/\/www.salgadonoticias.com\/wp-content\/uploads\/2024\/08\/trans.webp","_links":{"self":[{"href":"http:\/\/www.salgadonoticias.com\/index.php?rest_route=\/wp\/v2\/posts\/29340"}],"collection":[{"href":"http:\/\/www.salgadonoticias.com\/index.php?rest_route=\/wp\/v2\/posts"}],"about":[{"href":"http:\/\/www.salgadonoticias.com\/index.php?rest_route=\/wp\/v2\/types\/post"}],"author":[{"embeddable":true,"href":"http:\/\/www.salgadonoticias.com\/index.php?rest_route=\/wp\/v2\/users\/3"}],"replies":[{"embeddable":true,"href":"http:\/\/www.salgadonoticias.com\/index.php?rest_route=%2Fwp%2Fv2%2Fcomments&post=29340"}],"version-history":[{"count":9,"href":"http:\/\/www.salgadonoticias.com\/index.php?rest_route=\/wp\/v2\/posts\/29340\/revisions"}],"predecessor-version":[{"id":29383,"href":"http:\/\/www.salgadonoticias.com\/index.php?rest_route=\/wp\/v2\/posts\/29340\/revisions\/29383"}],"wp:featuredmedia":[{"embeddable":true,"href":"http:\/\/www.salgadonoticias.com\/index.php?rest_route=\/wp\/v2\/media\/29346"}],"wp:attachment":[{"href":"http:\/\/www.salgadonoticias.com\/index.php?rest_route=%2Fwp%2Fv2%2Fmedia&parent=29340"}],"wp:term":[{"taxonomy":"category","embeddable":true,"href":"http:\/\/www.salgadonoticias.com\/index.php?rest_route=%2Fwp%2Fv2%2Fcategories&post=29340"},{"taxonomy":"post_tag","embeddable":true,"href":"http:\/\/www.salgadonoticias.com\/index.php?rest_route=%2Fwp%2Fv2%2Ftags&post=29340"}],"curies":[{"name":"wp","href":"https:\/\/api.w.org\/{rel}","templated":true}]}}