{"id":29348,"date":"2024-08-27T01:11:00","date_gmt":"2024-08-27T06:11:00","guid":{"rendered":"https:\/\/www.salgadonoticias.com\/?p=29348"},"modified":"2024-08-27T17:38:55","modified_gmt":"2024-08-27T22:38:55","slug":"29348","status":"publish","type":"post","link":"http:\/\/www.salgadonoticias.com\/?p=29348","title":{"rendered":"BENEFICIARIO de Fallecid@\u2026 Es con BASE a DEPENDENCIA Econ\u00f3mica, NO por Parentesco\u2026!!!"},"content":{"rendered":"<p>Views: 45<\/p>\n<p>.<\/p>\n\n\n\n<figure class=\"wp-block-embed is-type-video is-provider-youtube wp-block-embed-youtube wp-embed-aspect-16-9 wp-has-aspect-ratio\"><div class=\"wp-block-embed__wrapper\">\n<iframe loading=\"lazy\" title=\"BENEFICIARIO de Fallecid@...Es con BASE a DEPENDENCIA Econ\u00f3mica,  NO por Parentesco\" width=\"640\" height=\"360\" src=\"https:\/\/www.youtube.com\/embed\/D3qLasFMUkk?feature=oembed\" frameborder=\"0\" allow=\"accelerometer; autoplay; clipboard-write; encrypted-media; gyroscope; picture-in-picture; web-share\" referrerpolicy=\"strict-origin-when-cross-origin\" allowfullscreen><\/iframe>\n<\/div><\/figure>\n\n\n\n<p>.<\/p>\n\n\n\n<p>Este ANTECEDENTE:<\/p>\n\n\n\n<p><strong>Surge <\/strong>despu\u00e9s de que, tras la muerte de un trabajador, su <mark style=\"background-color:#f7cb54\" class=\"has-inline-color\"><strong>concubino<\/strong> fue declarado <strong>\u00fanico y leg\u00edtimo beneficiario<\/strong><\/mark>. <\/p>\n\n\n\n<p>Los <mark style=\"background-color:rgba(0, 0, 0, 0);color:#f30c0c\" class=\"has-inline-color\"><strong>hermanos<\/strong> del <em><strong>de cujus<\/strong><\/em> &nbsp;<strong>Inconformes<\/strong> <\/mark>con dicha resoluci\u00f3n, promovieron amparo indirecto, en el que consideraron que <strong>ten\u00edan derecho a ser reconocidos como beneficiarios<\/strong> <strong>en virtud del parentesco por consanguinidad<\/strong> y adem\u00e1s de que <strong>se\u00f1alaron<\/strong> como acto reclamado la <strong>omisi\u00f3n<\/strong> de <strong>llamarlos<\/strong> al procedimiento especial correspondiente.<\/p>\n\n\n\n<p>.<\/p>\n\n\n\n<p>La <strong><mark style=\"background-color:rgba(0, 0, 0, 0);color:#180191\" class=\"has-inline-color\">Suprema Corte de Justicia <\/mark><\/strong>a trav\u00e9s del Tribunal Colegiado de Circuito <mark style=\"background-color:rgba(0, 0, 0, 0);color:#760202\" class=\"has-inline-color\"><strong>DETERMIN\u00d3<\/strong> <\/mark>que el <mark style=\"background-color:#c3f097\" class=\"has-inline-color\"><strong>CRITERIO relevante<\/strong> para <strong>reconocer<\/strong> el car\u00e1cter de <strong>beneficiario<\/strong> de un trabajador fallecido<\/mark> <strong><mark style=\"background-color:rgba(0, 0, 0, 0);color:#e56408\" class=\"has-inline-color\">DEBE SER<\/mark><\/strong> la <strong><mark style=\"background-color:rgba(0, 0, 0, 0);color:#6e0303\" class=\"has-inline-color\">Dependencia ECON\u00d3MICA<\/mark><\/strong>, <mark style=\"background-color:#a9cbe9\" class=\"has-inline-color\"><strong>NO<\/strong> el <strong>parentesco<\/strong> por consanguinidad<\/mark>.<\/p>\n\n\n\n<p>.<\/p>\n\n\n\n<p>La justificaci\u00f3n de la <strong><mark style=\"background-color:rgba(0, 0, 0, 0);color:#080d78\" class=\"has-inline-color\">SCJN<\/mark><\/strong> es que al <strong><mark style=\"background-color:rgba(0, 0, 0, 0);color:#b50808\" class=\"has-inline-color\">resolver<\/mark><\/strong> el amparo directo en revisi\u00f3n 6910\/2016, donde se analiz\u00f3 la constitucionalidad de la fracc. IV del art\u00edculo 501 de la Ley Federal del Trabajo, la 2da. Sala <mark style=\"background-color:#88f4c9\" class=\"has-inline-color\"><strong>estableci\u00f3<\/strong> que la <strong>obligaci\u00f3n de acreditar la <u>dependencia econ\u00f3mica<\/u><\/strong><\/mark><strong> <\/strong>respecto de la trabajadora fallecida<strong> <u><mark style=\"background-color:rgba(0, 0, 0, 0);color:#bb0303\" class=\"has-inline-color\">no es una limitante<\/mark><\/u> <\/strong>a los derechos de quien solicita ser reconocido como su beneficiario, adem\u00e1s de que es <mark style=\"background-color:rgba(0, 0, 0, 0);color:#9e085f\" class=\"has-inline-color\"><strong>congruente<\/strong> <\/mark><mark style=\"background-color:rgba(0, 0, 0, 0)\" class=\"has-inline-color has-black-color\">con el <\/mark><mark style=\"background-color:rgba(0, 0, 0, 0);color:#9e085f\" class=\"has-inline-color\"><strong>derecho a la seguridad social<\/strong>, <\/mark><mark style=\"background-color:rgba(0, 0, 0, 0)\" class=\"has-inline-color has-black-color\">pues se traduce en un <\/mark><mark style=\"background-color:rgba(0, 0, 0, 0);color:#9e085f\" class=\"has-inline-color\"><strong>requisito indispensable<\/strong> <\/mark><mark style=\"background-color:rgba(0, 0, 0, 0)\" class=\"has-inline-color has-black-color\">para la <\/mark><mark style=\"background-color:rgba(0, 0, 0, 0);color:#9e085f\" class=\"has-inline-color\"><strong>procedencia del pago<\/strong> <\/mark><mark style=\"background-color:rgba(0, 0, 0, 0)\" class=\"has-inline-color has-black-color\">de las prestaciones generadas por la de cujus esto<\/mark><mark style=\"background-color:rgba(0, 0, 0, 0);color:#9e085f\" class=\"has-inline-color\"> <strong>a pesar<\/strong> de que el peticionario <strong>ostente la calidad de hermano<\/strong>.<\/mark><\/p>\n\n\n\n<p>En ese sentido, la Sala indic\u00f3 que <strong><mark style=\"background-color:#ff6900\" class=\"has-inline-color\">no basta demostrar un lazo<\/mark><\/strong> con aqu\u00e9lla <strong><mark style=\"background-color:#ff6900\" class=\"has-inline-color\">para ser considerado leg\u00edtimo beneficiario<\/mark><\/strong>, ya que es <mark style=\"background-color:#b5f37f\" class=\"has-inline-color\"><strong>NECESARIO justificar<\/strong> que \u00e9sta le <strong>procuraba el sustento<\/strong><\/mark> necesario para satisfacer sus necesidades materiales. Por tanto, se advierte que el art\u00edculo citado <mark style=\"background-color:rgba(0, 0, 0, 0);color:#9b0101\" class=\"has-inline-color\"><strong>NO<\/strong> <strong>privilegia el parentesco por consanguinidad<\/strong>, <strong>SINO<\/strong> la <strong>dependencia econ\u00f3mica<\/strong><\/mark>, y la <mark style=\"background-color:#d6e7f6\" class=\"has-inline-color\"><strong>exigencia de demostrarla NO transgrede<\/strong> los <strong>derechos a la seguridad social<\/strong>, a la igualdad y a la no discriminaci\u00f3n.<\/mark><\/p>\n\n\n\n<p>.<\/p>\n\n\n\n<p>Esta <strong><mark style=\"background-color:#d7f84f\" class=\"has-inline-color\">RESOLUCI\u00d3N<\/mark> <\/strong>esta <strong>disponible <\/strong>para Quien la Conozca y la <strong><mark style=\"background-color:rgba(0, 0, 0, 0);color:#700303\" class=\"has-inline-color\">HAGA VALER<\/mark>.<\/strong><\/p>\n\n\n\n<p><strong><mark style=\"background-color:rgba(0, 0, 0, 0);color:#86bd03\" class=\"has-inline-color\">Tesis LABORAL.<\/mark><\/strong><\/p>\n\n\n\n<p><\/p>\n\n\n\n<p>.<\/p>\n\n\n\n<p class=\"wp-embed-aspect-16-9 wp-has-aspect-ratio\">Si estas en el <strong><mark style=\"background-color:rgba(0, 0, 0, 0)\" class=\"has-inline-color has-vivid-red-color\">Extranjero <\/mark><\/strong>nosotros somos tu <strong><mark style=\"background-color:rgba(0, 0, 0, 0)\" class=\"has-inline-color has-vivid-green-cyan-color\">mejor<\/mark><\/strong> alternativa para <strong><mark style=\"background-color:rgba(0, 0, 0, 0)\" class=\"has-inline-color has-luminous-vivid-orange-color\">velar<\/mark><\/strong> por tus <strong><mark style=\"background-color:rgba(0, 0, 0, 0)\" class=\"has-inline-color has-vivid-cyan-blue-color\">intereses<\/mark><\/strong>, escr\u00edbenos o ll\u00e1manos al Tel <strong>55581-11311<\/strong>.<\/p>\n\n\n\n<p>.<\/p>\n\n\n\n<p>Cuando<strong> necesites<\/strong> ayuda, <strong>asistencia<\/strong> o <strong>planeaci\u00f3n<\/strong> legal, <strong>solicita<\/strong> <strong>Cita Privada<\/strong> <a rel=\"noreferrer noopener\" href=\"mailto:bi@sm99.mx\" target=\"_blank\"><strong>Aqu\u00ed<\/strong><\/a><\/p>\n\n\n\n<p>La informaci\u00f3n que AQU\u00cd te presentamos <strong>deriva<\/strong> de los <strong>Peri\u00f3dicos Oficiales <\/strong>de la<strong> CdMx<\/strong>, <strong>Estado<\/strong> de Mex., Diario <strong>Oficial<\/strong> de la Federaci\u00f3n, Suprema Corte de<strong> Justicia<\/strong> de la Naci\u00f3n, por lo tanto es de <strong>aplicaci\u00f3n OBLIGATORIA<\/strong><\/p>\n\n\n\n<p>La <strong>informaci\u00f3n<\/strong> de hoy procede de la Suprema Corte de Justicia<\/p>\n\n\n\n<p><strong><mark style=\"background-color:rgba(0, 0, 0, 0)\" class=\"has-inline-color has-luminous-vivid-orange-color\">AY\u00daDANOS<\/mark><\/strong> para que m\u00e1s personas conozcan esta informaci\u00f3n, <strong>Comp\u00e1rtelo<\/strong> en tus redes sociales.<\/p>\n","protected":false},"excerpt":{"rendered":"<p>Views: 45 . . Este ANTECEDENTE: Surge despu\u00e9s de que, tras la muerte de un trabajador, su concubino fue declarado \u00fanico y leg\u00edtimo beneficiario. Los hermanos del de cujus &nbsp;Inconformes con dicha resoluci\u00f3n, promovieron amparo indirecto, en el que consideraron que ten\u00edan derecho a ser reconocidos como beneficiarios en virtud del parentesco por consanguinidad y [&hellip;]<\/p>\n","protected":false},"author":3,"featured_media":29361,"comment_status":"closed","ping_status":"open","sticky":false,"template":"","format":"standard","meta":{"_jetpack_memberships_contains_paid_content":false,"footnotes":""},"categories":[4],"tags":[],"jetpack_sharing_enabled":true,"jetpack_featured_media_url":"http:\/\/www.salgadonoticias.com\/wp-content\/uploads\/2024\/08\/pension-1.webp","_links":{"self":[{"href":"http:\/\/www.salgadonoticias.com\/index.php?rest_route=\/wp\/v2\/posts\/29348"}],"collection":[{"href":"http:\/\/www.salgadonoticias.com\/index.php?rest_route=\/wp\/v2\/posts"}],"about":[{"href":"http:\/\/www.salgadonoticias.com\/index.php?rest_route=\/wp\/v2\/types\/post"}],"author":[{"embeddable":true,"href":"http:\/\/www.salgadonoticias.com\/index.php?rest_route=\/wp\/v2\/users\/3"}],"replies":[{"embeddable":true,"href":"http:\/\/www.salgadonoticias.com\/index.php?rest_route=%2Fwp%2Fv2%2Fcomments&post=29348"}],"version-history":[{"count":7,"href":"http:\/\/www.salgadonoticias.com\/index.php?rest_route=\/wp\/v2\/posts\/29348\/revisions"}],"predecessor-version":[{"id":29396,"href":"http:\/\/www.salgadonoticias.com\/index.php?rest_route=\/wp\/v2\/posts\/29348\/revisions\/29396"}],"wp:featuredmedia":[{"embeddable":true,"href":"http:\/\/www.salgadonoticias.com\/index.php?rest_route=\/wp\/v2\/media\/29361"}],"wp:attachment":[{"href":"http:\/\/www.salgadonoticias.com\/index.php?rest_route=%2Fwp%2Fv2%2Fmedia&parent=29348"}],"wp:term":[{"taxonomy":"category","embeddable":true,"href":"http:\/\/www.salgadonoticias.com\/index.php?rest_route=%2Fwp%2Fv2%2Fcategories&post=29348"},{"taxonomy":"post_tag","embeddable":true,"href":"http:\/\/www.salgadonoticias.com\/index.php?rest_route=%2Fwp%2Fv2%2Ftags&post=29348"}],"curies":[{"name":"wp","href":"https:\/\/api.w.org\/{rel}","templated":true}]}}