{"id":29374,"date":"2024-08-28T01:00:00","date_gmt":"2024-08-28T06:00:00","guid":{"rendered":"https:\/\/www.salgadonoticias.com\/?p=29374"},"modified":"2024-08-28T13:37:56","modified_gmt":"2024-08-28T18:37:56","slug":"29374","status":"publish","type":"post","link":"http:\/\/www.salgadonoticias.com\/?p=29374","title":{"rendered":"Indemnizaci\u00f3n por DA\u00d1O Moral y PATRIMONIAL con Base al SALARIO M\u00ednimo&#8230;!!!"},"content":{"rendered":"<p>Views: 11<\/p>\n<p>.<\/p>\n\n\n\n<figure class=\"wp-block-embed is-type-video is-provider-youtube wp-block-embed-youtube wp-embed-aspect-16-9 wp-has-aspect-ratio\"><div class=\"wp-block-embed__wrapper\">\n<iframe loading=\"lazy\" title=\"Indemnizaci\u00f3n por DA\u00d1O Moral y PATRIMONIAL como Base al SALARIO M\u00ednimo. ..\" width=\"640\" height=\"360\" src=\"https:\/\/www.youtube.com\/embed\/0gUFcmuiXcc?feature=oembed\" frameborder=\"0\" allow=\"accelerometer; autoplay; clipboard-write; encrypted-media; gyroscope; picture-in-picture; web-share\" referrerpolicy=\"strict-origin-when-cross-origin\" allowfullscreen><\/iframe>\n<\/div><\/figure>\n\n\n\n<p>.<\/p>\n\n\n\n<p>Este <strong>ANTECEDENTE<\/strong>:<\/p>\n\n\n\n<p>Surge despu\u00e9s de que los <strong>familiares <\/strong>de una <strong>persona que muri\u00f3 atropellada<\/strong> <strong>demandaron<\/strong> a la due\u00f1a del veh\u00edculo y a varias Aseguradoras, pidiendo una <strong>indemnizaci\u00f3n<\/strong> SEG\u00daN el <strong>art\u00edculo 1915<\/strong> del C\u00f3digo Civil de la CdMx. (<strong><mark style=\"background-color:#abb8c3\" class=\"has-inline-color\">Pago de Da\u00f1os y Perjuicios<\/mark><\/strong>)<\/p>\n\n\n\n<p>El tribunal ORDEN\u00d3 a las demandadas <strong>PAGAR<\/strong> por <strong>da\u00f1os patrimoniales y morales<\/strong> y aunque el art\u00edculo menciona el salario m\u00ednimo, el tribunal <strong>us\u00f3 la UMA para calcular la indemnizaci\u00f3n<\/strong>, bas\u00e1ndose en el art\u00edculo 123 apartado A fracc. VI de la Constituci\u00f3n. <\/p>\n\n\n\n<p>Esta decisi\u00f3n fue cuestionada y el tribunal colegiado <strong>decidi\u00f3<\/strong> que <strong>deb\u00eda usarse el salario m\u00ednimo<\/strong>, por lo que una de las aseguradoras apel\u00f3 esta decisi\u00f3n.<\/p>\n\n\n\n<p>.<\/p>\n\n\n\n<p>La <strong><mark style=\"background-color:rgba(0, 0, 0, 0);color:#020770\" class=\"has-inline-color\">Suprema Corte de Justicia<\/mark><\/strong> a <strong><mark style=\"background-color:rgba(0, 0, 0, 0);color:#8c0101\" class=\"has-inline-color\">DETERMIN\u00d3<\/mark><\/strong> que el <mark style=\"background-color:#e6f73a\" class=\"has-inline-color\"><strong>art\u00edculo 1915<\/strong> del C\u00f3digo Civil <strong>NO VIOLA<\/strong><\/mark><strong>,<\/strong> la <mark style=\"background-color:#f1b6c5\" class=\"has-inline-color\">Constituci\u00f3n al MENCIONAR el <strong>salario m\u00ednimo<\/strong> para <strong>calcular el pago<\/strong> de indemnizaci\u00f3n por <strong>da\u00f1os patrimoniales y morales.<\/strong><\/mark><\/p>\n\n\n\n<p>El problema surge al interpretarlo usando la UMA en lugar del salario m\u00ednimo.<\/p>\n\n\n\n<p>.<\/p>\n\n\n\n<p>La justificaci\u00f3n de la <strong><mark style=\"background-color:rgba(0, 0, 0, 0);color:#0f028c\" class=\"has-inline-color\">SCJN<\/mark><\/strong> es que la premisa del <mark style=\"background-color:rgba(0, 0, 0, 0);color:#510598\" class=\"has-inline-color\"><strong>derecho de da\u00f1os<\/strong> <\/mark><mark style=\"background-color:rgba(0, 0, 0, 0)\" class=\"has-inline-color has-black-color\">es que la<\/mark><mark style=\"background-color:rgba(0, 0, 0, 0);color:#510598\" class=\"has-inline-color\"> <strong>reparaci\u00f3n <\/strong>DEBE <strong>calcularse <\/strong><\/mark><mark style=\"background-color:rgba(0, 0, 0, 0)\" class=\"has-inline-color has-black-color\">a partir de la <\/mark><mark style=\"background-color:rgba(0, 0, 0, 0);color:#510598\" class=\"has-inline-color\"><strong>violaci\u00f3n de derechos<\/strong> <\/mark><mark style=\"background-color:rgba(0, 0, 0, 0)\" class=\"has-inline-color has-black-color\">que da origen al procedimiento judicial. <\/mark><\/p>\n\n\n\n<p><mark style=\"background-color:rgba(0, 0, 0, 0)\" class=\"has-inline-color has-black-color\">As\u00ed, las instituciones de la responsabilidad civil deben ser aptas para<\/mark><mark style=\"background-color:rgba(0, 0, 0, 0);color:#510598\" class=\"has-inline-color\"> <strong>atender el da\u00f1o efectivamente causado<\/strong>. <\/mark><mark style=\"background-color:rgba(0, 0, 0, 0)\" class=\"has-inline-color has-black-color\">Lo que hace a una<\/mark><mark style=\"background-color:rgba(0, 0, 0, 0);color:#510598\" class=\"has-inline-color\"> <strong>reparaci\u00f3n \u201cadecuada\u201d o \u201capropiada<\/strong><\/mark><strong>\u201d<\/strong> es que responda al fen\u00f3meno da\u00f1ino; al menoscabo patrimonial o moral.<\/p>\n\n\n\n<p>As\u00ed, el 2do. p\u00e1rrafo del <mark style=\"background-color:rgba(0, 0, 0, 0);color:#c50707\" class=\"has-inline-color\"><strong>art\u00edculo 1915<\/strong> <\/mark><mark style=\"background-color:rgba(0, 0, 0, 0)\" class=\"has-inline-color has-black-color\">citado<\/mark><mark style=\"background-color:rgba(0, 0, 0, 0);color:#c50707\" class=\"has-inline-color\"> <strong>prev\u00e9<\/strong><\/mark><mark style=\"background-color:rgba(0, 0, 0, 0)\" class=\"has-inline-color has-black-color\"> una <\/mark><mark style=\"background-color:rgba(0, 0, 0, 0);color:#c50707\" class=\"has-inline-color\"><strong>regla para indemnizar los da\u00f1os patrimoniales derivados de un da\u00f1o corporal reflejado en la muerte de la persona o en ciertas incapacidades<\/strong>. <\/mark><\/p>\n\n\n\n<p>En espec\u00edfico, el da\u00f1o que esta norma atiende es el lucro cesante generado por la incapacidad o muerte de una persona a partir de un hecho da\u00f1oso.<\/p>\n\n\n\n<p>Por lo tanto, se <mark style=\"background-color:#fac096\" class=\"has-inline-color\"><strong>busca indemnizar por la incapacidad de generar ganancias l\u00edcitas<\/strong> <\/mark>que de otra forma se <strong><mark style=\"background-color:#f1b386\" class=\"has-inline-color\">hubieran obtenido por la capacidad productiva de la persona da\u00f1ada<\/mark><\/strong> en su integridad f\u00edsica.<\/p>\n\n\n\n<p>Al respecto, en los amparos directos en revisi\u00f3n 593\/2015 y 798\/2018, la Primera Sala especific\u00f3 que la <mark style=\"background-color:#78f2c5\" class=\"has-inline-color\"><strong>regla general para calcular la indemnizaci\u00f3n en los casos de da\u00f1o<\/strong> <\/mark>corporal consiste en atender a los ingresos o ganancias l\u00edcitas que hubiere obtenido la v\u00edctima de no haber ocurrido el hecho il\u00edcito da\u00f1oso (ingresos o ganancias que no vienen determinadas por el salario m\u00ednimo, sino por lo que de hecho la persona generar\u00eda). <\/p>\n\n\n\n<p>Y ante la <strong><mark style=\"background-color:rgba(0, 0, 0, 0);color:#bf0707\" class=\"has-inline-color\">imposibilidad de calcular estos ingresos y ganancias l\u00edcitas es que debe recurrirse<\/mark><\/strong> al mecanismo de cuantificaci\u00f3n establecido en el segundo p\u00e1rrafo del art\u00edculo 1915 esto es en base al <strong><mark style=\"background-color:rgba(0, 0, 0, 0);color:#ab0303\" class=\"has-inline-color\">SALARIO M\u00cdNIMO<\/mark><\/strong>. <\/p>\n\n\n\n<p>En este supuesto de <strong>excepci\u00f3n<\/strong>, <mark style=\"background-color:#a8f4e2\" class=\"has-inline-color\"><strong>utilizar la UMA<\/strong> como medida de cuantificaci\u00f3n <strong>distorsionar\u00eda la pretensi\u00f3n reparadora<\/strong><\/mark> de la norma, esto porque la <strong><mark style=\"background-color:#f4aabd\" class=\"has-inline-color\">UMA no tiene relaci\u00f3n alguna con la capacidad productiva de una persona<\/mark><\/strong>. <\/p>\n\n\n\n<p>Y <strong>recurrir <\/strong>a ella para <strong>definir el quantum indemnizatorio<\/strong> <strong>PROVOCA<\/strong> que la <strong>reparaci\u00f3n no atienda al da\u00f1o efectivamente causado<\/strong>. En cambio, dada la naturaleza laboral del <strong>salario m\u00ednimo<\/strong>, tiene sentido atender a \u00e9ste como <strong>base de cuantificaci\u00f3n<\/strong>, pues lo que se pretende compensar es una capacidad de trabajo perdida (un lucro cesante).<\/p>\n\n\n\n<p>.<\/p>\n\n\n\n<p>Esta <strong><mark style=\"background-color:#ee8cc8\" class=\"has-inline-color\">RESOLUCI\u00d3N<\/mark> <\/strong>es de <strong>aplicaci\u00f3n <mark style=\"background-color:rgba(0, 0, 0, 0);color:#9d0303\" class=\"has-inline-color\">OBLIGATORIA<\/mark> <\/strong>en todo el pa\u00eds a partir de esta semana.<\/p>\n\n\n\n<p><strong><mark style=\"background-color:rgba(0, 0, 0, 0);color:#b0038a\" class=\"has-inline-color\">Jurisprudencia CIVIL<\/mark><\/strong><\/p>\n\n\n\n<p>.<\/p>\n\n\n\n<p class=\"wp-embed-aspect-16-9 wp-has-aspect-ratio\">Si estas en el <strong><mark style=\"background-color:rgba(0, 0, 0, 0)\" class=\"has-inline-color has-vivid-red-color\">Extranjero <\/mark><\/strong>nosotros somos tu <strong><mark style=\"background-color:rgba(0, 0, 0, 0)\" class=\"has-inline-color has-vivid-green-cyan-color\">mejor<\/mark><\/strong> alternativa para <strong><mark style=\"background-color:rgba(0, 0, 0, 0)\" class=\"has-inline-color has-luminous-vivid-orange-color\">velar<\/mark><\/strong> por tus <strong><mark style=\"background-color:rgba(0, 0, 0, 0)\" class=\"has-inline-color has-vivid-cyan-blue-color\">intereses<\/mark><\/strong>, escr\u00edbenos o ll\u00e1manos al Tel <strong>55581-11311<\/strong>.<\/p>\n\n\n\n<p>.<\/p>\n\n\n\n<p>Cuando<strong> necesites<\/strong> ayuda, <strong>asistencia<\/strong> o <strong>planeaci\u00f3n<\/strong> legal, <strong>solicita<\/strong> <strong>Cita Privada<\/strong> <a rel=\"noreferrer noopener\" href=\"mailto:bi@sm99.mx\" target=\"_blank\"><strong>Aqu\u00ed<\/strong><\/a><\/p>\n\n\n\n<p>La informaci\u00f3n que AQU\u00cd te presentamos <strong>deriva<\/strong> de los <strong>Peri\u00f3dicos Oficiales <\/strong>de la<strong> CdMx<\/strong>, <strong>Estado<\/strong> de Mex., Diario <strong>Oficial<\/strong> de la Federaci\u00f3n, Suprema Corte de<strong> Justicia<\/strong> de la Naci\u00f3n, por lo tanto es de <strong>aplicaci\u00f3n OBLIGATORIA<\/strong><\/p>\n\n\n\n<p>La <strong>informaci\u00f3n<\/strong> de hoy procede de la Suprema Corte de Justicia<\/p>\n\n\n\n<p><strong><mark style=\"background-color:rgba(0, 0, 0, 0)\" class=\"has-inline-color has-luminous-vivid-orange-color\">AY\u00daDANOS<\/mark><\/strong> para que m\u00e1s personas conozcan esta informaci\u00f3n, <strong>Comp\u00e1rtelo<\/strong> en tus redes sociales.<\/p>\n","protected":false},"excerpt":{"rendered":"<p>Views: 11 . . Este ANTECEDENTE: Surge despu\u00e9s de que los familiares de una persona que muri\u00f3 atropellada demandaron a la due\u00f1a del veh\u00edculo y a varias Aseguradoras, pidiendo una indemnizaci\u00f3n SEG\u00daN el art\u00edculo 1915 del C\u00f3digo Civil de la CdMx. (Pago de Da\u00f1os y Perjuicios) El tribunal ORDEN\u00d3 a las demandadas PAGAR por da\u00f1os [&hellip;]<\/p>\n","protected":false},"author":3,"featured_media":29392,"comment_status":"closed","ping_status":"open","sticky":false,"template":"","format":"standard","meta":{"_jetpack_memberships_contains_paid_content":false,"footnotes":""},"categories":[4],"tags":[],"jetpack_sharing_enabled":true,"jetpack_featured_media_url":"http:\/\/www.salgadonoticias.com\/wp-content\/uploads\/2024\/08\/calculo.jpg","_links":{"self":[{"href":"http:\/\/www.salgadonoticias.com\/index.php?rest_route=\/wp\/v2\/posts\/29374"}],"collection":[{"href":"http:\/\/www.salgadonoticias.com\/index.php?rest_route=\/wp\/v2\/posts"}],"about":[{"href":"http:\/\/www.salgadonoticias.com\/index.php?rest_route=\/wp\/v2\/types\/post"}],"author":[{"embeddable":true,"href":"http:\/\/www.salgadonoticias.com\/index.php?rest_route=\/wp\/v2\/users\/3"}],"replies":[{"embeddable":true,"href":"http:\/\/www.salgadonoticias.com\/index.php?rest_route=%2Fwp%2Fv2%2Fcomments&post=29374"}],"version-history":[{"count":5,"href":"http:\/\/www.salgadonoticias.com\/index.php?rest_route=\/wp\/v2\/posts\/29374\/revisions"}],"predecessor-version":[{"id":29399,"href":"http:\/\/www.salgadonoticias.com\/index.php?rest_route=\/wp\/v2\/posts\/29374\/revisions\/29399"}],"wp:featuredmedia":[{"embeddable":true,"href":"http:\/\/www.salgadonoticias.com\/index.php?rest_route=\/wp\/v2\/media\/29392"}],"wp:attachment":[{"href":"http:\/\/www.salgadonoticias.com\/index.php?rest_route=%2Fwp%2Fv2%2Fmedia&parent=29374"}],"wp:term":[{"taxonomy":"category","embeddable":true,"href":"http:\/\/www.salgadonoticias.com\/index.php?rest_route=%2Fwp%2Fv2%2Fcategories&post=29374"},{"taxonomy":"post_tag","embeddable":true,"href":"http:\/\/www.salgadonoticias.com\/index.php?rest_route=%2Fwp%2Fv2%2Ftags&post=29374"}],"curies":[{"name":"wp","href":"https:\/\/api.w.org\/{rel}","templated":true}]}}