{"id":29410,"date":"2024-08-30T01:00:00","date_gmt":"2024-08-30T06:00:00","guid":{"rendered":"https:\/\/www.salgadonoticias.com\/?p=29410"},"modified":"2024-08-30T12:22:47","modified_gmt":"2024-08-30T17:22:47","slug":"29410","status":"publish","type":"post","link":"http:\/\/www.salgadonoticias.com\/?p=29410","title":{"rendered":"\u00a1\u00a1\u00a1Insensibles y Tramposos&#8230;!!!"},"content":{"rendered":"<p>Views: 3<\/p>\n<p>.<\/p>\n\n\n\n<p>Con la <mark style=\"background-color:#f7fc00\" class=\"has-inline-color has-black-color\"><strong>reforma<\/strong> al Transitorio <strong>Tercero<\/strong><\/mark><mark style=\"background-color:rgba(0, 0, 0, 0);color:#940404\" class=\"has-inline-color\"><strong> <\/strong><\/mark>del Decreto que se expide la Constituci\u00f3n Pol\u00edtica de la CdMx del 5 de febrero de 2017, <mark style=\"background-color:#ffffff;color:#a40505\" class=\"has-inline-color\"><strong>SER\u00c1 hasta el a\u00f1o 2030<\/strong> <\/mark><mark style=\"background-color:#ffffff\" class=\"has-inline-color has-black-color\">cuando<\/mark><mark style=\"background-color:#ffffff;color:#a40505\" class=\"has-inline-color\"> <strong>Entrar\u00e1 en Vigor la LEY 3 de 3<\/strong>, <\/mark><mark style=\"background-color:#ffffff\" class=\"has-inline-color has-black-color\">y<\/mark><mark style=\"background-color:#ffffff;color:#a40505\" class=\"has-inline-color\"> <\/mark><strong><mark style=\"background-color:#c4edf6\" class=\"has-inline-color has-black-color\">NO ma\u00f1ana 31 de agosto este a\u00f1o como se ten\u00eda contemplado.<\/mark><\/strong><\/p>\n\n\n\n<p>.<\/p>\n\n\n\n<p>En <strong>noviembre<\/strong> del 20<strong>23<\/strong>, se agreg\u00f3 el numeral 11 al art\u00edculo 10, apartado C , <mark style=\"background-color:rgba(0, 0, 0, 0);color:#990606\" class=\"has-inline-color\"><strong>elevando<\/strong> as\u00ed a <strong>rango constituciona<\/strong>l<\/mark> que NING\u00daN <strong><mark style=\"background-color:#c7f870\" class=\"has-inline-color\">Violentador, Deudor Alimentario o Acosador Sexual<\/mark><\/strong> <mark style=\"background-color:#f89148\" class=\"has-inline-color\"><strong>OCUPE<\/strong> un <strong>cargo p\u00fablico<\/strong><\/mark> de elecci\u00f3n popular&nbsp;o que sea <strong>funcionario en los tres \u00f3rdenes de gobierno<\/strong>, esto es lo que textualmente se indica:<\/p>\n\n\n\n<p><mark style=\"background-color:rgba(0, 0, 0, 0);color:#480488\" class=\"has-inline-color\">\u201c<\/mark><strong><mark style=\"background-color:rgba(0, 0, 0, 0);color:#870443\" class=\"has-inline-color\">Ninguna persona que se encuentre en los siguientes supuestos podr\u00e1 ejercer un empleo, cargo o comisi\u00f3n en el servicio p\u00fablico, ni podr\u00e1 registrarse como candidata a cargos de elecci\u00f3n popular<\/mark><\/strong><mark style=\"background-color:rgba(0, 0, 0, 0);color:#480488\" class=\"has-inline-color\">:<\/mark><\/p>\n\n\n\n<ul>\n<li><mark style=\"background-color:rgba(0, 0, 0, 0);color:#5803a8\" class=\"has-inline-color\"><strong>\u201ca) Cuente<\/strong> con <strong>sentencia firme <\/strong>por la comisi\u00f3n intencional de <strong>delitos contra la vida y la integridad corporal; contra la libertad y seguridad sexuales, el normal desarrollo psicosexual;<\/strong><\/mark><\/li>\n\n\n\n<li><mark style=\"background-color:rgba(0, 0, 0, 0);color:#6107b5\" class=\"has-inline-color\"><strong>\u201cb) Cuente<\/strong> con <strong>sentencia firme<\/strong> por delitos de <strong>violencia familiar<\/strong>, violencia <strong>familiar equiparada<\/strong> o <strong>dom\u00e9stica, violaci\u00f3n a la intimidad sexual;<\/strong> por violencia p<strong>ol\u00edtica contra las mujeres en raz\u00f3n de g\u00e9nero<\/strong>, en cualquiera de sus modalidades y tipos,<\/mark><\/li>\n\n\n\n<li><mark style=\"background-color:rgba(0, 0, 0, 0);color:#5c08aa\" class=\"has-inline-color\"><strong>\u201cc)<\/strong> Se encuentre <strong>inscrita en el Registro de Deudores Alimentarios Morosos<\/strong>, a menos que acredite estar al corriente del pago, cancele esa deuda o se tramite el descuento correspondiente\u201d.<\/mark><\/li>\n<\/ul>\n\n\n\n<p>.<\/p>\n\n\n\n<p>Este <strong>APLAZAMIENTO<\/strong><mark style=\"background-color:rgba(0, 0, 0, 0)\" class=\"has-inline-color has-vivid-red-color\"> <\/mark><mark style=\"background-color:rgba(0, 0, 0, 0);color:#b50671\" class=\"has-inline-color\"><strong>permitir\u00e1<\/strong> <\/mark><mark style=\"background-color:rgba(0, 0, 0, 0)\" class=\"has-inline-color has-black-color\">que\u00a0aquellas<\/mark><mark style=\"background-color:rgba(0, 0, 0, 0);color:#b50671\" class=\"has-inline-color\"> <strong>personas sentenciadas por violencia familiar, acoso sexual o que sean deudores alimentarios <\/strong><\/mark><strong><mark style=\"background-color:rgba(0, 0, 0, 0)\" class=\"has-inline-color has-black-color\">PUEDAN<\/mark><\/strong><mark style=\"background-color:rgba(0, 0, 0, 0);color:#b50671\" class=\"has-inline-color\"> <strong>trabajar<\/strong> <\/mark><mark style=\"background-color:rgba(0, 0, 0, 0)\" class=\"has-inline-color has-black-color\">durante la administraci\u00f3n de Clara Brugada, pues su mandato termina justo ese a\u00f1o, o incluso <\/mark><strong><mark style=\"background-color:rgba(0, 0, 0, 0)\" class=\"has-inline-color has-black-color\">SER<\/mark><\/strong><mark style=\"background-color:rgba(0, 0, 0, 0);color:#b50671\" class=\"has-inline-color\"><strong> alcaldes<\/strong><\/mark><strong><mark style=\"background-color:rgba(0, 0, 0, 0)\" class=\"has-inline-color has-black-color\"> o<\/mark><\/strong><mark style=\"background-color:rgba(0, 0, 0, 0);color:#b50671\" class=\"has-inline-color\"><strong> competir por la reelecci\u00f3n<\/strong>.<\/mark><\/p>\n\n\n\n<p>.<\/p>\n\n\n\n<p><strong><mark style=\"background-color:#c6daec\" class=\"has-inline-color\">Este retraso Es o NO una falta de empat\u00eda y Justicia para las v\u00edctimas.<\/mark><\/strong><\/p>\n\n\n\n<p>.<\/p>\n\n\n\n<p>Tambi\u00e9n te puede interesar:<\/p>\n\n\n\n<figure class=\"wp-block-table is-style-regular\"><table><tbody><tr><td><strong><a href=\"https:\/\/www.salgadonoticias.com\/wp-admin\/post.php?post=25463&amp;action=edit\">Se Eleva a RANGO Constitucional la LEY 3 de 3\u2026!!!<\/a><\/strong><\/td><\/tr><\/tbody><\/table><\/figure>\n\n\n\n<p>.<\/p>\n\n\n\n<p>.<\/p>\n\n\n\n<p class=\"wp-embed-aspect-16-9 wp-has-aspect-ratio\">Si estas en el <strong><mark style=\"background-color:rgba(0, 0, 0, 0)\" class=\"has-inline-color has-vivid-red-color\">Extranjero <\/mark><\/strong>nosotros somos tu <strong><mark style=\"background-color:rgba(0, 0, 0, 0)\" class=\"has-inline-color has-vivid-green-cyan-color\">mejor<\/mark><\/strong> alternativa para <strong><mark style=\"background-color:rgba(0, 0, 0, 0)\" class=\"has-inline-color has-luminous-vivid-orange-color\">velar<\/mark><\/strong> por tus <strong><mark style=\"background-color:rgba(0, 0, 0, 0)\" class=\"has-inline-color has-vivid-cyan-blue-color\">intereses<\/mark><\/strong>, escr\u00edbenos o ll\u00e1manos al Tel <strong>55581-11311<\/strong>.<\/p>\n\n\n\n<p>.<\/p>\n\n\n\n<p>Cuando<strong> necesites<\/strong> ayuda, <strong>asistencia<\/strong> o <strong>planeaci\u00f3n<\/strong> legal, <strong>solicita<\/strong> <strong>Cita Privada<\/strong> <a rel=\"noreferrer noopener\" href=\"mailto:bi@sm99.mx\" target=\"_blank\"><strong>Aqu\u00ed<\/strong><\/a><\/p>\n\n\n\n<p>La informaci\u00f3n que AQU\u00cd te presentamos <strong>deriva<\/strong> de los <strong>Peri\u00f3dicos Oficiales <\/strong>de la<strong> CdMx<\/strong>, <strong>Estado<\/strong> de Mex., Diario <strong>Oficial<\/strong> de la Federaci\u00f3n, Suprema Corte de<strong> Justicia<\/strong> de la Naci\u00f3n, por lo tanto es de <strong>aplicaci\u00f3n OBLIGATORIA<\/strong><\/p>\n\n\n\n<p>La <strong>informaci\u00f3n<\/strong> de hoy procede de la Gaceta de la CdMx<\/p>\n\n\n\n<p><strong><mark style=\"background-color:rgba(0, 0, 0, 0)\" class=\"has-inline-color has-luminous-vivid-orange-color\">AY\u00daDANOS<\/mark><\/strong> para que m\u00e1s personas conozcan esta informaci\u00f3n, <strong>Comp\u00e1rtelo<\/strong> en tus redes sociales.<\/p>\n","protected":false},"excerpt":{"rendered":"<p>Views: 3 . Con la reforma al Transitorio Tercero del Decreto que se expide la Constituci\u00f3n Pol\u00edtica de la CdMx del 5 de febrero de 2017, SER\u00c1 hasta el a\u00f1o 2030 cuando Entrar\u00e1 en Vigor la LEY 3 de 3, y NO ma\u00f1ana 31 de agosto este a\u00f1o como se ten\u00eda contemplado. . En noviembre [&hellip;]<\/p>\n","protected":false},"author":3,"featured_media":29438,"comment_status":"closed","ping_status":"open","sticky":false,"template":"","format":"standard","meta":{"_jetpack_memberships_contains_paid_content":false,"footnotes":""},"categories":[7],"tags":[],"jetpack_sharing_enabled":true,"jetpack_featured_media_url":"http:\/\/www.salgadonoticias.com\/wp-content\/uploads\/2024\/08\/3-de-3-2024.jpg","_links":{"self":[{"href":"http:\/\/www.salgadonoticias.com\/index.php?rest_route=\/wp\/v2\/posts\/29410"}],"collection":[{"href":"http:\/\/www.salgadonoticias.com\/index.php?rest_route=\/wp\/v2\/posts"}],"about":[{"href":"http:\/\/www.salgadonoticias.com\/index.php?rest_route=\/wp\/v2\/types\/post"}],"author":[{"embeddable":true,"href":"http:\/\/www.salgadonoticias.com\/index.php?rest_route=\/wp\/v2\/users\/3"}],"replies":[{"embeddable":true,"href":"http:\/\/www.salgadonoticias.com\/index.php?rest_route=%2Fwp%2Fv2%2Fcomments&post=29410"}],"version-history":[{"count":11,"href":"http:\/\/www.salgadonoticias.com\/index.php?rest_route=\/wp\/v2\/posts\/29410\/revisions"}],"predecessor-version":[{"id":29446,"href":"http:\/\/www.salgadonoticias.com\/index.php?rest_route=\/wp\/v2\/posts\/29410\/revisions\/29446"}],"wp:featuredmedia":[{"embeddable":true,"href":"http:\/\/www.salgadonoticias.com\/index.php?rest_route=\/wp\/v2\/media\/29438"}],"wp:attachment":[{"href":"http:\/\/www.salgadonoticias.com\/index.php?rest_route=%2Fwp%2Fv2%2Fmedia&parent=29410"}],"wp:term":[{"taxonomy":"category","embeddable":true,"href":"http:\/\/www.salgadonoticias.com\/index.php?rest_route=%2Fwp%2Fv2%2Fcategories&post=29410"},{"taxonomy":"post_tag","embeddable":true,"href":"http:\/\/www.salgadonoticias.com\/index.php?rest_route=%2Fwp%2Fv2%2Ftags&post=29410"}],"curies":[{"name":"wp","href":"https:\/\/api.w.org\/{rel}","templated":true}]}}