{"id":29498,"date":"2024-09-04T00:40:00","date_gmt":"2024-09-04T05:40:00","guid":{"rendered":"https:\/\/www.salgadonoticias.com\/?p=29498"},"modified":"2024-09-04T21:30:04","modified_gmt":"2024-09-05T02:30:04","slug":"29498","status":"publish","type":"post","link":"http:\/\/www.salgadonoticias.com\/?p=29498","title":{"rendered":"SUSPENDE Actividades la SCJN&#8230;!!!"},"content":{"rendered":"<p>Views: 12<\/p>\n<p>.<\/p>\n\n\n\n<figure class=\"wp-block-embed is-type-video is-provider-youtube wp-block-embed-youtube wp-embed-aspect-16-9 wp-has-aspect-ratio\"><div class=\"wp-block-embed__wrapper\">\n<iframe loading=\"lazy\" title=\"Ptocesos AGRARIOS y su Caducidad. ..y Reforma Judicial.\" width=\"640\" height=\"360\" src=\"https:\/\/www.youtube.com\/embed\/wPuuiOHPGJs?feature=oembed\" frameborder=\"0\" allow=\"accelerometer; autoplay; clipboard-write; encrypted-media; gyroscope; picture-in-picture; web-share\" referrerpolicy=\"strict-origin-when-cross-origin\" allowfullscreen><\/iframe>\n<\/div><\/figure>\n\n\n\n<p>.<\/p>\n\n\n\n<p>A trav\u00e9s de un comunicado OFICIAL, la <strong><mark style=\"background-color:rgba(0, 0, 0, 0);color:#031cb1\" class=\"has-inline-color\">Suprema Corte de Justicia de la Naci\u00f3n<\/mark><mark style=\"background-color:rgba(0, 0, 0, 0);color:#7e0606\" class=\"has-inline-color\"> DETERMIN\u00d3<\/mark><\/strong> en sesi\u00f3n privada del d\u00eda de ayer la <strong><mark style=\"background-color:rgba(0, 0, 0, 0);color:#960202\" class=\"has-inline-color\">SUSPENSI\u00d3N de Actividades<\/mark><\/strong> en <mark style=\"background-color:#f6fa2b\" class=\"has-inline-color\"><strong><em>APOYO al paro de labores que llevan adelante los trabajadores del Poder Judicial<\/em>.<\/strong><\/mark><\/p>\n\n\n\n<p>.<\/p>\n\n\n\n<p>As\u00ed que con 8 votos a favor del paro y 3 en contra, se decidi\u00f3 que <mark style=\"background-color:#7bdcb5\" class=\"has-inline-color\"><strong>las<\/strong> <strong>labores<\/strong><\/mark><strong> <\/strong>para esta semana se <mark style=\"background-color:rgba(0, 0, 0, 0);color:#850505\" class=\"has-inline-color\"><strong>suspendieran hasta el pr\u00f3ximo lunes 9 de septiembre<\/strong>,<\/mark> y ser\u00e1 este mismo d\u00eda cuando se <mark style=\"background-color:#8ef264\" class=\"has-inline-color\"><strong>realice<\/strong> una nueva <strong>votaci\u00f3<\/strong>n para decidir la <strong>reanudaci\u00f3n o no de las tareas<\/strong>.<\/mark><\/p>\n\n\n\n<p>.<\/p>\n\n\n\n<p>Tambi\u00e9n la <strong><mark style=\"background-color:rgba(0, 0, 0, 0);color:#0513af\" class=\"has-inline-color\">SCJN<\/mark><\/strong> inform\u00f3 que los<strong> <\/strong><mark style=\"background-color:#fda566\" class=\"has-inline-color\"><strong>asuntos urgentes se atender\u00e1n<\/strong> \u201cconforme al criterio de l@s ministr@s  a los que corresponda resolver en el \u00e1mbito de su competencia\u201d.<\/mark><\/p>\n\n\n\n<p><\/p>\n\n\n\n<p>.<\/p>\n\n\n\n<p class=\"wp-embed-aspect-16-9 wp-has-aspect-ratio\">Si estas en el <strong><mark style=\"background-color:rgba(0, 0, 0, 0)\" class=\"has-inline-color has-vivid-red-color\">Extranjero <\/mark><\/strong>nosotros somos tu <strong><mark style=\"background-color:rgba(0, 0, 0, 0)\" class=\"has-inline-color has-vivid-green-cyan-color\">mejor<\/mark><\/strong> alternativa para <strong><mark style=\"background-color:rgba(0, 0, 0, 0)\" class=\"has-inline-color has-luminous-vivid-orange-color\">velar<\/mark><\/strong> por tus <strong><mark style=\"background-color:rgba(0, 0, 0, 0)\" class=\"has-inline-color has-vivid-cyan-blue-color\">intereses<\/mark><\/strong>, escr\u00edbenos o ll\u00e1manos al Tel <strong>55581-11311<\/strong>.<\/p>\n\n\n\n<p>.<\/p>\n\n\n\n<p>Cuando<strong> necesites<\/strong> ayuda, <strong>asistencia<\/strong> o <strong>planeaci\u00f3n<\/strong> legal, <strong>solicita<\/strong> <strong>Cita Privada<\/strong> <a rel=\"noreferrer noopener\" href=\"mailto:bi@sm99.mx\" target=\"_blank\"><strong>Aqu\u00ed<\/strong><\/a><\/p>\n\n\n\n<p>La informaci\u00f3n que AQU\u00cd te presentamos <strong>deriva<\/strong> de los <strong>Peri\u00f3dicos Oficiales <\/strong>de la<strong> CdMx<\/strong>, <strong>Estado<\/strong> de Mex., Diario <strong>Oficial<\/strong> de la Federaci\u00f3n, Suprema Corte de<strong> Justicia<\/strong> de la Naci\u00f3n, por lo tanto es de <strong>aplicaci\u00f3n OBLIGATORIA<\/strong><\/p>\n\n\n\n<p>La <strong>informaci\u00f3n<\/strong> de hoy procede de la Suprema Corte<\/p>\n\n\n\n<p><strong><mark style=\"background-color:rgba(0, 0, 0, 0)\" class=\"has-inline-color has-luminous-vivid-orange-color\">AY\u00daDANOS<\/mark><\/strong> para que m\u00e1s personas conozcan esta informaci\u00f3n, <strong>Comp\u00e1rtelo<\/strong> en tus redes sociales.<\/p>\n","protected":false},"excerpt":{"rendered":"<p>Views: 12 . . A trav\u00e9s de un comunicado OFICIAL, la Suprema Corte de Justicia de la Naci\u00f3n DETERMIN\u00d3 en sesi\u00f3n privada del d\u00eda de ayer la SUSPENSI\u00d3N de Actividades en APOYO al paro de labores que llevan adelante los trabajadores del Poder Judicial. . As\u00ed que con 8 votos a favor del paro y [&hellip;]<\/p>\n","protected":false},"author":3,"featured_media":29503,"comment_status":"closed","ping_status":"open","sticky":false,"template":"","format":"standard","meta":{"_jetpack_memberships_contains_paid_content":false,"footnotes":""},"categories":[4],"tags":[],"jetpack_sharing_enabled":true,"jetpack_featured_media_url":"http:\/\/www.salgadonoticias.com\/wp-content\/uploads\/2024\/09\/CERRADO.jpg","_links":{"self":[{"href":"http:\/\/www.salgadonoticias.com\/index.php?rest_route=\/wp\/v2\/posts\/29498"}],"collection":[{"href":"http:\/\/www.salgadonoticias.com\/index.php?rest_route=\/wp\/v2\/posts"}],"about":[{"href":"http:\/\/www.salgadonoticias.com\/index.php?rest_route=\/wp\/v2\/types\/post"}],"author":[{"embeddable":true,"href":"http:\/\/www.salgadonoticias.com\/index.php?rest_route=\/wp\/v2\/users\/3"}],"replies":[{"embeddable":true,"href":"http:\/\/www.salgadonoticias.com\/index.php?rest_route=%2Fwp%2Fv2%2Fcomments&post=29498"}],"version-history":[{"count":5,"href":"http:\/\/www.salgadonoticias.com\/index.php?rest_route=\/wp\/v2\/posts\/29498\/revisions"}],"predecessor-version":[{"id":29532,"href":"http:\/\/www.salgadonoticias.com\/index.php?rest_route=\/wp\/v2\/posts\/29498\/revisions\/29532"}],"wp:featuredmedia":[{"embeddable":true,"href":"http:\/\/www.salgadonoticias.com\/index.php?rest_route=\/wp\/v2\/media\/29503"}],"wp:attachment":[{"href":"http:\/\/www.salgadonoticias.com\/index.php?rest_route=%2Fwp%2Fv2%2Fmedia&parent=29498"}],"wp:term":[{"taxonomy":"category","embeddable":true,"href":"http:\/\/www.salgadonoticias.com\/index.php?rest_route=%2Fwp%2Fv2%2Fcategories&post=29498"},{"taxonomy":"post_tag","embeddable":true,"href":"http:\/\/www.salgadonoticias.com\/index.php?rest_route=%2Fwp%2Fv2%2Ftags&post=29498"}],"curies":[{"name":"wp","href":"https:\/\/api.w.org\/{rel}","templated":true}]}}