{"id":29505,"date":"2024-09-04T01:02:00","date_gmt":"2024-09-04T06:02:00","guid":{"rendered":"https:\/\/www.salgadonoticias.com\/?p=29505"},"modified":"2024-09-04T21:28:27","modified_gmt":"2024-09-05T02:28:27","slug":"29505","status":"publish","type":"post","link":"http:\/\/www.salgadonoticias.com\/?p=29505","title":{"rendered":"En Procesos AGRARIOS, si Hay Amparos Debe SUSPENDERSE la CADUCIDAD &#8230;!!!"},"content":{"rendered":"<p>Views: 9<\/p>\n<p>.<\/p>\n\n\n\n<figure class=\"wp-block-embed is-type-video is-provider-youtube wp-block-embed-youtube wp-embed-aspect-16-9 wp-has-aspect-ratio\"><div class=\"wp-block-embed__wrapper\">\n<iframe loading=\"lazy\" title=\"Ptocesos AGRARIOS y su Caducidad. ..y Reforma Judicial.\" width=\"640\" height=\"360\" src=\"https:\/\/www.youtube.com\/embed\/wPuuiOHPGJs?feature=oembed\" frameborder=\"0\" allow=\"accelerometer; autoplay; clipboard-write; encrypted-media; gyroscope; picture-in-picture; web-share\" referrerpolicy=\"strict-origin-when-cross-origin\" allowfullscreen><\/iframe>\n<\/div><\/figure>\n\n\n\n<p>.<\/p>\n\n\n\n<p>Este <strong>ANTECEDENTE:<\/strong><\/p>\n\n\n\n<p><strong>Surge <\/strong>luego de que <strong>una quejosa<\/strong> promovi\u00f3<strong> juicio de amparo <mark style=\"background-color:#abb8c3\" class=\"has-inline-color\">directo<\/mark><\/strong> en contra del acuerdo emitido por la Magistrada del Tribunal Unitario Agrario, quien <strong>decret\u00f3 la caducidad en el juicio agrario<\/strong>. <\/p>\n\n\n\n<p>Ante esto La quejosa <strong><mark style=\"background-color:rgba(0, 0, 0, 0)\" class=\"has-inline-color has-vivid-red-color\">argument\u00f3<\/mark><\/strong> que <mark style=\"background-color:#ff6900\" class=\"has-inline-color\">no hab\u00eda transcurrido el plazo de <strong>cuatro meses<\/strong><\/mark> previsto en el art\u00edculo 190 de la Ley Agraria, ya que estaba <strong><mark style=\"background-color:rgba(0, 0, 0, 0)\" class=\"has-inline-color has-vivid-red-color\">pendiente<\/mark><\/strong> <strong><mark style=\"background-color:#cf2e2e\" class=\"has-inline-color\">de resoluci\u00f3n un juicio de amparo indirecto<\/mark><\/strong> en el que reclam\u00f3 la omisi\u00f3n de fijar fecha y hora para la celebraci\u00f3n de la audiencia de ley y la imposici\u00f3n de una multa.<\/p>\n\n\n\n<p>.<\/p>\n\n\n\n<p>La<mark style=\"background-color:rgba(0, 0, 0, 0);color:#240391\" class=\"has-inline-color\"> <strong>Suprema Corte de Justicia<\/strong><\/mark><strong> <\/strong>a trav\u00e9s del Tribunal Colegiado de Circuito <strong><mark style=\"background-color:rgba(0, 0, 0, 0);color:#870303\" class=\"has-inline-color\">DETERMIN\u00d3<\/mark> <\/strong>que <em><u>mientras se resuelve el amparo indirecto<\/u><\/em>, se <strong><mark style=\"background-color:#fcb900\" class=\"has-inline-color\">SUSPENDE el plazo de cuatro meses para que opere la caducidad en un juicio agrario<\/mark><\/strong>, siempre que en dicho amparo se reclamen cuestiones que dejen subj\u00fadice la resoluci\u00f3n de \u00e9ste.<\/p>\n\n\n\n<p>.<\/p>\n\n\n\n<p>La justificaci\u00f3n de la <strong><mark style=\"background-color:rgba(0, 0, 0, 0);color:#1a0589\" class=\"has-inline-color\">SCJN<\/mark><\/strong> a lo anterior es porque del art\u00edculo 190 de la Ley en menci\u00f3n se colige que la <strong>caducidad<\/strong> en los juicios agrarios se <strong>produce por dos causas<\/strong>:<\/p>\n\n\n\n<ol>\n<li><mark style=\"background-color:rgba(0, 0, 0, 0);color:#05598e\" class=\"has-inline-color\">Por la <strong>inactividad procesal o falta de promoci\u00f3n<\/strong> de las partes; y<\/mark><\/li>\n\n\n\n<li><mark style=\"background-color:rgba(0, 0, 0, 0);color:#a40505\" class=\"has-inline-color\">Por el <strong>transcurso de cuatro meses<\/strong>;<\/mark><\/li>\n<\/ol>\n\n\n\n<p>Sin embargo, si durante la secuela procesal se <mark style=\"background-color:#ecb4c2\" class=\"has-inline-color\"><strong>promovi\u00f3 <\/strong>juicio de <strong>amparo indirecto<\/strong> y el <strong>juicio agrario estaba<\/strong> subj\u00fadice a lo que se <strong>decidiera en \u00e9l<\/strong>, se DEBE <strong>suspenderse el plazo para que se decrete la caducidad<\/strong>, <em><u>pues el hecho de que, por regla general<\/u><\/em>, el <strong>juicio de amparo NO suspenda el procedimiento<\/strong> <\/mark><mark style=\"background-color:#ffffff\" class=\"has-inline-color\">y que, por lo tanto, no interrumpa el plazo de caducidad, no quiere decir que en ning\u00fan caso pueda darse ese supuesto, puesto que la <\/mark><mark style=\"background-color:#ecb4c2\" class=\"has-inline-color\"><strong>inflexibilidad de las reglas no debe conducir a dejar a los particulares en indefensi\u00f3n<\/strong><\/mark> cuando se enfrenten a una disyuntiva en la que <em><u>el juicio natural no puede avanzar, porque depende de que se resuelva esa cuesti\u00f3n materia del juicio de amparo promovido<\/u><\/em> y, por lo tanto, no puede reprocharse a las partes el no haber promovido durante ese lapso, ni puede considerarse que exista incumplimiento a su carga procesal.<\/p>\n\n\n\n<p>.<\/p>\n\n\n\n<p>.<\/p>\n\n\n\n<p>Esta <strong><mark style=\"background-color:#f0b78e\" class=\"has-inline-color\">RESOLUCI\u00d3N<\/mark><\/strong> esta <strong>disponible <\/strong>para quien la haga <mark style=\"background-color:rgba(0, 0, 0, 0);color:#aa0707\" class=\"has-inline-color\"><strong>VALER<\/strong> <\/mark>en todo el pa\u00eds a partir de esta semana.<\/p>\n\n\n\n<p><strong><mark style=\"background-color:rgba(0, 0, 0, 0);color:#bf5306\" class=\"has-inline-color\">Tesis COM\u00daN<\/mark><\/strong><\/p>\n\n\n\n<p>.<\/p>\n\n\n\n<p class=\"wp-embed-aspect-16-9 wp-has-aspect-ratio\">Si estas en el <strong><mark style=\"background-color:rgba(0, 0, 0, 0)\" class=\"has-inline-color has-vivid-red-color\">Extranjero <\/mark><\/strong>nosotros somos tu <strong><mark style=\"background-color:rgba(0, 0, 0, 0)\" class=\"has-inline-color has-vivid-green-cyan-color\">mejor<\/mark><\/strong> alternativa para <strong><mark style=\"background-color:rgba(0, 0, 0, 0)\" class=\"has-inline-color has-luminous-vivid-orange-color\">velar<\/mark><\/strong> por tus <strong><mark style=\"background-color:rgba(0, 0, 0, 0)\" class=\"has-inline-color has-vivid-cyan-blue-color\">intereses<\/mark><\/strong>, escr\u00edbenos o ll\u00e1manos al Tel <strong>55581-11311<\/strong>.<\/p>\n\n\n\n<p>.<\/p>\n\n\n\n<p>Cuando<strong> necesites<\/strong> ayuda, <strong>asistencia<\/strong> o <strong>planeaci\u00f3n<\/strong> legal, <strong>solicita<\/strong> <strong>Cita Privada<\/strong> <a rel=\"noreferrer noopener\" href=\"mailto:bi@sm99.mx\" target=\"_blank\"><strong>Aqu\u00ed<\/strong><\/a><\/p>\n\n\n\n<p>La informaci\u00f3n que AQU\u00cd te presentamos <strong>deriva<\/strong> de los <strong>Peri\u00f3dicos Oficiales <\/strong>de la<strong> CdMx<\/strong>, <strong>Estado<\/strong> de Mex., Diario <strong>Oficial<\/strong> de la Federaci\u00f3n, Suprema Corte de<strong> Justicia<\/strong> de la Naci\u00f3n, por lo tanto es de <strong>aplicaci\u00f3n OBLIGATORIA<\/strong><\/p>\n\n\n\n<p>La <strong>informaci\u00f3n<\/strong> de hoy procede de la Suprema Corte <\/p>\n\n\n\n<p><strong><mark style=\"background-color:rgba(0, 0, 0, 0)\" class=\"has-inline-color has-luminous-vivid-orange-color\">AY\u00daDANOS<\/mark><\/strong> para que m\u00e1s personas conozcan esta informaci\u00f3n, <strong>Comp\u00e1rtelo<\/strong> en tus redes sociales.<\/p>\n","protected":false},"excerpt":{"rendered":"<p>Views: 9 . . Este ANTECEDENTE: Surge luego de que una quejosa promovi\u00f3 juicio de amparo directo en contra del acuerdo emitido por la Magistrada del Tribunal Unitario Agrario, quien decret\u00f3 la caducidad en el juicio agrario. Ante esto La quejosa argument\u00f3 que no hab\u00eda transcurrido el plazo de cuatro meses previsto en el art\u00edculo [&hellip;]<\/p>\n","protected":false},"author":3,"featured_media":29510,"comment_status":"closed","ping_status":"open","sticky":false,"template":"","format":"standard","meta":{"_jetpack_memberships_contains_paid_content":false,"footnotes":""},"categories":[4],"tags":[],"jetpack_sharing_enabled":true,"jetpack_featured_media_url":"http:\/\/www.salgadonoticias.com\/wp-content\/uploads\/2024\/09\/agrario.webp","_links":{"self":[{"href":"http:\/\/www.salgadonoticias.com\/index.php?rest_route=\/wp\/v2\/posts\/29505"}],"collection":[{"href":"http:\/\/www.salgadonoticias.com\/index.php?rest_route=\/wp\/v2\/posts"}],"about":[{"href":"http:\/\/www.salgadonoticias.com\/index.php?rest_route=\/wp\/v2\/types\/post"}],"author":[{"embeddable":true,"href":"http:\/\/www.salgadonoticias.com\/index.php?rest_route=\/wp\/v2\/users\/3"}],"replies":[{"embeddable":true,"href":"http:\/\/www.salgadonoticias.com\/index.php?rest_route=%2Fwp%2Fv2%2Fcomments&post=29505"}],"version-history":[{"count":10,"href":"http:\/\/www.salgadonoticias.com\/index.php?rest_route=\/wp\/v2\/posts\/29505\/revisions"}],"predecessor-version":[{"id":29530,"href":"http:\/\/www.salgadonoticias.com\/index.php?rest_route=\/wp\/v2\/posts\/29505\/revisions\/29530"}],"wp:featuredmedia":[{"embeddable":true,"href":"http:\/\/www.salgadonoticias.com\/index.php?rest_route=\/wp\/v2\/media\/29510"}],"wp:attachment":[{"href":"http:\/\/www.salgadonoticias.com\/index.php?rest_route=%2Fwp%2Fv2%2Fmedia&parent=29505"}],"wp:term":[{"taxonomy":"category","embeddable":true,"href":"http:\/\/www.salgadonoticias.com\/index.php?rest_route=%2Fwp%2Fv2%2Fcategories&post=29505"},{"taxonomy":"post_tag","embeddable":true,"href":"http:\/\/www.salgadonoticias.com\/index.php?rest_route=%2Fwp%2Fv2%2Ftags&post=29505"}],"curies":[{"name":"wp","href":"https:\/\/api.w.org\/{rel}","templated":true}]}}