{"id":29541,"date":"2024-09-06T00:56:00","date_gmt":"2024-09-06T05:56:00","guid":{"rendered":"https:\/\/www.salgadonoticias.com\/?p=29541"},"modified":"2024-09-06T12:35:55","modified_gmt":"2024-09-06T17:35:55","slug":"29541","status":"publish","type":"post","link":"http:\/\/www.salgadonoticias.com\/?p=29541","title":{"rendered":"Designaci\u00f3n de PERITO vs SAT al Presentar Recurso CONTRA Avalu\u00f3 de Embargos\u2026!!!"},"content":{"rendered":"<p>Views: 6<\/p>\n<p>. <\/p>\n\n\n\n<p>Este <strong>ANTECEDENTE:<\/strong><\/p>\n\n\n\n<p><strong>Surge <\/strong>luego de que una <strong><mark style=\"background-color:rgba(0, 0, 0, 0)\" class=\"has-inline-color has-vivid-red-color\">Empresa<\/mark><\/strong> <strong>demand\u00f3 la <mark style=\"background-color:rgba(0, 0, 0, 0)\" class=\"has-inline-color has-vivid-red-color\">nulidad<\/mark><\/strong> de una <strong>resoluci\u00f3n<\/strong> en la que la <strong><mark style=\"background-color:#ff6900\" class=\"has-inline-color\">autoridad hacendaria dio a conocer aval\u00fao sobre ciertos bienes embargados<\/mark><\/strong>. <\/p>\n\n\n\n<p>Ante esto el Tribunal Federal de Justicia Administrativa <strong><mark style=\"background-color:rgba(0, 0, 0, 0);color:#05119c\" class=\"has-inline-color\">declar\u00f3 la nulidad para efectos<\/mark><\/strong> por lo que la actora <strong><mark style=\"background-color:rgba(0, 0, 0, 0);color:#6b0202\" class=\"has-inline-color\">reclam\u00f3<\/mark><\/strong> en amparo directo el <strong><mark style=\"background-color:#bbedd9\" class=\"has-inline-color has-black-color\">art. 175 del C\u00f3digo Fiscal de la Federaci\u00f3n<\/mark><\/strong>, alegando que una vez <strong>presentado<\/strong> el recurso de revocaci\u00f3n contra dicha determinaci\u00f3n el recurrente pueda designar perito valuador o, en su caso, sea requerido para que lo presente. <\/p>\n\n\n\n<p>El <strong>Tribunal Colegiado<\/strong> de Circuito <strong><mark style=\"background-color:#7bdcb5\" class=\"has-inline-color\">neg\u00f3 el amparo<\/mark><\/strong> al estimar que basta con que la norma consigne el derecho de impugnaci\u00f3n y la posibilidad de designar perito para satisfacer el derecho de audiencia.<strong><mark style=\"background-color:#fcb900\" class=\"has-inline-color\"> La quejosa interpuso recurso de revisi\u00f3n<\/mark><\/strong>.<\/p>\n\n\n\n<p>.<\/p>\n\n\n\n<p>La <mark style=\"background-color:rgba(0, 0, 0, 0);color:#0b0895\" class=\"has-inline-color\"><strong>Suprema Corte de Justicia<\/strong> <\/mark>a trav\u00e9s de la Segunda Sala <strong><mark style=\"background-color:rgba(0, 0, 0, 0);color:#870101\" class=\"has-inline-color\">DETERMIN\u00d3<\/mark><\/strong> que el <em><strong>art\u00edculo 175<\/strong><\/em>, p\u00e1rrafo segundo, del <strong>C\u00f3digo Fiscal<\/strong> de la Federaci\u00f3n <strong><mark style=\"background-color:rgba(0, 0, 0, 0);color:#880505\" class=\"has-inline-color\">NO VIOLA<\/mark><\/strong> el <strong><mark style=\"background-color:#fbd469\" class=\"has-inline-color\">derecho de audiencia<\/mark><\/strong>, esto porque <strong><mark style=\"background-color:#9bf1cf\" class=\"has-inline-color\">PERMITE designar al perito correspondiente al momento de presentar recurso de revocaci\u00f3n<\/mark><\/strong> contra el aval\u00fao efectuado por la autoridad sobre bienes embargados.<\/p>\n\n\n\n<p>En otras palabras, el art\u00edculo <mark style=\"background-color:rgba(0, 0, 0, 0);color:#3c0371\" class=\"has-inline-color\"><strong>asegura<\/strong> <\/mark><mark style=\"background-color:rgba(0, 0, 0, 0)\" class=\"has-inline-color has-black-color\">que la<\/mark><mark style=\"background-color:rgba(0, 0, 0, 0);color:#3c0371\" class=\"has-inline-color\"> <strong>persona afectada<\/strong> TENGA <\/mark><mark style=\"background-color:rgba(0, 0, 0, 0)\" class=\"has-inline-color has-black-color\">la <\/mark><mark style=\"background-color:rgba(0, 0, 0, 0);color:#3c0371\" class=\"has-inline-color\"><strong>oportunidad de nombrar a un experto<\/strong> <\/mark><mark style=\"background-color:rgba(0, 0, 0, 0)\" class=\"has-inline-color has-black-color\">que<\/mark><mark style=\"background-color:rgba(0, 0, 0, 0);color:#3c0371\" class=\"has-inline-color\"> <\/mark><mark style=\"background-color:rgba(0, 0, 0, 0)\" class=\"has-inline-color has-black-color\">PUEDA valorar el aval\u00fao de la autoridad<\/mark><mark style=\"background-color:rgba(0, 0, 0, 0);color:#3c0371\" class=\"has-inline-color\">, <strong>garantizando as\u00ed su derecho a ser escuchado<\/strong> <\/mark><mark style=\"background-color:rgba(0, 0, 0, 0)\" class=\"has-inline-color has-black-color\">y a <\/mark><mark style=\"background-color:rgba(0, 0, 0, 0);color:#3c0371\" class=\"has-inline-color\"><strong>presentar pruebas<\/strong> <\/mark><mark style=\"background-color:rgba(0, 0, 0, 0)\" class=\"has-inline-color has-black-color\">en su defensa.<\/mark><\/p>\n\n\n\n<p>.<\/p>\n\n\n\n<p>La justificaci\u00f3n de la <strong><mark style=\"background-color:rgba(0, 0, 0, 0);color:#1307e3\" class=\"has-inline-color\">SCJN<\/mark>, <\/strong>es que la porci\u00f3n referida <strong>establece<\/strong> que el <strong>embargado<\/strong> o terceros acreedores que <strong>no est\u00e9n conformes <\/strong>con la valuaci\u00f3n de la autoridad <mark style=\"background-color:rgba(0, 0, 0, 0);color:#de0909\" class=\"has-inline-color\"><strong>PODR\u00c1N hacer valer el recurso de revocaci\u00f3n<\/strong> <\/mark>a que se refiere la fracci\u00f3n II, inciso b), del art\u00edculo 117 del C\u00f3digo Fiscal de la Federaci\u00f3n, <strong>debiendo<\/strong> <strong>designar<\/strong> en el mismo como <strong>perito de su parte<\/strong> a cualquiera de los valuadores<strong> se\u00f1alados en el Reglamento de ese C\u00f3digo<\/strong> o a alguna empresa o instituci\u00f3n dedicada a la compraventa y subasta de bienes. <\/p>\n\n\n\n<p>Por su parte, el tercer p\u00e1rrafo del <strong>art\u00edculo 175<\/strong> <strong><mark style=\"background-color:rgba(0, 0, 0, 0);color:#880707\" class=\"has-inline-color\">PREV\u00c9<\/mark> <\/strong>que cuando el <em>embargado o terceros acreedores<\/em> <strong>NO<\/strong> <strong>interpongan el recurso<\/strong> dentro del plazo establecido en el art\u00edculo 127 del citado C\u00f3digo, <strong>o haci\u00e9ndolo no designen valuador<\/strong>, o habi\u00e9ndose nombrado perito por dichas personas, <strong><mark style=\"background-color:#9af268\" class=\"has-inline-color has-black-color\"> NO se presente el dictamen dentro de los plazos<\/mark><\/strong><mark style=\"background-color:rgba(0, 0, 0, 0);color:#b74e03\" class=\"has-inline-color\"> <\/mark>a que se refiere el p\u00e1rrafo quinto del art\u00edculo 175, <strong><mark style=\"background-color:rgba(0, 0, 0, 0);color:#8f044b\" class=\"has-inline-color\">se tendr\u00e1 por aceptado el aval\u00fao de la autoridad<\/mark><\/strong>. Y para <strong>r<\/strong><mark style=\"background-color:#fcf100\" class=\"has-inline-color\"><strong>espetar el derecho de audiencia NO ES NECESARIO<\/strong> prever <strong>un plazo<\/strong> posterior a aquel en que <strong>debe presentarse el recurso de revocaci\u00f3n<\/strong> para nombrar al perito, porque debe designarse al hacerlo valer.<\/mark><\/p>\n\n\n\n<p>.<\/p>\n\n\n\n<p>Esta <strong><mark style=\"background-color:#b0ebd3\" class=\"has-inline-color\">RESOLUCI\u00d3N<\/mark><\/strong> es de <strong>aplicaci\u00f3n <mark style=\"background-color:rgba(0, 0, 0, 0);color:#710202\" class=\"has-inline-color\">OBLIGATORIA<\/mark> <\/strong>en todo el Pa\u00eds a partir de esta semana.<\/p>\n\n\n\n<p><strong><mark style=\"background-color:rgba(0, 0, 0, 0);color:#3443b8\" class=\"has-inline-color\">Jurisprudencia Constitucional<\/mark><\/strong><\/p>\n\n\n\n<p>.<\/p>\n\n\n\n<p class=\"wp-embed-aspect-16-9 wp-has-aspect-ratio\">Si estas en el <strong><mark style=\"background-color:rgba(0, 0, 0, 0)\" class=\"has-inline-color has-vivid-red-color\">Extranjero <\/mark><\/strong>nosotros somos tu <strong><mark style=\"background-color:rgba(0, 0, 0, 0)\" class=\"has-inline-color has-vivid-green-cyan-color\">mejor<\/mark><\/strong> alternativa para <strong><mark style=\"background-color:rgba(0, 0, 0, 0)\" class=\"has-inline-color has-luminous-vivid-orange-color\">velar<\/mark><\/strong> por tus <strong><mark style=\"background-color:rgba(0, 0, 0, 0)\" class=\"has-inline-color has-vivid-cyan-blue-color\">intereses<\/mark><\/strong>, escr\u00edbenos o ll\u00e1manos al Tel <strong>55581-11311<\/strong>.<\/p>\n\n\n\n<p>.<\/p>\n\n\n\n<p>Cuando<strong> necesites<\/strong> ayuda, <strong>asistencia<\/strong> o <strong>planeaci\u00f3n<\/strong> legal, <strong>solicita<\/strong> <strong>Cita Privada<\/strong> <a rel=\"noreferrer noopener\" href=\"mailto:bi@sm99.mx\" target=\"_blank\"><strong>Aqu\u00ed<\/strong><\/a><\/p>\n\n\n\n<p>La informaci\u00f3n que AQU\u00cd te presentamos <strong>deriva<\/strong> de los <strong>Peri\u00f3dicos Oficiales <\/strong>de la<strong> CdMx<\/strong>, <strong>Estado<\/strong> de Mex., Diario <strong>Oficial<\/strong> de la Federaci\u00f3n, Suprema Corte de<strong> Justicia<\/strong> de la Naci\u00f3n, por lo tanto es de <strong>aplicaci\u00f3n OBLIGATORIA<\/strong><\/p>\n\n\n\n<p>La <strong>informaci\u00f3n<\/strong> de hoy procede de la Suprema Corte de Justicia<\/p>\n\n\n\n<p><strong><mark style=\"background-color:rgba(0, 0, 0, 0)\" class=\"has-inline-color has-luminous-vivid-orange-color\">AY\u00daDANOS<\/mark><\/strong> para que m\u00e1s personas conozcan esta informaci\u00f3n, <strong>Comp\u00e1rtelo<\/strong> en tus redes sociales.<\/p>\n","protected":false},"excerpt":{"rendered":"<p>Views: 6 . Este ANTECEDENTE: Surge luego de que una Empresa demand\u00f3 la nulidad de una resoluci\u00f3n en la que la autoridad hacendaria dio a conocer aval\u00fao sobre ciertos bienes embargados. Ante esto el Tribunal Federal de Justicia Administrativa declar\u00f3 la nulidad para efectos por lo que la actora reclam\u00f3 en amparo directo el art. [&hellip;]<\/p>\n","protected":false},"author":3,"featured_media":29548,"comment_status":"closed","ping_status":"open","sticky":false,"template":"","format":"standard","meta":{"_jetpack_memberships_contains_paid_content":false,"footnotes":""},"categories":[4],"tags":[],"jetpack_sharing_enabled":true,"jetpack_featured_media_url":"http:\/\/www.salgadonoticias.com\/wp-content\/uploads\/2024\/09\/recurso.jpg","_links":{"self":[{"href":"http:\/\/www.salgadonoticias.com\/index.php?rest_route=\/wp\/v2\/posts\/29541"}],"collection":[{"href":"http:\/\/www.salgadonoticias.com\/index.php?rest_route=\/wp\/v2\/posts"}],"about":[{"href":"http:\/\/www.salgadonoticias.com\/index.php?rest_route=\/wp\/v2\/types\/post"}],"author":[{"embeddable":true,"href":"http:\/\/www.salgadonoticias.com\/index.php?rest_route=\/wp\/v2\/users\/3"}],"replies":[{"embeddable":true,"href":"http:\/\/www.salgadonoticias.com\/index.php?rest_route=%2Fwp%2Fv2%2Fcomments&post=29541"}],"version-history":[{"count":7,"href":"http:\/\/www.salgadonoticias.com\/index.php?rest_route=\/wp\/v2\/posts\/29541\/revisions"}],"predecessor-version":[{"id":29556,"href":"http:\/\/www.salgadonoticias.com\/index.php?rest_route=\/wp\/v2\/posts\/29541\/revisions\/29556"}],"wp:featuredmedia":[{"embeddable":true,"href":"http:\/\/www.salgadonoticias.com\/index.php?rest_route=\/wp\/v2\/media\/29548"}],"wp:attachment":[{"href":"http:\/\/www.salgadonoticias.com\/index.php?rest_route=%2Fwp%2Fv2%2Fmedia&parent=29541"}],"wp:term":[{"taxonomy":"category","embeddable":true,"href":"http:\/\/www.salgadonoticias.com\/index.php?rest_route=%2Fwp%2Fv2%2Fcategories&post=29541"},{"taxonomy":"post_tag","embeddable":true,"href":"http:\/\/www.salgadonoticias.com\/index.php?rest_route=%2Fwp%2Fv2%2Ftags&post=29541"}],"curies":[{"name":"wp","href":"https:\/\/api.w.org\/{rel}","templated":true}]}}