{"id":29557,"date":"2024-09-08T01:00:00","date_gmt":"2024-09-08T06:00:00","guid":{"rendered":"https:\/\/www.salgadonoticias.com\/?p=29557"},"modified":"2024-09-06T19:50:26","modified_gmt":"2024-09-07T00:50:26","slug":"29557","status":"publish","type":"post","link":"http:\/\/www.salgadonoticias.com\/?p=29557","title":{"rendered":"Sustituci\u00f3n Procesal en Juicio Laboral tras Fallecimiento del Trabajador&#8230;!!!"},"content":{"rendered":"<p>Views: 60<\/p>\n<p>.<\/p>\n\n\n\n<p>La <strong><mark style=\"background-color:rgba(0, 0, 0, 0);color:#250397\" class=\"has-inline-color\">Suprema Corte de Justicia de la Naci\u00f3n<\/mark>, <\/strong>a trav\u00e9s de la Segunda Sala <strong><mark style=\"background-color:rgba(0, 0, 0, 0);color:#870303\" class=\"has-inline-color\">DETERMIN\u00d3 <\/mark><\/strong>que, para que los <mark style=\"background-color:#cff355\" class=\"has-inline-color\"><strong>beneficiarios<\/strong> del <strong>trabajador fallecido<\/strong><\/mark><mark style=\"background-color:#ffffff\" class=\"has-inline-color\"> puedan <\/mark><mark style=\"background-color:#cff355\" class=\"has-inline-color\"><strong>obtener<\/strong> los <strong>derechos laborales obtenidos en el juicio<\/strong>, <\/mark><mark style=\"background-color:#ffffff;color:#4e0494\" class=\"has-inline-color\"><strong>DEBER\u00c1N<\/strong> <\/mark><mark style=\"background-color:#cff355\" class=\"has-inline-color\"><strong>tramita<\/strong>r el <strong>incidente de sustituci\u00f3n procesal<\/strong> de manera simplificada, esto es, <strong>sin mayores requisitos u obst\u00e1culos<\/strong><\/mark> y <strong><mark style=\"background-color:rgba(0, 0, 0, 0);color:#9c0404\" class=\"has-inline-color\">no es necesario realizar un juicio sucesorio<\/mark><\/strong>, esto es as\u00ed de conformidad con el art\u00edculo 115 de la Ley Federal del Trabajo.<\/p>\n\n\n\n<p>.<\/p>\n\n\n\n<p>La justificaci\u00f3n de la<mark style=\"background-color:rgba(0, 0, 0, 0);color:#330a87\" class=\"has-inline-color\"> <strong>SCJN<\/strong><\/mark><strong> <\/strong>es que el legislador consider\u00f3 que el <strong><mark style=\"background-color:rgba(0, 0, 0, 0);color:#950303\" class=\"has-inline-color\">derecho sucesorio civil no es aplicable en materia de trabajo<\/mark><\/strong>, porque la <mark style=\"background-color:#71f8ef\" class=\"has-inline-color\"><strong>ley laboral<\/strong><\/mark><mark style=\"background-color:#ffffff\" class=\"has-inline-color\"> tiene un procedimiento especial para <\/mark><mark style=\"background-color:#71f8ef\" class=\"has-inline-color\"><strong>determinar qui\u00e9nes y en qu\u00e9 proporci\u00f3n son los beneficiarios<\/strong> de las <strong>indemnizaciones<\/strong><\/mark><mark style=\"background-color:#ffffff\" class=\"has-inline-color\"> <\/mark>de los <mark style=\"background-color:rgba(0, 0, 0, 0);color:#f87c24\" class=\"has-inline-color\"><strong>trabajadores que fallezcan durante un juicio laboral.<\/strong><\/mark><\/p>\n\n\n\n<p>.<\/p>\n\n\n\n<p>Por lo que, los <mark style=\"background-color:rgba(0, 0, 0, 0);color:#c90d7a\" class=\"has-inline-color\"><strong>beneficiarios del trabajador que fallece<\/strong><\/mark><mark style=\"background-color:rgba(0, 0, 0, 0)\" class=\"has-inline-color has-black-color\"> durante un juicio laboral, ya<\/mark><mark style=\"background-color:rgba(0, 0, 0, 0);color:#c90d7a\" class=\"has-inline-color\"> <strong>contando con una resoluci\u00f3n firme<\/strong>, <\/mark><mark style=\"background-color:rgba(0, 0, 0, 0)\" class=\"has-inline-color has-black-color\">tendr\u00e1n <\/mark><mark style=\"background-color:rgba(0, 0, 0, 0);color:#c90d7a\" class=\"has-inline-color\"><strong>derecho a percibir las prestaciones pendientes de cubrir por el patr\u00f3n<\/strong><\/mark> por concepto de:<\/p>\n\n\n\n<ul>\n<li><strong>I<mark style=\"background-color:rgba(0, 0, 0, 0);color:#de1111\" class=\"has-inline-color\">ndemnizaci\u00f3n constitucional,<\/mark><\/strong><\/li>\n\n\n\n<li><strong><mark style=\"background-color:rgba(0, 0, 0, 0);color:#ac7f02\" class=\"has-inline-color\">Salarios ca\u00eddos,<\/mark><\/strong><\/li>\n\n\n\n<li><strong><mark style=\"background-color:rgba(0, 0, 0, 0);color:#a9057a\" class=\"has-inline-color\">Fondo de ahorro,<\/mark><\/strong><\/li>\n\n\n\n<li><strong><mark style=\"background-color:rgba(0, 0, 0, 0);color:#2fac02\" class=\"has-inline-color\">Aguinaldo,<\/mark><\/strong><\/li>\n\n\n\n<li><strong><mark style=\"background-color:rgba(0, 0, 0, 0);color:#c35406\" class=\"has-inline-color\">Horas extras,<\/mark><\/strong><\/li>\n\n\n\n<li><strong><mark style=\"background-color:rgba(0, 0, 0, 0);color:#035e95\" class=\"has-inline-color\">Salarios devengados, entre otros.<\/mark><\/strong><\/li>\n<\/ul>\n\n\n\n<p>As\u00ed como a <strong><mark style=\"background-color:#ecb4c2\" class=\"has-inline-color\">percibir las indemnizaciones decretadas por la autoridad del trabajo pendientes de entregarse, ejercer las acciones en materia de trabajo y continuar los juicios laborales que el trabajador haya realizado<\/mark><\/strong>.<\/p>\n\n\n\n<p>.<\/p>\n\n\n\n<p>.<\/p>\n\n\n\n<p class=\"wp-embed-aspect-16-9 wp-has-aspect-ratio\">Si estas en el <strong><mark style=\"background-color:rgba(0, 0, 0, 0)\" class=\"has-inline-color has-vivid-red-color\">Extranjero <\/mark><\/strong>nosotros somos tu <strong><mark style=\"background-color:rgba(0, 0, 0, 0)\" class=\"has-inline-color has-vivid-green-cyan-color\">mejor<\/mark><\/strong> alternativa para <strong><mark style=\"background-color:rgba(0, 0, 0, 0)\" class=\"has-inline-color has-luminous-vivid-orange-color\">velar<\/mark><\/strong> por tus <strong><mark style=\"background-color:rgba(0, 0, 0, 0)\" class=\"has-inline-color has-vivid-cyan-blue-color\">intereses<\/mark><\/strong>, escr\u00edbenos o ll\u00e1manos al Tel <strong>55581-11311<\/strong>.<\/p>\n\n\n\n<p>.<\/p>\n\n\n\n<p>Cuando<strong> necesites<\/strong> ayuda, <strong>asistencia<\/strong> o <strong>planeaci\u00f3n<\/strong> legal, <strong>solicita<\/strong> <strong>Cita Privada<\/strong> <a rel=\"noreferrer noopener\" href=\"mailto:bi@sm99.mx\" target=\"_blank\"><strong>Aqu\u00ed<\/strong><\/a><\/p>\n\n\n\n<p>La informaci\u00f3n que AQU\u00cd te presentamos <strong>deriva<\/strong> de los <strong>Peri\u00f3dicos Oficiales <\/strong>de la<strong> CdMx<\/strong>, <strong>Estado<\/strong> de Mex., Diario <strong>Oficial<\/strong> de la Federaci\u00f3n, Suprema Corte de<strong> Justicia<\/strong> de la Naci\u00f3n, por lo tanto es de <strong>aplicaci\u00f3n OBLIGATORIA<\/strong><\/p>\n\n\n\n<p>La <strong>informaci\u00f3n<\/strong> de hoy procede de la Suprema Corte de Justicia<\/p>\n\n\n\n<p><strong><mark style=\"background-color:rgba(0, 0, 0, 0)\" class=\"has-inline-color has-luminous-vivid-orange-color\">AY\u00daDANOS<\/mark><\/strong> para que m\u00e1s personas conozcan esta informaci\u00f3n, <strong>Comp\u00e1rtelo<\/strong> en tus redes sociales.<\/p>\n","protected":false},"excerpt":{"rendered":"<p>Views: 60 . La Suprema Corte de Justicia de la Naci\u00f3n, a trav\u00e9s de la Segunda Sala DETERMIN\u00d3 que, para que los beneficiarios del trabajador fallecido puedan obtener los derechos laborales obtenidos en el juicio, DEBER\u00c1N tramitar el incidente de sustituci\u00f3n procesal de manera simplificada, esto es, sin mayores requisitos u obst\u00e1culos y no es [&hellip;]<\/p>\n","protected":false},"author":3,"featured_media":0,"comment_status":"closed","ping_status":"open","sticky":false,"template":"","format":"standard","meta":{"_jetpack_memberships_contains_paid_content":false,"footnotes":""},"categories":[4],"tags":[],"jetpack_sharing_enabled":true,"jetpack_featured_media_url":"","_links":{"self":[{"href":"http:\/\/www.salgadonoticias.com\/index.php?rest_route=\/wp\/v2\/posts\/29557"}],"collection":[{"href":"http:\/\/www.salgadonoticias.com\/index.php?rest_route=\/wp\/v2\/posts"}],"about":[{"href":"http:\/\/www.salgadonoticias.com\/index.php?rest_route=\/wp\/v2\/types\/post"}],"author":[{"embeddable":true,"href":"http:\/\/www.salgadonoticias.com\/index.php?rest_route=\/wp\/v2\/users\/3"}],"replies":[{"embeddable":true,"href":"http:\/\/www.salgadonoticias.com\/index.php?rest_route=%2Fwp%2Fv2%2Fcomments&post=29557"}],"version-history":[{"count":2,"href":"http:\/\/www.salgadonoticias.com\/index.php?rest_route=\/wp\/v2\/posts\/29557\/revisions"}],"predecessor-version":[{"id":29560,"href":"http:\/\/www.salgadonoticias.com\/index.php?rest_route=\/wp\/v2\/posts\/29557\/revisions\/29560"}],"wp:attachment":[{"href":"http:\/\/www.salgadonoticias.com\/index.php?rest_route=%2Fwp%2Fv2%2Fmedia&parent=29557"}],"wp:term":[{"taxonomy":"category","embeddable":true,"href":"http:\/\/www.salgadonoticias.com\/index.php?rest_route=%2Fwp%2Fv2%2Fcategories&post=29557"},{"taxonomy":"post_tag","embeddable":true,"href":"http:\/\/www.salgadonoticias.com\/index.php?rest_route=%2Fwp%2Fv2%2Ftags&post=29557"}],"curies":[{"name":"wp","href":"https:\/\/api.w.org\/{rel}","templated":true}]}}