{"id":29561,"date":"2024-09-09T01:50:00","date_gmt":"2024-09-09T06:50:00","guid":{"rendered":"https:\/\/www.salgadonoticias.com\/?p=29561"},"modified":"2024-09-08T21:08:21","modified_gmt":"2024-09-09T02:08:21","slug":"29561","status":"publish","type":"post","link":"http:\/\/www.salgadonoticias.com\/?p=29561","title":{"rendered":"La Reinstalaci\u00f3n Laboral puede Ser en Domicilio de Autoridad"},"content":{"rendered":"<p>Views: 27<\/p>\n<p>.<\/p>\n\n\n\n<p>Este <strong>ANTECEDENTE<\/strong>:<\/p>\n\n\n\n<p><strong>Surge<\/strong> luego de que un trabajador demand\u00f3 el pago de la indemnizaci\u00f3n constitucional y otras prestaciones derivado del despido injustificado del que fue objeto. Ah\u00ed afirm\u00f3 que fue representante m\u00e9dico, y su labor era proporcionar y distribuir diversos productos farmac\u00e9uticos para su venta a hospitales particulares, cl\u00ednicas y consultorios m\u00e9dicos pero,  adem\u00e1s, <strong>qued\u00f3 evidenciado en el juicio<\/strong> laboral <strong>que el domicilio que se\u00f1al\u00f3 como lugar de trabajo corresponde a su domicilio particular<\/strong>. La demandada ofreci\u00f3 el trabajo y la reinstalaci\u00f3n tuvo lugar en las instalaciones de la autoridad laboral.<\/p>\n\n\n\n<p>.<\/p>\n\n\n\n<p>La <strong><mark style=\"background-color:rgba(0, 0, 0, 0);color:#040684\" class=\"has-inline-color\">Suprema Corte de Justicia<\/mark> <\/strong>a trav\u00e9s del Tribunal Colegiado de Circuito <strong><mark style=\"background-color:rgba(0, 0, 0, 0);color:#970505\" class=\"has-inline-color\">DETERMIN\u00d3<\/mark><\/strong> si el <mark style=\"background-color:#e79fb1\" class=\"has-inline-color\"><strong>Patr\u00f3n<\/strong> <strong>NO tiene un domicilio laboral cierto<\/strong><\/mark> y determinado para el desarrollo de las labores, <mark style=\"background-color:#ffcc3f\" class=\"has-inline-color\"><strong>NO<\/strong><\/mark><mark style=\"background-color:#ffffff\" class=\"has-inline-color\"><strong> <\/strong>es de <\/mark><mark style=\"background-color:#ffcc3f\" class=\"has-inline-color\"><strong>MALA FE<\/strong><\/mark><mark style=\"background-color:#ffffff\" class=\"has-inline-color\"> que el ofrecimiento de trabajo y la <\/mark><mark style=\"background-color:#ffcc3f\" class=\"has-inline-color\"><strong>REINSTALACI\u00d3N<\/strong> se <strong>lleve acabo en el domicilio de la autoridad laboral<\/strong>.<\/mark><\/p>\n\n\n\n<p>.<\/p>\n\n\n\n<p>La justificaci\u00f3n de la <strong><mark style=\"background-color:rgba(0, 0, 0, 0);color:#0f0796\" class=\"has-inline-color\">SCJN<\/mark> <\/strong>es que en la Ley Federal del Trabajo se <mark style=\"background-color:rgba(0, 0, 0, 0);color:#b00707\" class=\"has-inline-color\"><strong>prev\u00e9<\/strong> <\/mark><mark style=\"background-color:rgba(0, 0, 0, 0)\" class=\"has-inline-color has-black-color\">la posibilidad de que el<\/mark><mark style=\"background-color:rgba(0, 0, 0, 0);color:#b00707\" class=\"has-inline-color\"> <strong>patr\u00f3n realice el ofrecimiento del trabajo<\/strong><\/mark>, cuya calificaci\u00f3n queda a cargo del tribunal. <mark style=\"background-color:#cef4e5\" class=\"has-inline-color\">Habr\u00e1<strong> mala fe<\/strong><\/mark> cuando: <\/p>\n\n\n\n<ul>\n<li><strong><mark style=\"background-color:#eebc98\" class=\"has-inline-color has-black-color\">La intenci\u00f3n sea burlar la norma que impone a aqu\u00e9l la obligaci\u00f3n de probar la justificaci\u00f3n del despido o hastiar a la persona trabajadora en el litigio para hacerla desistir de su reclamo; <\/mark><\/strong><\/li>\n\n\n\n<li><strong><mark style=\"background-color:#38f0d7\" class=\"has-inline-color\">Se afecte al trabajador en sus derechos (cuando se ofrezca un trabajo diferente al que ven\u00eda desempe\u00f1ando); o <\/mark><\/strong><\/li>\n\n\n\n<li><strong><mark style=\"background-color:#f8d36c\" class=\"has-inline-color\">Se modifiquen las condiciones de trabajo en perjuicio del trabajador, <\/mark><\/strong><\/li>\n\n\n\n<li><strong><mark style=\"background-color:#c499ec\" class=\"has-inline-color\">Que el patr\u00f3n, al ofrecer el trabajo, asuma una doble conducta que contradiga su ofrecimiento de continuar con la relaci\u00f3n laboral. <\/mark><\/strong><\/li>\n<\/ul>\n\n\n\n<p>Si el ofrecimiento es bajo alguno de los conceptos arriba descritos, es cuando se muestra que no existe sinceridad ni voluntad de que el trabajador se reintegre y tiene la consecuencia de que no se revierta la carga de la prueba a \u00e9sta, esto en t\u00e9rminos del art\u00edculo 784 de la misma ley. As\u00ed, cuando se <mark style=\"background-color:rgba(0, 0, 0, 0);color:#b3045e\" class=\"has-inline-color\"><strong>desarrolla un trabajo de campo<\/strong>, que <strong>NO EXIGUE un DOMICILIO para su realizaci\u00f3n<\/strong>, es <strong>LEGAL ejecutar la reinstalaci\u00f3n en las instalaciones de la autoridad<\/strong> <strong>laboral<\/strong>, <strong>SIN<\/strong> que el ofrecimiento de trabajo <strong>pueda calificarse de mala fe<\/strong><\/mark>, porque la falta de domicilio laboral no var\u00eda las condiciones de trabajo, atendiendo a su naturaleza y a la forma en que se desarrollaba.<\/p>\n\n\n\n<p>.<\/p>\n\n\n\n<p><strong><mark style=\"background-color:rgba(0, 0, 0, 0);color:#880259\" class=\"has-inline-color\">Tesis LABORAL<\/mark><\/strong><\/p>\n\n\n\n<p>.<\/p>\n\n\n\n<p class=\"wp-embed-aspect-16-9 wp-has-aspect-ratio\">Si estas en el <strong><mark style=\"background-color:rgba(0, 0, 0, 0)\" class=\"has-inline-color has-vivid-red-color\">Extranjero <\/mark><\/strong>nosotros somos tu <strong><mark style=\"background-color:rgba(0, 0, 0, 0)\" class=\"has-inline-color has-vivid-green-cyan-color\">mejor<\/mark><\/strong> alternativa para <strong><mark style=\"background-color:rgba(0, 0, 0, 0)\" class=\"has-inline-color has-luminous-vivid-orange-color\">velar<\/mark><\/strong> por tus <strong><mark style=\"background-color:rgba(0, 0, 0, 0)\" class=\"has-inline-color has-vivid-cyan-blue-color\">intereses<\/mark><\/strong>, escr\u00edbenos o ll\u00e1manos al Tel <strong>55581-11311<\/strong>.<\/p>\n\n\n\n<p>.<\/p>\n\n\n\n<p>Cuando<strong> necesites<\/strong> ayuda, <strong>asistencia<\/strong> o <strong>planeaci\u00f3n<\/strong> legal, <strong>solicita<\/strong> <strong>Cita Privada<\/strong> <a rel=\"noreferrer noopener\" href=\"mailto:bi@sm99.mx\" target=\"_blank\"><strong>Aqu\u00ed<\/strong><\/a><\/p>\n\n\n\n<p>La informaci\u00f3n que AQU\u00cd te presentamos <strong>deriva<\/strong> de los <strong>Peri\u00f3dicos Oficiales <\/strong>de la<strong> CdMx<\/strong>, <strong>Estado<\/strong> de Mex., Diario <strong>Oficial<\/strong> de la Federaci\u00f3n, Suprema Corte de<strong> Justicia<\/strong> de la Naci\u00f3n, por lo tanto es de <strong>aplicaci\u00f3n OBLIGATORIA<\/strong><\/p>\n\n\n\n<p>La <strong>informaci\u00f3n<\/strong> de hoy procede de la Suprema Corte de Justicia<\/p>\n\n\n\n<p><strong><mark style=\"background-color:rgba(0, 0, 0, 0)\" class=\"has-inline-color has-luminous-vivid-orange-color\">AY\u00daDANOS<\/mark><\/strong> para que m\u00e1s personas conozcan esta informaci\u00f3n, <strong>Comp\u00e1rtelo<\/strong> en tus redes sociales.<\/p>\n","protected":false},"excerpt":{"rendered":"<p>Views: 27 . Este ANTECEDENTE: Surge luego de que un trabajador demand\u00f3 el pago de la indemnizaci\u00f3n constitucional y otras prestaciones derivado del despido injustificado del que fue objeto. Ah\u00ed afirm\u00f3 que fue representante m\u00e9dico, y su labor era proporcionar y distribuir diversos productos farmac\u00e9uticos para su venta a hospitales particulares, cl\u00ednicas y consultorios m\u00e9dicos [&hellip;]<\/p>\n","protected":false},"author":3,"featured_media":29564,"comment_status":"closed","ping_status":"open","sticky":false,"template":"","format":"standard","meta":{"_jetpack_memberships_contains_paid_content":false,"footnotes":""},"categories":[4],"tags":[],"jetpack_sharing_enabled":true,"jetpack_featured_media_url":"http:\/\/www.salgadonoticias.com\/wp-content\/uploads\/2024\/09\/reinstalacion.webp","_links":{"self":[{"href":"http:\/\/www.salgadonoticias.com\/index.php?rest_route=\/wp\/v2\/posts\/29561"}],"collection":[{"href":"http:\/\/www.salgadonoticias.com\/index.php?rest_route=\/wp\/v2\/posts"}],"about":[{"href":"http:\/\/www.salgadonoticias.com\/index.php?rest_route=\/wp\/v2\/types\/post"}],"author":[{"embeddable":true,"href":"http:\/\/www.salgadonoticias.com\/index.php?rest_route=\/wp\/v2\/users\/3"}],"replies":[{"embeddable":true,"href":"http:\/\/www.salgadonoticias.com\/index.php?rest_route=%2Fwp%2Fv2%2Fcomments&post=29561"}],"version-history":[{"count":5,"href":"http:\/\/www.salgadonoticias.com\/index.php?rest_route=\/wp\/v2\/posts\/29561\/revisions"}],"predecessor-version":[{"id":29570,"href":"http:\/\/www.salgadonoticias.com\/index.php?rest_route=\/wp\/v2\/posts\/29561\/revisions\/29570"}],"wp:featuredmedia":[{"embeddable":true,"href":"http:\/\/www.salgadonoticias.com\/index.php?rest_route=\/wp\/v2\/media\/29564"}],"wp:attachment":[{"href":"http:\/\/www.salgadonoticias.com\/index.php?rest_route=%2Fwp%2Fv2%2Fmedia&parent=29561"}],"wp:term":[{"taxonomy":"category","embeddable":true,"href":"http:\/\/www.salgadonoticias.com\/index.php?rest_route=%2Fwp%2Fv2%2Fcategories&post=29561"},{"taxonomy":"post_tag","embeddable":true,"href":"http:\/\/www.salgadonoticias.com\/index.php?rest_route=%2Fwp%2Fv2%2Ftags&post=29561"}],"curies":[{"name":"wp","href":"https:\/\/api.w.org\/{rel}","templated":true}]}}