{"id":29572,"date":"2024-09-10T01:08:00","date_gmt":"2024-09-10T06:08:00","guid":{"rendered":"https:\/\/www.salgadonoticias.com\/?p=29572"},"modified":"2024-09-09T19:08:32","modified_gmt":"2024-09-10T00:08:32","slug":"29572","status":"publish","type":"post","link":"http:\/\/www.salgadonoticias.com\/?p=29572","title":{"rendered":"SCJN&#8230;Mantiene la Suspensi\u00f3n de Labores&#8230;!!!"},"content":{"rendered":"<p>Views: 8<\/p>\n<p>.<\/p>\n\n\n\n<p>A trav\u00e9s de un comunicado OFICIAL, la <strong><mark style=\"background-color:rgba(0, 0, 0, 0);color:#031cb1\" class=\"has-inline-color\">Suprema Corte de Justicia<\/mark> <\/strong>el d\u00eda de ayer <strong><mark style=\"background-color:rgba(0, 0, 0, 0);color:#7e0606\" class=\"has-inline-color\">DETERMIN\u00d3<\/mark><\/strong> seguir con la <strong><mark style=\"background-color:rgba(0, 0, 0, 0);color:#ae054a\" class=\"has-inline-color\">SUSPENSI\u00d3N de Actividades<\/mark><\/strong>, e informa que los<strong> <\/strong><mark style=\"background-color:#b8d4e5\" class=\"has-inline-color\"><strong>asuntos URGENTES se atender\u00e1n<\/strong> \u201cconforme al criterio de l@s ministr@s  a los que corresponda resolver en el \u00e1mbito de su competencia\u201d.<\/mark><\/p>\n\n\n\n<p>.<\/p>\n\n\n\n<p>As\u00ed que con 8 votos a favor del paro y 2 en contra y la abstenci\u00f3n de la Ministra Batres se decidi\u00f3 que <mark style=\"background-color:#7bdcb5\" class=\"has-inline-color\"><strong>las<\/strong> <strong>labores<\/strong><\/mark><strong> <\/strong>para esta semana se <mark style=\"background-color:rgba(0, 0, 0, 0);color:#850505\" class=\"has-inline-color\"><strong>suspendieran hasta el pr\u00f3ximo jueves 13 de septiembre<\/strong>,<\/mark> dem\u00e1s se declar\u00f3 que las <strong><mark style=\"background-color:rgba(0, 0, 0, 0);color:#b50505\" class=\"has-inline-color\">Salas deber\u00e1n acordar si celebran sesi\u00f3n a distancia<\/mark><\/strong>, y se har\u00e1 otra <mark style=\"background-color:#8ef264\" class=\"has-inline-color\"><strong>votaci\u00f3<\/strong>n para decidir la <strong>reanudaci\u00f3n o no de las tareas<\/strong>.<\/mark><\/p>\n\n\n\n<p>.<\/p>\n\n\n\n<p>.<\/p>\n\n\n\n<p class=\"wp-embed-aspect-16-9 wp-has-aspect-ratio\">Si estas en el <strong><mark style=\"background-color:rgba(0, 0, 0, 0)\" class=\"has-inline-color has-vivid-red-color\">Extranjero <\/mark><\/strong>nosotros somos tu <strong><mark style=\"background-color:rgba(0, 0, 0, 0)\" class=\"has-inline-color has-vivid-green-cyan-color\">mejor<\/mark><\/strong> alternativa para <strong><mark style=\"background-color:rgba(0, 0, 0, 0)\" class=\"has-inline-color has-luminous-vivid-orange-color\">velar<\/mark><\/strong> por tus <strong><mark style=\"background-color:rgba(0, 0, 0, 0)\" class=\"has-inline-color has-vivid-cyan-blue-color\">intereses<\/mark><\/strong>, escr\u00edbenos o ll\u00e1manos al Tel <strong>55581-11311<\/strong>.<\/p>\n\n\n\n<p>.<\/p>\n\n\n\n<p>Cuando<strong> necesites<\/strong> ayuda, <strong>asistencia<\/strong> o <strong>planeaci\u00f3n<\/strong> legal, <strong>solicita<\/strong> <strong>Cita Privada<\/strong> <a rel=\"noreferrer noopener\" href=\"mailto:bi@sm99.mx\" target=\"_blank\"><strong>Aqu\u00ed<\/strong><\/a><\/p>\n\n\n\n<p>La informaci\u00f3n que AQU\u00cd te presentamos <strong>deriva<\/strong> de los <strong>Peri\u00f3dicos Oficiales <\/strong>de la<strong> CdMx<\/strong>, <strong>Estado<\/strong> de Mex., Diario <strong>Oficial<\/strong> de la Federaci\u00f3n, Suprema Corte de<strong> Justicia<\/strong> de la Naci\u00f3n, por lo tanto es de <strong>aplicaci\u00f3n OBLIGATORIA<\/strong><\/p>\n\n\n\n<p>La <strong>informaci\u00f3n<\/strong> de hoy procede de la Suprema Corte de Justicia<\/p>\n\n\n\n<p><strong><mark style=\"background-color:rgba(0, 0, 0, 0)\" class=\"has-inline-color has-luminous-vivid-orange-color\">AY\u00daDANOS<\/mark><\/strong> para que m\u00e1s personas conozcan esta informaci\u00f3n, <strong>Comp\u00e1rtelo<\/strong> en tus redes sociales.<\/p>\n","protected":false},"excerpt":{"rendered":"<p>Views: 8 . A trav\u00e9s de un comunicado OFICIAL, la Suprema Corte de Justicia el d\u00eda de ayer DETERMIN\u00d3 seguir con la SUSPENSI\u00d3N de Actividades, e informa que los asuntos URGENTES se atender\u00e1n \u201cconforme al criterio de l@s ministr@s a los que corresponda resolver en el \u00e1mbito de su competencia\u201d. . As\u00ed que con 8 [&hellip;]<\/p>\n","protected":false},"author":3,"featured_media":29577,"comment_status":"closed","ping_status":"open","sticky":false,"template":"","format":"standard","meta":{"_jetpack_memberships_contains_paid_content":false,"footnotes":""},"categories":[4],"tags":[],"jetpack_sharing_enabled":true,"jetpack_featured_media_url":"http:\/\/www.salgadonoticias.com\/wp-content\/uploads\/2024\/09\/suprema-corte.png","_links":{"self":[{"href":"http:\/\/www.salgadonoticias.com\/index.php?rest_route=\/wp\/v2\/posts\/29572"}],"collection":[{"href":"http:\/\/www.salgadonoticias.com\/index.php?rest_route=\/wp\/v2\/posts"}],"about":[{"href":"http:\/\/www.salgadonoticias.com\/index.php?rest_route=\/wp\/v2\/types\/post"}],"author":[{"embeddable":true,"href":"http:\/\/www.salgadonoticias.com\/index.php?rest_route=\/wp\/v2\/users\/3"}],"replies":[{"embeddable":true,"href":"http:\/\/www.salgadonoticias.com\/index.php?rest_route=%2Fwp%2Fv2%2Fcomments&post=29572"}],"version-history":[{"count":3,"href":"http:\/\/www.salgadonoticias.com\/index.php?rest_route=\/wp\/v2\/posts\/29572\/revisions"}],"predecessor-version":[{"id":29579,"href":"http:\/\/www.salgadonoticias.com\/index.php?rest_route=\/wp\/v2\/posts\/29572\/revisions\/29579"}],"wp:featuredmedia":[{"embeddable":true,"href":"http:\/\/www.salgadonoticias.com\/index.php?rest_route=\/wp\/v2\/media\/29577"}],"wp:attachment":[{"href":"http:\/\/www.salgadonoticias.com\/index.php?rest_route=%2Fwp%2Fv2%2Fmedia&parent=29572"}],"wp:term":[{"taxonomy":"category","embeddable":true,"href":"http:\/\/www.salgadonoticias.com\/index.php?rest_route=%2Fwp%2Fv2%2Fcategories&post=29572"},{"taxonomy":"post_tag","embeddable":true,"href":"http:\/\/www.salgadonoticias.com\/index.php?rest_route=%2Fwp%2Fv2%2Ftags&post=29572"}],"curies":[{"name":"wp","href":"https:\/\/api.w.org\/{rel}","templated":true}]}}