{"id":29580,"date":"2024-09-10T00:30:00","date_gmt":"2024-09-10T05:30:00","guid":{"rendered":"https:\/\/www.salgadonoticias.com\/?p=29580"},"modified":"2024-09-10T12:29:25","modified_gmt":"2024-09-10T17:29:25","slug":"29580","status":"publish","type":"post","link":"http:\/\/www.salgadonoticias.com\/?p=29580","title":{"rendered":"Jueces Deben EVALUAR, Despido Trabajadores con M\u00c1S de 20 A\u00f1os de Antig\u00fcedad!!!"},"content":{"rendered":"<p>Views: 6<\/p>\n<p>.<\/p>\n\n\n\n<p>Este <strong>ANTECEDENTE:<\/strong><\/p>\n\n\n\n<p><strong>Surge <\/strong>despu\u00e9s de que en un juicio laboral qued\u00f3 <strong>demostrada la <mark style=\"background-color:rgba(0, 0, 0, 0)\" class=\"has-inline-color has-vivid-red-color\">causa de rescisi\u00f3n<\/mark><\/strong> en que se sustent\u00f3 la defensa del Patr\u00f3n, <strong>debido a la gravedad de la falta<\/strong> <mark style=\"background-color:#ff6900\" class=\"has-inline-color\">que justific\u00f3 la separaci\u00f3n del trabajador<\/mark>, <strong>aun cuando contaba con <mark style=\"background-color:#cf2e2e\" class=\"has-inline-color\">m\u00e1s de 20 a\u00f1os de servicios<\/mark><\/strong>. <\/p>\n\n\n\n<p>En el <strong>amparo<\/strong> directo se <strong>argument\u00f3<\/strong> que se <strong>dejaron de advertir las contradicciones<\/strong> en los planteamientos de la demandada <strong>sobre la <mark style=\"background-color:#abb8c3\" class=\"has-inline-color\">causa grave<\/mark><\/strong>, lo cual debi\u00f3 llevar a <mark style=\"background-color:#fcb900\" class=\"has-inline-color\">declarar procedente la acci\u00f3n ante el principio de estricto derecho<\/mark> que rige respecto de la parte patronal en materia laboral.<\/p>\n\n\n\n<p>.<\/p>\n\n\n\n<p>La <strong><mark style=\"background-color:rgba(0, 0, 0, 0);color:#0d067c\" class=\"has-inline-color\">Suprema Corte de Justicia<\/mark>, <\/strong>ante lo anterior <strong><mark style=\"background-color:rgba(0, 0, 0, 0);color:#910707\" class=\"has-inline-color\">DETERMIN\u00d3<\/mark> <\/strong>que, en casos de despido de trabajadores con <mark style=\"background-color:#bfd7ed\" class=\"has-inline-color\"><strong>m\u00e1s<\/strong> de 20 a\u00f1os de servicio<\/mark>, los <mark style=\"background-color:#f3bb92\" class=\"has-inline-color\"><strong>JUECES tienen <\/strong><\/mark><strong><mark style=\"background-color:#fcb900\" class=\"has-inline-color\">el poder<\/mark><\/strong><mark style=\"background-color:#f3bb92\" class=\"has-inline-color\"><strong> de evaluar<\/strong> si la <strong>gravedad<\/strong> de la <strong>falta cometida <\/strong>por el trabajador <strong>hace imposible continuar la relaci\u00f3n laboral<\/strong><\/mark>, incluso <strong><mark style=\"background-color:#ff6900\" class=\"has-inline-color\">si existen contradicciones<\/mark><\/strong> en la defensa del empleador.<\/p>\n\n\n\n<p>Esto es que, aunque el <mark style=\"background-color:rgba(0, 0, 0, 0);color:#4b058e\" class=\"has-inline-color\"><strong>empleador no sea responsable del despido<\/strong>, los<\/mark><mark style=\"background-color:#fcb900;color:#4b058e\" class=\"has-inline-color\"> <strong>jueces<\/strong> pueden <strong>decidir si la falta del trabajador es tan grave que justifica la terminaci\u00f3n del contrato<\/strong><\/mark>, sin importar las posibles inconsistencias en la defensa del empleador.<\/p>\n\n\n\n<p>.<\/p>\n\n\n\n<p>La justificaci\u00f3n de la <strong><mark style=\"background-color:rgba(0, 0, 0, 0);color:#1f019c\" class=\"has-inline-color\">SCJN<\/mark> <\/strong>es <mark style=\"background-color:#f6ccd7\" class=\"has-inline-color\"><strong>conforme<\/strong> al <strong>principio de realidad y a la obligaci\u00f3n de resolver a verdad sabida y buena fe guardada<\/strong><\/mark>, apreciando los hechos en conciencia, por lo que los<strong> <\/strong><mark style=\"background-color:#ddfc00\" class=\"has-inline-color\"><strong>JUECES<\/strong> DEBEN <strong>determinar<\/strong><\/mark>, por una parte, <mark style=\"background-color:rgba(0, 0, 0, 0);color:#c60404\" class=\"has-inline-color\"><strong>si lo ocurrido justifica la causa del despido SIN responsabilidad para el patr\u00f3n <\/strong><\/mark><mark style=\"background-color:rgba(0, 0, 0, 0)\" class=\"has-inline-color has-black-color\">esto en t\u00e9rminos del art. 47 de la LFT y, por otra,<\/mark><mark style=\"background-color:rgba(0, 0, 0, 0);color:#c60404\" class=\"has-inline-color\"> <strong>si en esa causa existi\u00f3 la gravedad suficiente para que se desaplicara<\/strong> <\/mark><mark style=\"background-color:rgba(0, 0, 0, 0)\" class=\"has-inline-color has-black-color\">la prerrogativa prevista en el art, 161 de la misma ley, con respecto de las<\/mark><mark style=\"background-color:rgba(0, 0, 0, 0);color:#c60404\" class=\"has-inline-color\"> <em><strong>personas trabajadoras que tienen m\u00e1s de 20 a\u00f1os de antig\u00fcedad<\/strong><\/em><\/mark><mark style=\"background-color:rgba(0, 0, 0, 0)\" class=\"has-inline-color has-black-color\">, sin que deban sujetarse a reglas o formulismos que impidan concluir con objetividad lo jur\u00eddicamente correcto; de manera que las<\/mark><mark style=\"background-color:rgba(0, 0, 0, 0);color:#c60404\" class=\"has-inline-color\"> <strong>probables contradicciones en la defensa de la demandada son intrascendentes<\/strong><\/mark><strong>,<\/strong> si los hechos quedaron plenamente comprobados en el juicio.<\/p>\n\n\n\n<p>.<\/p>\n\n\n\n<p><strong><mark style=\"background-color:#b1e58e\" class=\"has-inline-color\">RESOLUCI\u00d3N<\/mark><\/strong> que est\u00e1 <strong>disponible<\/strong> para quien la <strong><mark style=\"background-color:rgba(0, 0, 0, 0);color:#8c0303\" class=\"has-inline-color\">haga valer<\/mark><\/strong> a partir de esta semana<\/p>\n\n\n\n<p><mark style=\"background-color:rgba(0, 0, 0, 0);color:#149207\" class=\"has-inline-color\">Tesis <strong>LABORAL<\/strong><\/mark><\/p>\n\n\n\n<p>.<\/p>\n\n\n\n<p class=\"wp-embed-aspect-16-9 wp-has-aspect-ratio\">Si estas en el <strong><mark style=\"background-color:rgba(0, 0, 0, 0)\" class=\"has-inline-color has-vivid-red-color\">Extranjero <\/mark><\/strong>nosotros somos tu <strong><mark style=\"background-color:rgba(0, 0, 0, 0)\" class=\"has-inline-color has-vivid-green-cyan-color\">mejor<\/mark><\/strong> alternativa para <strong><mark style=\"background-color:rgba(0, 0, 0, 0)\" class=\"has-inline-color has-luminous-vivid-orange-color\">velar<\/mark><\/strong> por tus <strong><mark style=\"background-color:rgba(0, 0, 0, 0)\" class=\"has-inline-color has-vivid-cyan-blue-color\">intereses<\/mark><\/strong>, escr\u00edbenos o ll\u00e1manos al Tel <strong>55581-11311<\/strong>.<\/p>\n\n\n\n<p>.<\/p>\n\n\n\n<p>Cuando<strong> necesites<\/strong> ayuda, <strong>asistencia<\/strong> o <strong>planeaci\u00f3n<\/strong> legal, <strong>solicita<\/strong> <strong>Cita Privada<\/strong> <a rel=\"noreferrer noopener\" href=\"mailto:bi@sm99.mx\" target=\"_blank\"><strong>Aqu\u00ed<\/strong><\/a><\/p>\n\n\n\n<p>La informaci\u00f3n que AQU\u00cd te presentamos <strong>deriva<\/strong> de los <strong>Peri\u00f3dicos Oficiales <\/strong>de la<strong> CdMx<\/strong>, <strong>Estado<\/strong> de Mex., Diario <strong>Oficial<\/strong> de la Federaci\u00f3n, Suprema Corte de<strong> Justicia<\/strong> de la Naci\u00f3n, por lo tanto es de <strong>aplicaci\u00f3n OBLIGATORIA<\/strong><\/p>\n\n\n\n<p>La <strong>informaci\u00f3n<\/strong> de hoy procede de la Suprema Corte de Justicia<\/p>\n\n\n\n<p><strong><mark style=\"background-color:rgba(0, 0, 0, 0)\" class=\"has-inline-color has-luminous-vivid-orange-color\">AY\u00daDANOS<\/mark><\/strong> para que m\u00e1s personas conozcan esta informaci\u00f3n, <strong>Comp\u00e1rtelo<\/strong> en tus redes sociales.<\/p>\n","protected":false},"excerpt":{"rendered":"<p>Views: 6 . Este ANTECEDENTE: Surge despu\u00e9s de que en un juicio laboral qued\u00f3 demostrada la causa de rescisi\u00f3n en que se sustent\u00f3 la defensa del Patr\u00f3n, debido a la gravedad de la falta que justific\u00f3 la separaci\u00f3n del trabajador, aun cuando contaba con m\u00e1s de 20 a\u00f1os de servicios. En el amparo directo se [&hellip;]<\/p>\n","protected":false},"author":3,"featured_media":29604,"comment_status":"closed","ping_status":"open","sticky":false,"template":"","format":"standard","meta":{"_jetpack_memberships_contains_paid_content":false,"footnotes":""},"categories":[4],"tags":[],"jetpack_sharing_enabled":true,"jetpack_featured_media_url":"http:\/\/www.salgadonoticias.com\/wp-content\/uploads\/2024\/09\/jueces.webp","_links":{"self":[{"href":"http:\/\/www.salgadonoticias.com\/index.php?rest_route=\/wp\/v2\/posts\/29580"}],"collection":[{"href":"http:\/\/www.salgadonoticias.com\/index.php?rest_route=\/wp\/v2\/posts"}],"about":[{"href":"http:\/\/www.salgadonoticias.com\/index.php?rest_route=\/wp\/v2\/types\/post"}],"author":[{"embeddable":true,"href":"http:\/\/www.salgadonoticias.com\/index.php?rest_route=\/wp\/v2\/users\/3"}],"replies":[{"embeddable":true,"href":"http:\/\/www.salgadonoticias.com\/index.php?rest_route=%2Fwp%2Fv2%2Fcomments&post=29580"}],"version-history":[{"count":9,"href":"http:\/\/www.salgadonoticias.com\/index.php?rest_route=\/wp\/v2\/posts\/29580\/revisions"}],"predecessor-version":[{"id":29596,"href":"http:\/\/www.salgadonoticias.com\/index.php?rest_route=\/wp\/v2\/posts\/29580\/revisions\/29596"}],"wp:featuredmedia":[{"embeddable":true,"href":"http:\/\/www.salgadonoticias.com\/index.php?rest_route=\/wp\/v2\/media\/29604"}],"wp:attachment":[{"href":"http:\/\/www.salgadonoticias.com\/index.php?rest_route=%2Fwp%2Fv2%2Fmedia&parent=29580"}],"wp:term":[{"taxonomy":"category","embeddable":true,"href":"http:\/\/www.salgadonoticias.com\/index.php?rest_route=%2Fwp%2Fv2%2Fcategories&post=29580"},{"taxonomy":"post_tag","embeddable":true,"href":"http:\/\/www.salgadonoticias.com\/index.php?rest_route=%2Fwp%2Fv2%2Ftags&post=29580"}],"curies":[{"name":"wp","href":"https:\/\/api.w.org\/{rel}","templated":true}]}}