{"id":29605,"date":"2024-09-11T00:39:00","date_gmt":"2024-09-11T05:39:00","guid":{"rendered":"https:\/\/www.salgadonoticias.com\/?p=29605"},"modified":"2024-09-11T18:02:48","modified_gmt":"2024-09-11T23:02:48","slug":"29605","status":"publish","type":"post","link":"http:\/\/www.salgadonoticias.com\/?p=29605","title":{"rendered":"RECONSIDERACI\u00d3N Administrativa&#8230;Procede Contra Resoluciones INDIVIDUALES de los Contribuyentes&#8230;!!!"},"content":{"rendered":"<p>Views: 8<\/p>\n<p>.<\/p>\n\n\n\n<figure class=\"wp-block-embed is-type-video is-provider-youtube wp-block-embed-youtube wp-embed-aspect-16-9 wp-has-aspect-ratio\"><div class=\"wp-block-embed__wrapper\">\n<iframe loading=\"lazy\" title=\"RECONCIDERACION Administrativa...Procede Contra Resoluciones INDIVIDUALES de los Contribuyentes..\" width=\"640\" height=\"360\" src=\"https:\/\/www.youtube.com\/embed\/p0dDE1D4ggE?feature=oembed\" frameborder=\"0\" allow=\"accelerometer; autoplay; clipboard-write; encrypted-media; gyroscope; picture-in-picture; web-share\" referrerpolicy=\"strict-origin-when-cross-origin\" allowfullscreen><\/iframe>\n<\/div><\/figure>\n\n\n\n<p>.<\/p>\n\n\n\n<p>Este <strong>Antecedente:<\/strong><\/p>\n\n\n\n<p><strong>Surge <\/strong>luego de que Tribunales Colegiados de Circuito <strong><mark style=\"background-color:rgba(0, 0, 0, 0)\" class=\"has-inline-color has-vivid-red-color\">contendientes<\/mark><\/strong> tuvieron <strong>criterios diferentes<\/strong> al analizar si la <strong><mark style=\"background-color:#ff6900\" class=\"has-inline-color\">reconsideraci\u00f3n administrativa<\/mark> <\/strong>procede contra cualquier resoluci\u00f3n administrativa de car\u00e1cter individual <strong>desfavorable <\/strong>al particular <strong><mark style=\"background-color:#cf2e2e\" class=\"has-inline-color\">o<\/mark><\/strong> S\u00d3LO contra las que <strong>contengan <\/strong>un <strong><mark style=\"background-color:#f78da7\" class=\"has-inline-color\">Cr\u00e9dito Fiscal<\/mark>.<\/strong><\/p>\n\n\n\n<p>.<\/p>\n\n\n\n<p>La <strong><mark style=\"background-color:rgba(0, 0, 0, 0);color:#350687\" class=\"has-inline-color\">Suprema Corte de Justicia<\/mark> <\/strong>a trav\u00e9s del Pleno Regional en Materias Administrativa y Civil <strong><mark style=\"background-color:rgba(0, 0, 0, 0);color:#880505\" class=\"has-inline-color\">DETERMIN\u00d3<\/mark><\/strong> que es <strong><mark style=\"background-color:rgba(0, 0, 0, 0);color:#a10202\" class=\"has-inline-color\">PROCEDENTE<\/mark><\/strong> la <strong><mark style=\"background-color:#66f2ba\" class=\"has-inline-color\">Reconsideraci\u00f3n Administrativa <\/mark><\/strong>establecida art. 36 p\u00e1rrafo 3\u00b0 del C\u00f3digo Fiscal <mark style=\"background-color:#e6ff63\" class=\"has-inline-color\"><strong>contra<\/strong><\/mark><mark style=\"background-color:#ffffff\" class=\"has-inline-color\"><strong> <\/strong>las resoluciones administrativas <\/mark><mark style=\"background-color:#e6ff63\" class=\"has-inline-color\"><strong>definitivas<\/strong><\/mark><mark style=\"background-color:#ffffff\" class=\"has-inline-color\"> de car\u00e1cter individual <\/mark><mark style=\"background-color:#e6ff63\" class=\"has-inline-color\"><strong>desfavorables al particular<\/strong>,<\/mark> esto es <mark style=\"background-color:#9b51e0\" class=\"has-inline-color\">poder corregir posibles errores o injusticias<\/mark> y as\u00ed brindar una oportunidad adicional al contribuyentes para que en <mark style=\"background-color:#fcb900\" class=\"has-inline-color\">su caso sea reconsiderado<\/mark> con independencia de que <mark style=\"background-color:rgba(0, 0, 0, 0);color:#c55709\" class=\"has-inline-color\"><strong>contengan o no un cr\u00e9dito fiscal<\/strong>.<\/mark><\/p>\n\n\n\n<p>.<\/p>\n\n\n\n<p>La justificaci\u00f3n de la <strong>SCJN <\/strong>es que la intenci\u00f3n del legislador al adicionar el tercer y el cuarto p\u00e1rrafos al art\u00edculo citado, <strong>fue <\/strong>que <mark style=\"background-color:#ff6900\" class=\"has-inline-color\">el <strong>contribuyente tuviera a su alcance un procedimiento excepcional a fin de modificar o revocar, en su beneficio, resoluciones desfavorables<\/strong><\/mark><strong> emitidas por las autoridades fiscales.<\/strong><\/p>\n\n\n\n<p>Por tanto, que el tercer p\u00e1rrafo aludido <strong><mark style=\"background-color:rgba(0, 0, 0, 0);color:#460483\" class=\"has-inline-color\">establezca<\/mark><\/strong> como <strong>requisito de procedibilidad que no haya prescrito el cr\u00e9dito fiscal<\/strong>, <strong><mark style=\"background-color:#fbafc2\" class=\"has-inline-color\">NO puede interpretarse para restringir la procedencia de la reconsideraci\u00f3n<\/mark><\/strong>, ci\u00f1\u00e9ndola a una materia espec\u00edfica y limitando el prop\u00f3sito previsto por el legislador. <\/p>\n\n\n\n<p>Este requisito no puede condicionar al presupuesto elemental del concepto primario o b\u00e1sico al que se refiere el se\u00f1alado art\u00edculo 36 que dispone: <strong><mark style=\"background-color:rgba(0, 0, 0, 0);color:#b80649\" class=\"has-inline-color\">&#8220;Las autoridades fiscales podr\u00e1n, discrecionalmente, revisar las resoluciones administrativas de car\u00e1cter individual no favorables a un particular emitidas por sus subordinados jer\u00e1rquicamente&#8221;.<\/mark><\/strong><\/p>\n\n\n\n<p>.<\/p>\n\n\n\n<p>Esta <strong><mark style=\"background-color:#c2f69f\" class=\"has-inline-color\">RESOLUCI\u00d3N<\/mark> <\/strong>es de <strong>aplicaci\u00f3n <mark style=\"background-color:rgba(0, 0, 0, 0);color:#a10303\" class=\"has-inline-color\">OBLIGATORIA<\/mark> <\/strong>a partir de esta semana en toda la rep\u00fablica.<\/p>\n\n\n\n<p><strong><mark style=\"background-color:rgba(0, 0, 0, 0);color:#46b001\" class=\"has-inline-color\">Jurisprudencia ADMINISTRATIVA<\/mark><\/strong><\/p>\n\n\n\n<p>.<\/p>\n\n\n\n<p class=\"wp-embed-aspect-16-9 wp-has-aspect-ratio\">Si estas en el <strong><mark style=\"background-color:rgba(0, 0, 0, 0)\" class=\"has-inline-color has-vivid-red-color\">Extranjero <\/mark><\/strong>nosotros somos tu <strong><mark style=\"background-color:rgba(0, 0, 0, 0)\" class=\"has-inline-color has-vivid-green-cyan-color\">mejor<\/mark><\/strong> alternativa para <strong><mark style=\"background-color:rgba(0, 0, 0, 0)\" class=\"has-inline-color has-luminous-vivid-orange-color\">velar<\/mark><\/strong> por tus <strong><mark style=\"background-color:rgba(0, 0, 0, 0)\" class=\"has-inline-color has-vivid-cyan-blue-color\">intereses<\/mark><\/strong>, escr\u00edbenos o ll\u00e1manos al Tel <strong>55581-11311<\/strong>.<\/p>\n\n\n\n<p>.<\/p>\n\n\n\n<p>Cuando<strong> necesites<\/strong> ayuda, <strong>asistencia<\/strong> o <strong>planeaci\u00f3n<\/strong> legal, <strong>solicita<\/strong> <strong>Cita Privada<\/strong> <a rel=\"noreferrer noopener\" href=\"mailto:bi@sm99.mx\" target=\"_blank\"><strong>Aqu\u00ed<\/strong><\/a><\/p>\n\n\n\n<p>La informaci\u00f3n que AQU\u00cd te presentamos <strong>deriva<\/strong> de los <strong>Peri\u00f3dicos Oficiales <\/strong>de la<strong> CdMx<\/strong>, <strong>Estado<\/strong> de Mex., Diario <strong>Oficial<\/strong> de la Federaci\u00f3n, Suprema Corte de<strong> Justicia<\/strong> de la Naci\u00f3n, por lo tanto es de <strong>aplicaci\u00f3n OBLIGATORIA<\/strong><\/p>\n\n\n\n<p>La <strong>informaci\u00f3n<\/strong> de hoy procede de la Suprema Corte de Justicia<\/p>\n\n\n\n<p><strong><mark style=\"background-color:rgba(0, 0, 0, 0)\" class=\"has-inline-color has-luminous-vivid-orange-color\">AY\u00daDANOS<\/mark><\/strong> para que m\u00e1s personas conozcan esta informaci\u00f3n, <strong>Comp\u00e1rtelo<\/strong> en tus redes sociales.<\/p>\n","protected":false},"excerpt":{"rendered":"<p>Views: 8 . . Este Antecedente: Surge luego de que Tribunales Colegiados de Circuito contendientes tuvieron criterios diferentes al analizar si la reconsideraci\u00f3n administrativa procede contra cualquier resoluci\u00f3n administrativa de car\u00e1cter individual desfavorable al particular o S\u00d3LO contra las que contengan un Cr\u00e9dito Fiscal. . La Suprema Corte de Justicia a trav\u00e9s del Pleno Regional [&hellip;]<\/p>\n","protected":false},"author":3,"featured_media":29617,"comment_status":"closed","ping_status":"open","sticky":false,"template":"","format":"standard","meta":{"_jetpack_memberships_contains_paid_content":false,"footnotes":""},"categories":[4],"tags":[],"jetpack_sharing_enabled":true,"jetpack_featured_media_url":"http:\/\/www.salgadonoticias.com\/wp-content\/uploads\/2024\/09\/reconsideracion.jpg","_links":{"self":[{"href":"http:\/\/www.salgadonoticias.com\/index.php?rest_route=\/wp\/v2\/posts\/29605"}],"collection":[{"href":"http:\/\/www.salgadonoticias.com\/index.php?rest_route=\/wp\/v2\/posts"}],"about":[{"href":"http:\/\/www.salgadonoticias.com\/index.php?rest_route=\/wp\/v2\/types\/post"}],"author":[{"embeddable":true,"href":"http:\/\/www.salgadonoticias.com\/index.php?rest_route=\/wp\/v2\/users\/3"}],"replies":[{"embeddable":true,"href":"http:\/\/www.salgadonoticias.com\/index.php?rest_route=%2Fwp%2Fv2%2Fcomments&post=29605"}],"version-history":[{"count":6,"href":"http:\/\/www.salgadonoticias.com\/index.php?rest_route=\/wp\/v2\/posts\/29605\/revisions"}],"predecessor-version":[{"id":29618,"href":"http:\/\/www.salgadonoticias.com\/index.php?rest_route=\/wp\/v2\/posts\/29605\/revisions\/29618"}],"wp:featuredmedia":[{"embeddable":true,"href":"http:\/\/www.salgadonoticias.com\/index.php?rest_route=\/wp\/v2\/media\/29617"}],"wp:attachment":[{"href":"http:\/\/www.salgadonoticias.com\/index.php?rest_route=%2Fwp%2Fv2%2Fmedia&parent=29605"}],"wp:term":[{"taxonomy":"category","embeddable":true,"href":"http:\/\/www.salgadonoticias.com\/index.php?rest_route=%2Fwp%2Fv2%2Fcategories&post=29605"},{"taxonomy":"post_tag","embeddable":true,"href":"http:\/\/www.salgadonoticias.com\/index.php?rest_route=%2Fwp%2Fv2%2Ftags&post=29605"}],"curies":[{"name":"wp","href":"https:\/\/api.w.org\/{rel}","templated":true}]}}