{"id":29661,"date":"2024-09-14T01:31:00","date_gmt":"2024-09-14T06:31:00","guid":{"rendered":"https:\/\/www.salgadonoticias.com\/?p=29661"},"modified":"2024-09-13T20:09:53","modified_gmt":"2024-09-14T01:09:53","slug":"29661","status":"publish","type":"post","link":"http:\/\/www.salgadonoticias.com\/?p=29661","title":{"rendered":"CdMx&#8230;Ley SECA durante Fiestas Patrias&#8230;!!"},"content":{"rendered":"<p>Views: 2<\/p>\n<p>.<\/p>\n\n\n\n<p>Durante la celebraci\u00f3n de las\u00a0<strong>Fiestas Patrias\u00a0<\/strong>se ha anunciado la <strong><mark style=\"background-color:rgba(0, 0, 0, 0);color:#620303\" class=\"has-inline-color\">SUSPENSI\u00d3N<\/mark><\/strong> de la\u00a0<mark style=\"background-color:#abcbe7\" class=\"has-inline-color\"><strong>venta\u00a0<\/strong>de\u00a0<strong>alcohol<\/strong><\/mark><strong>\u00a0<\/strong>durante este <strong><mark style=\"background-color:rgba(0, 0, 0, 0);color:#8b0101\" class=\"has-inline-color\">15 y 16 de septiembre<\/mark><\/strong>, esta medida, dicen las autoridades es para prevenir actos de\u00a0<strong>violencia\u00a0<\/strong>y para\u00a0<strong>salvaguardar\u00a0<\/strong>la\u00a0<strong>integridad<\/strong>\u00a0<strong>f\u00edsica<\/strong>\u00a0de las\u00a0<strong>personas<\/strong>.<\/p>\n\n\n\n<p>.<\/p>\n\n\n\n<p><mark style=\"background-color:#a4e451\" class=\"has-inline-color\">Esta\u00a0<strong>Ley Seca<\/strong>\u00a0se implementa de <strong>0:00 horas<\/strong> del d\u00eda\u00a0<strong>15\u00a0<\/strong>de\u00a0<strong>septiembre\u00a0<\/strong>de 20<strong>24<\/strong>, hasta las 23:59 horas del d\u00eda\u00a0<strong>16\u00a0<\/strong>de\u00a0<strong>septiembre<\/strong>\u00a0y no se permitir\u00e1 la\u00a0<strong>venta\u00a0<\/strong>de\u00a0<strong>alcohol\u00a0<\/strong>en establecimientos mercantiles<strong>.<\/strong><\/mark><\/p>\n\n\n\n<p>.<\/p>\n\n\n\n<p><mark style=\"background-color:#f1abbd\" class=\"has-inline-color\">Aquellos que decidan <strong>no acatar las restricciones<\/strong> de la ley seca podr\u00edan enfrentarse a <strong>sanciones<\/strong> econ\u00f3micas, que van desde los <strong>$2,200.00 hasta los $3,240.00 <\/strong>pesos<\/mark><\/p>\n\n\n\n<p>.<\/p>\n\n\n\n<p>Hasta el momento las alcald\u00edas que anunciaron la suspenci\u00f3n de venta y consumo de alcohol son:<\/p>\n\n\n\n<ul>\n<li><strong><mark style=\"background-color:rgba(0, 0, 0, 0);color:#3907e3\" class=\"has-inline-color\">Xochimilco<\/mark><\/strong><\/li>\n\n\n\n<li><strong><mark style=\"background-color:rgba(0, 0, 0, 0);color:#c65707\" class=\"has-inline-color\">Magadalena Contreras<\/mark><\/strong><\/li>\n\n\n\n<li><strong><mark style=\"background-color:rgba(0, 0, 0, 0);color:#038a58\" class=\"has-inline-color\">Tlalpan<\/mark><\/strong><\/li>\n\n\n\n<li><strong><mark style=\"background-color:rgba(0, 0, 0, 0);color:#920649\" class=\"has-inline-color\">Cuajimalpa<\/mark><\/strong><\/li>\n\n\n\n<li><strong><mark style=\"background-color:rgba(0, 0, 0, 0);color:#429206\" class=\"has-inline-color\">Iztapalapa<\/mark><\/strong><\/li>\n<\/ul>\n\n\n\n<p>Mantente informado, ya que <strong>otras alcald\u00edas podr\u00edan sumarse a esta prohibici\u00f3n<\/strong>.<\/p>\n\n\n\n<p>.<\/p>\n\n\n\n<p>Si estas en el <strong><mark style=\"background-color:rgba(0, 0, 0, 0)\" class=\"has-inline-color has-vivid-red-color\">Extranjero <\/mark><\/strong>nosotros somos tu <strong><mark style=\"background-color:rgba(0, 0, 0, 0)\" class=\"has-inline-color has-vivid-green-cyan-color\">mejor<\/mark><\/strong> alternativa para <strong><mark style=\"background-color:rgba(0, 0, 0, 0)\" class=\"has-inline-color has-luminous-vivid-orange-color\">velar<\/mark><\/strong> por tus <strong><mark style=\"background-color:rgba(0, 0, 0, 0)\" class=\"has-inline-color has-vivid-cyan-blue-color\">intereses<\/mark><\/strong>.<\/p>\n\n\n\n<p>.<\/p>\n\n\n\n<p>Cuando<strong> necesites<\/strong> ayuda, <strong>asistencia<\/strong> o <strong>planeaci\u00f3n<\/strong> legal, <strong>solicita<\/strong> <strong>Cita Privada<\/strong> <a rel=\"noreferrer noopener\" href=\"mailto:bi@sm99.mx\" target=\"_blank\"><strong>Aqu\u00ed<\/strong><\/a><\/p>\n\n\n\n<p>La informaci\u00f3n que AQU\u00cd te presentamos <strong>deriva<\/strong> de los <strong>Peri\u00f3dicos Oficiales <\/strong>de la<strong> CdMx<\/strong>, <strong>Estado<\/strong> de Mex., Diario <strong>Oficial<\/strong> de la Federaci\u00f3n, Suprema Corte de<strong> Justicia<\/strong> de la Naci\u00f3n, por lo tanto es de <strong>aplicaci\u00f3n OBLIGATORIA<\/strong><\/p>\n","protected":false},"excerpt":{"rendered":"<p>Views: 2 . Durante la celebraci\u00f3n de las\u00a0Fiestas Patrias\u00a0se ha anunciado la SUSPENSI\u00d3N de la\u00a0venta\u00a0de\u00a0alcohol\u00a0durante este 15 y 16 de septiembre, esta medida, dicen las autoridades es para prevenir actos de\u00a0violencia\u00a0y para\u00a0salvaguardar\u00a0la\u00a0integridad\u00a0f\u00edsica\u00a0de las\u00a0personas. . Esta\u00a0Ley Seca\u00a0se implementa de 0:00 horas del d\u00eda\u00a015\u00a0de\u00a0septiembre\u00a0de 2024, hasta las 23:59 horas del d\u00eda\u00a016\u00a0de\u00a0septiembre\u00a0y no se permitir\u00e1 la\u00a0venta\u00a0de\u00a0alcohol\u00a0en establecimientos mercantiles. [&hellip;]<\/p>\n","protected":false},"author":3,"featured_media":29663,"comment_status":"closed","ping_status":"open","sticky":false,"template":"","format":"standard","meta":{"_jetpack_memberships_contains_paid_content":false,"footnotes":""},"categories":[1],"tags":[],"jetpack_sharing_enabled":true,"jetpack_featured_media_url":"http:\/\/www.salgadonoticias.com\/wp-content\/uploads\/2024\/09\/ley-seca.jpg","_links":{"self":[{"href":"http:\/\/www.salgadonoticias.com\/index.php?rest_route=\/wp\/v2\/posts\/29661"}],"collection":[{"href":"http:\/\/www.salgadonoticias.com\/index.php?rest_route=\/wp\/v2\/posts"}],"about":[{"href":"http:\/\/www.salgadonoticias.com\/index.php?rest_route=\/wp\/v2\/types\/post"}],"author":[{"embeddable":true,"href":"http:\/\/www.salgadonoticias.com\/index.php?rest_route=\/wp\/v2\/users\/3"}],"replies":[{"embeddable":true,"href":"http:\/\/www.salgadonoticias.com\/index.php?rest_route=%2Fwp%2Fv2%2Fcomments&post=29661"}],"version-history":[{"count":5,"href":"http:\/\/www.salgadonoticias.com\/index.php?rest_route=\/wp\/v2\/posts\/29661\/revisions"}],"predecessor-version":[{"id":29671,"href":"http:\/\/www.salgadonoticias.com\/index.php?rest_route=\/wp\/v2\/posts\/29661\/revisions\/29671"}],"wp:featuredmedia":[{"embeddable":true,"href":"http:\/\/www.salgadonoticias.com\/index.php?rest_route=\/wp\/v2\/media\/29663"}],"wp:attachment":[{"href":"http:\/\/www.salgadonoticias.com\/index.php?rest_route=%2Fwp%2Fv2%2Fmedia&parent=29661"}],"wp:term":[{"taxonomy":"category","embeddable":true,"href":"http:\/\/www.salgadonoticias.com\/index.php?rest_route=%2Fwp%2Fv2%2Fcategories&post=29661"},{"taxonomy":"post_tag","embeddable":true,"href":"http:\/\/www.salgadonoticias.com\/index.php?rest_route=%2Fwp%2Fv2%2Ftags&post=29661"}],"curies":[{"name":"wp","href":"https:\/\/api.w.org\/{rel}","templated":true}]}}