{"id":29683,"date":"2024-09-18T01:07:00","date_gmt":"2024-09-18T06:07:00","guid":{"rendered":"https:\/\/www.salgadonoticias.com\/?p=29683"},"modified":"2024-09-18T16:08:55","modified_gmt":"2024-09-18T21:08:55","slug":"29683","status":"publish","type":"post","link":"http:\/\/www.salgadonoticias.com\/?p=29683","title":{"rendered":"BASTA Carta PODER en AMPARO, siempre que lo Reclamado se RIJA por Ley de Proceso ADMITIVO &#8230;!!!"},"content":{"rendered":"<p>Views: 197<\/p>\n<p>.<\/p>\n\n\n\n<p>Este <strong>ANTEDECENTE:<\/strong><\/p>\n\n\n\n<p><strong>Surge <\/strong>luego de que una persona <mark style=\"background-color:#aaecd2\" class=\"has-inline-color\"><strong>promovi\u00f3<\/strong> AMPARO indirecto <\/mark>por <mark style=\"background-color:rgba(0, 0, 0, 0);color:#b95005\" class=\"has-inline-color\"><strong>conducto de su apoderado especial<\/strong> <\/mark><mark style=\"background-color:#ff6900\" class=\"has-inline-color\">contra la multa derivada de una foto infracci\u00f3n<\/mark> en Jalisco. <\/p>\n\n\n\n<p>El JUEZ previno al Apoderado Especial para que <em><u>acreditara con documento id\u00f3neo su personalidad<\/u><\/em>, al <em><u>considerar que la <mark style=\"background-color:#fcb900\" class=\"has-inline-color\">carta poder simple firmada por la quejosa ante dos testigos<\/mark><\/u><\/em>, <strong><mark style=\"background-color:#cf2e2e\" class=\"has-inline-color\">NO era suficiente<\/mark><\/strong> para <strong>comparecer con ese car\u00e1cter<\/strong>, con el apercibimiento que, de <strong>no cumplir, se tendr\u00eda por no presentada la demanda<\/strong>, lo que finalmente ocurri\u00f3.<\/p>\n\n\n\n<p>.<\/p>\n\n\n\n<p>La <strong>Suprema Corte de Justicia <\/strong>a trav\u00e9s de su Tribunal Colegiado <strong><mark style=\"background-color:rgba(0, 0, 0, 0);color:#9e0909\" class=\"has-inline-color\">DETERMIN\u00d3<\/mark><\/strong> la <mark style=\"background-color:#abedd3\" class=\"has-inline-color\"><strong>Carta Poder<\/strong> <strong>FIRMADA<\/strong><\/mark><strong> <\/strong>por la persona quejosa <mark style=\"background-color:#f27bdc\" class=\"has-inline-color\">ANTE <strong>DOS Testigos<\/strong> es <strong>suficiente<\/strong> para <strong>acreditar la personalidad de su representante<\/strong><\/mark>, <strong><mark style=\"background-color:#fcb900\" class=\"has-inline-color\">siempre que el acto reclamado se rija por la Ley del Procedimiento Administrativo<\/mark><\/strong>.<\/p>\n\n\n\n<p>.<\/p>\n\n\n\n<p>La justificaci\u00f3n de la <strong><mark style=\"background-color:rgba(0, 0, 0, 0);color:#1a0296\" class=\"has-inline-color\">SCJN <\/mark><\/strong>es que en la Ley de Amparo <mark style=\"background-color:#f1bf9b\" class=\"has-inline-color\"><strong>no limita<\/strong> la posibilidad de que el <strong>poder expedido al promovente se formalice ante fedatario p\u00fablico<\/strong> <strong>o se otorgue carta poder ante dos testigos<\/strong><\/mark>, esto porque en su<mark style=\"background-color:#ddf392\" class=\"has-inline-color\"> <strong>art. 10 establece<\/strong> que la <strong>personalidad se justificar\u00e1 en la misma forma que determine la ley que rige la materia<\/strong><\/mark> de la que emana el acto reclamado.<\/p>\n\n\n\n<p>Y as\u00ed, cuando se<mark style=\"background-color:rgba(0, 0, 0, 0);color:#bb0606\" class=\"has-inline-color\"> <strong>reclaman las boletas de infracci\u00f3n<\/strong><\/mark> que imponen multas y recargos a los infractores en dicha entidad federativa, <strong>son aplicables los art\u00edculos 52 y 53 de la Ley del Procedimiento Administrativo local<\/strong>, de los que <strong>deriva <\/strong>que las <strong>personas interesadas<\/strong> en el procedimiento<mark style=\"background-color:#e5f675\" class=\"has-inline-color\"> <strong>pueden actuar por medio de representantes<\/strong>, <strong>acreditando ese car\u00e1cter con poder notarial o carta poder firmada por el otorgante ante dos testigos<\/strong><\/mark>, <mark style=\"background-color:#eca0b3\" class=\"has-inline-color\"><strong>SIN<\/strong> <strong>necesidad de que las firmas sean<\/strong> <strong>ratificadas ante fedatario<\/strong><\/mark>. Y en ese contexto, la <strong>carta poder exhibida en el juicio de amparo es suficiente para acreditar la personalidad del representante<\/strong> de la persona quejosa; con ello <strong>se garantiza a los particulares la interpretaci\u00f3n m\u00e1s favorable<\/strong>, conforme al art\u00edculo 1o., p\u00e1rrafo segundo, de la Constituci\u00f3n, a efecto de salvaguardar su derecho de acceso a la justicia.<\/p>\n\n\n\n<p>.<\/p>\n\n\n\n<p>.<\/p>\n\n\n\n<p>Esta<mark style=\"background-color:#ffffff\" class=\"has-inline-color\"> <\/mark><mark style=\"background-color:#d0f6e8\" class=\"has-inline-color\"><strong>RESOLUCI\u00d3N<\/strong><\/mark> est\u00e1 <strong>disponible<\/strong> para quien la <strong><mark style=\"background-color:rgba(0, 0, 0, 0);color:#b30404\" class=\"has-inline-color\">Haga valer<\/mark><\/strong> a partir de esta semana.<\/p>\n\n\n\n<p><strong><mark style=\"background-color:rgba(0, 0, 0, 0);color:#028756\" class=\"has-inline-color\">Tesis LABORAL<\/mark><\/strong><\/p>\n\n\n\n<p>.<\/p>\n\n\n\n<p class=\"wp-embed-aspect-16-9 wp-has-aspect-ratio\">Si estas en el <strong><mark style=\"background-color:rgba(0, 0, 0, 0)\" class=\"has-inline-color has-vivid-red-color\">Extranjero <\/mark><\/strong>nosotros somos tu <strong><mark style=\"background-color:rgba(0, 0, 0, 0)\" class=\"has-inline-color has-vivid-green-cyan-color\">mejor<\/mark><\/strong> alternativa para <strong><mark style=\"background-color:rgba(0, 0, 0, 0)\" class=\"has-inline-color has-luminous-vivid-orange-color\">velar<\/mark><\/strong> por tus <strong><mark style=\"background-color:rgba(0, 0, 0, 0)\" class=\"has-inline-color has-vivid-cyan-blue-color\">intereses<\/mark><\/strong>, escr\u00edbenos o ll\u00e1manos al Tel <strong>55581-11311<\/strong>.<\/p>\n\n\n\n<p>.<\/p>\n\n\n\n<p>Cuando<strong> necesites<\/strong> ayuda, <strong>asistencia<\/strong> o <strong>planeaci\u00f3n<\/strong> legal, <strong>solicita<\/strong> <strong>Cita Privada<\/strong> <a rel=\"noreferrer noopener\" href=\"mailto:bi@sm99.mx\" target=\"_blank\"><strong>Aqu\u00ed<\/strong><\/a><\/p>\n\n\n\n<p>La informaci\u00f3n que AQU\u00cd te presentamos <strong>deriva<\/strong> de los <strong>Peri\u00f3dicos Oficiales <\/strong>de la<strong> CdMx<\/strong>, <strong>Estado<\/strong> de Mex., Diario <strong>Oficial<\/strong> de la Federaci\u00f3n, Suprema Corte de<strong> Justicia<\/strong> de la Naci\u00f3n, por lo tanto es de <strong>aplicaci\u00f3n OBLIGATORIA<\/strong><\/p>\n\n\n\n<p>La <strong>informaci\u00f3n<\/strong> de hoy procede del Diario Oficial<\/p>\n\n\n\n<p><strong><mark style=\"background-color:rgba(0, 0, 0, 0)\" class=\"has-inline-color has-luminous-vivid-orange-color\">AY\u00daDANOS<\/mark><\/strong> para que m\u00e1s personas conozcan esta informaci\u00f3n, <strong>Comp\u00e1rtelo<\/strong> en tus redes sociales.<\/p>\n","protected":false},"excerpt":{"rendered":"<p>Views: 197 . Este ANTEDECENTE: Surge luego de que una persona promovi\u00f3 AMPARO indirecto por conducto de su apoderado especial contra la multa derivada de una foto infracci\u00f3n en Jalisco. El JUEZ previno al Apoderado Especial para que acreditara con documento id\u00f3neo su personalidad, al considerar que la carta poder simple firmada por la quejosa [&hellip;]<\/p>\n","protected":false},"author":3,"featured_media":29695,"comment_status":"closed","ping_status":"open","sticky":false,"template":"","format":"standard","meta":{"_jetpack_memberships_contains_paid_content":false,"footnotes":""},"categories":[4],"tags":[],"jetpack_sharing_enabled":true,"jetpack_featured_media_url":"http:\/\/www.salgadonoticias.com\/wp-content\/uploads\/2024\/09\/carta-poder.jpg","_links":{"self":[{"href":"http:\/\/www.salgadonoticias.com\/index.php?rest_route=\/wp\/v2\/posts\/29683"}],"collection":[{"href":"http:\/\/www.salgadonoticias.com\/index.php?rest_route=\/wp\/v2\/posts"}],"about":[{"href":"http:\/\/www.salgadonoticias.com\/index.php?rest_route=\/wp\/v2\/types\/post"}],"author":[{"embeddable":true,"href":"http:\/\/www.salgadonoticias.com\/index.php?rest_route=\/wp\/v2\/users\/3"}],"replies":[{"embeddable":true,"href":"http:\/\/www.salgadonoticias.com\/index.php?rest_route=%2Fwp%2Fv2%2Fcomments&post=29683"}],"version-history":[{"count":7,"href":"http:\/\/www.salgadonoticias.com\/index.php?rest_route=\/wp\/v2\/posts\/29683\/revisions"}],"predecessor-version":[{"id":29701,"href":"http:\/\/www.salgadonoticias.com\/index.php?rest_route=\/wp\/v2\/posts\/29683\/revisions\/29701"}],"wp:featuredmedia":[{"embeddable":true,"href":"http:\/\/www.salgadonoticias.com\/index.php?rest_route=\/wp\/v2\/media\/29695"}],"wp:attachment":[{"href":"http:\/\/www.salgadonoticias.com\/index.php?rest_route=%2Fwp%2Fv2%2Fmedia&parent=29683"}],"wp:term":[{"taxonomy":"category","embeddable":true,"href":"http:\/\/www.salgadonoticias.com\/index.php?rest_route=%2Fwp%2Fv2%2Fcategories&post=29683"},{"taxonomy":"post_tag","embeddable":true,"href":"http:\/\/www.salgadonoticias.com\/index.php?rest_route=%2Fwp%2Fv2%2Ftags&post=29683"}],"curies":[{"name":"wp","href":"https:\/\/api.w.org\/{rel}","templated":true}]}}