{"id":29688,"date":"2024-09-19T01:59:00","date_gmt":"2024-09-19T06:59:00","guid":{"rendered":"https:\/\/www.salgadonoticias.com\/?p=29688"},"modified":"2024-09-19T17:59:24","modified_gmt":"2024-09-19T22:59:24","slug":"29688","status":"publish","type":"post","link":"http:\/\/www.salgadonoticias.com\/?p=29688","title":{"rendered":"Legal el Art\u00edculo 127 en el Reparto de Utilidades&#8230;!!!"},"content":{"rendered":"<p>Views: 0<\/p>\n<p>.<\/p>\n\n\n\n<p>Este <strong>ANTECEDENTE<\/strong>:<\/p>\n\n\n\n<p><strong>Surge<\/strong> luego de que un trabajador <strong>impugn\u00f3 en amparo <\/strong>indirecto el <strong>art\u00edculo<\/strong> referido, que <strong>establece<\/strong> que el<em><strong> <\/strong><\/em><mark style=\"background-color:#84eec4\" class=\"has-inline-color\"><em><strong>monto de la participaci\u00f3n de utilidades<\/strong><\/em> tendr\u00e1 como <strong>l\u00edmite m\u00e1ximo tres meses del salario<\/strong> del trabajador o el <strong>promedio de la participaci\u00f3n recibida en los \u00faltimos tres a\u00f1os<\/strong>,<\/mark> seg\u00fan le <strong><mark style=\"background-color:rgba(0, 0, 0, 0)\" class=\"has-inline-color has-vivid-red-color\">resulte m\u00e1s favorable<\/mark><\/strong>, con motivo de su acto de aplicaci\u00f3n. <strong>Consider\u00f3 <\/strong>que v<strong>iola el principio de irretroactividad<\/strong> de la ley y el derecho de participaci\u00f3n en las utilidades de la fuente de trabajo, establecidos en los art\u00edculos 14 y 123, apartado A, fracc. IX, de la Constituci\u00f3n. El Juzgado de Distrito <strong>neg\u00f3 el amparo<\/strong>, por lo que se interpuso recurso de revisi\u00f3n y el Tribunal Colegiado de Circuito remiti\u00f3 los autos a la Suprema Corte.<\/p>\n\n\n\n<p>.<\/p>\n\n\n\n<p>La&nbsp;<strong><mark style=\"background-color:rgba(0, 0, 0, 0);color:#07047d\" class=\"has-inline-color\">Suprema Corte de Justicia<\/mark> <\/strong>a trav\u00e9s de la segunda Sala<strong> <mark style=\"background-color:rgba(0, 0, 0, 0);color:#6f0202\" class=\"has-inline-color\">DETERMIN\u00d3<\/mark> <\/strong>que el <strong><mark style=\"background-color:#ee8b45\" class=\"has-inline-color\">Art. 127, fracc. VIII, de la LFT<\/mark> <\/strong>en que se <strong>establece<\/strong> como se <strong>deben<\/strong> <strong>repartir<\/strong> las <strong>utilidades<\/strong>, es <strong><mark style=\"background-color:#c7eb2f\" class=\"has-inline-color\">JUSTO y LEGAL y NO afecta los derechos de los trabajadores<\/mark><\/strong> en la participaci\u00f3n de utilidades.<\/p>\n\n\n\n<p>Por tanto, <strong><mark style=\"background-color:#f8b5c6\" class=\"has-inline-color\">NO viola DOS principios importantes<\/mark><\/strong>:<\/p>\n\n\n\n<ul>\n<li><strong><mark style=\"background-color:rgba(0, 0, 0, 0);color:#a50606\" class=\"has-inline-color\">Irretroactividad de la ley<\/mark><\/strong>: Esto significa que las leyes no pueden aplicarse a situaciones que ocurrieron antes de que la ley existiera. La Corte dijo que el Art\u00edculo 127 no rompe esta regla.<\/li>\n\n\n\n<li><mark style=\"background-color:rgba(0, 0, 0, 0);color:#023f62\" class=\"has-inline-color\"><strong>Derecho de participaci\u00f3n en las utilidades<\/strong>:<\/mark> Los trabajadores tienen derecho a recibir una parte de las ganancias de la empresa. La Corte confirm\u00f3 que el Art\u00edculo 127 respeta este derecho.<\/li>\n<\/ul>\n\n\n\n<p>.<\/p>\n\n\n\n<p>La justificaci\u00f3n de la <strong><mark style=\"background-color:rgba(0, 0, 0, 0);color:#0718e3\" class=\"has-inline-color\">SCJN<\/mark><\/strong> es que,<strong> <\/strong><mark style=\"background-color:#b4dbf3\" class=\"has-inline-color\"><strong><em>una norma viola el principio de irretroactividad<\/em><\/strong> de la ley <strong>cuando modifica derechos adquiridos o supuestos jur\u00eddicos<\/strong> y sus consecuencias<strong>, si surgieron dentro de la vigencia de la ley<\/strong>.<\/mark><\/p>\n\n\n\n<p>Sin embargo, <mark style=\"background-color:#f8bd93\" class=\"has-inline-color\"><strong>no se vulnera ese principio<\/strong> CUANDO se <strong>est\u00e1 frente a expectativas de derecho<\/strong>. Y en el <strong>sistema de reparto de utilidades no es est\u00e1tico<\/strong><\/mark>, sino que <mark style=\"background-color:#baf8df\" class=\"has-inline-color\"><strong>debe estar en constante revisi\u00f3n e investigaci\u00f3n<\/strong>, a fin de <strong>conocer<\/strong> las <strong>condiciones generales de la econom\u00eda nacional<\/strong><\/mark> que hagan permisible fijar el porcentaje y las condiciones de entrega de esa prestaci\u00f3n.<\/p>\n\n\n\n<p>Por tanto, si el <em><u>Congreso de la Uni\u00f3n est\u00e1 facultado para legislar en la materia,<\/u><\/em> <strong>puede emitir medidas para cumplir el mandato constitucional consistente en que las participaciones de los trabajadores en las utilidades<\/strong> de sus empleadores siempre <strong>deber\u00e1n fijarse considerando su impacto en la econom\u00eda nacional<\/strong>. As\u00ed, el <mark style=\"background-color:rgba(0, 0, 0, 0);color:#b50a0a\" class=\"has-inline-color\"><strong>art\u00edculo 127 referido NO VIOLA el diverso 123 constitucional<\/strong>, en cuanto al <strong>derecho de los trabajadores a participar en las utilidades<\/strong><\/mark> de la empresa en la que laboran, ya que<mark style=\"background-color:#a9ed1e\" class=\"has-inline-color\"> <strong>DEBE analizarse<\/strong> como parte del sistema normativo que <strong>signific\u00f3 el cambio del r\u00e9gimen de subcontrataci\u00f3n laboral, que gener\u00f3 la obligaci\u00f3n a las empresas de regularizar la situaci\u00f3n de los trabajadores que se encontraban en esa situaci\u00f3n.<\/strong><\/mark><\/p>\n\n\n\n<p>El <mark style=\"background-color:rgba(0, 0, 0, 0);color:#b20a44\" class=\"has-inline-color\"><strong>l\u00edmite de tres meses de salario no es absoluto<\/strong>,<\/mark><mark style=\"background-color:rgba(0, 0, 0, 0)\" class=\"has-inline-color has-black-color\"> ya que<\/mark><mark style=\"background-color:rgba(0, 0, 0, 0);color:#b20a44\" class=\"has-inline-color\"> <strong>admite tomar en cuenta<\/strong> <\/mark><mark style=\"background-color:rgba(0, 0, 0, 0)\" class=\"has-inline-color has-black-color\">el promedio de la cantidad entregada a la<\/mark><mark style=\"background-color:rgba(0, 0, 0, 0);color:#b20a44\" class=\"has-inline-color\"> <strong>categor\u00eda, plaza, cargo, nivel o puesto del trabajador durante los \u00faltimos tres a\u00f1os<\/strong>,<\/mark> favoreciendo la mejor opci\u00f3n para \u00e9ste.<mark style=\"background-color:rgba(0, 0, 0, 0);color:#42057b\" class=\"has-inline-color\"> <em><u>Es decir, siempre que el promedio de las \u00faltimas tres participaciones anuales recibidas sea mayor al tope de tres meses, se optar\u00e1 por entregar ese monto<\/u><\/em><\/mark>. Esto no afecta de manera retroactiva los derechos de los trabajadores, pues la Constituci\u00f3n Federal no prev\u00e9 un l\u00edmite m\u00ednimo para tales efectos, de modo que esa variable siempre pueda ser adaptada, esto es, la disposici\u00f3n reclamada no modific\u00f3 un derecho adquirido.<\/p>\n\n\n\n<p>.<\/p>\n\n\n\n<p>.<\/p>\n\n\n\n<p>Esta<mark style=\"background-color:#b1f6da\" class=\"has-inline-color\"> <strong>RESOLUCI\u00d3N<\/strong><\/mark><mark style=\"background-color:#ffffff\" class=\"has-inline-color\"> <\/mark>es de <strong>aplicaci\u00f3n <mark style=\"background-color:rgba(0, 0, 0, 0);color:#950101\" class=\"has-inline-color\">OBLIGATORIA<\/mark> <\/strong>a partir de esta semana.<\/p>\n\n\n\n<p><strong><mark style=\"background-color:rgba(0, 0, 0, 0);color:#033184\" class=\"has-inline-color\">Jurisprudencia LABORAL<\/mark><\/strong><\/p>\n\n\n\n<p>.<\/p>\n\n\n\n<p class=\"wp-embed-aspect-16-9 wp-has-aspect-ratio\">Si estas en el <strong><mark style=\"background-color:rgba(0, 0, 0, 0)\" class=\"has-inline-color has-vivid-red-color\">Extranjero <\/mark><\/strong>nosotros somos tu <strong><mark style=\"background-color:rgba(0, 0, 0, 0)\" class=\"has-inline-color has-vivid-green-cyan-color\">mejor<\/mark><\/strong> alternativa para <strong><mark style=\"background-color:rgba(0, 0, 0, 0)\" class=\"has-inline-color has-luminous-vivid-orange-color\">velar<\/mark><\/strong> por tus <strong><mark style=\"background-color:rgba(0, 0, 0, 0)\" class=\"has-inline-color has-vivid-cyan-blue-color\">intereses<\/mark><\/strong>, escr\u00edbenos o ll\u00e1manos al Tel <strong>55581-11311<\/strong>.<\/p>\n\n\n\n<p>.<\/p>\n\n\n\n<p>Cuando<strong> necesites<\/strong> ayuda, <strong>asistencia<\/strong> o <strong>planeaci\u00f3n<\/strong> legal, <strong>solicita<\/strong> <strong>Cita Privada<\/strong> <a rel=\"noreferrer noopener\" href=\"mailto:bi@sm99.mx\" target=\"_blank\"><strong>Aqu\u00ed<\/strong><\/a><\/p>\n\n\n\n<p>La informaci\u00f3n que AQU\u00cd te presentamos <strong>deriva<\/strong> de los <strong>Peri\u00f3dicos Oficiales <\/strong>de la<strong> CdMx<\/strong>, <strong>Estado<\/strong> de Mex., Diario <strong>Oficial<\/strong> de la Federaci\u00f3n, Suprema Corte de<strong> Justicia<\/strong> de la Naci\u00f3n, por lo tanto es de <strong>aplicaci\u00f3n OBLIGATORIA<\/strong><\/p>\n\n\n\n<p>La <strong>informaci\u00f3n<\/strong> de hoy procede del Diario Oficial<\/p>\n\n\n\n<p><strong><mark style=\"background-color:rgba(0, 0, 0, 0)\" class=\"has-inline-color has-luminous-vivid-orange-color\">AY\u00daDANOS<\/mark><\/strong> para que m\u00e1s personas conozcan esta informaci\u00f3n, <strong>Comp\u00e1rtelo<\/strong> en tus redes sociales.<\/p>\n","protected":false},"excerpt":{"rendered":"<p>Views: 0 . Este ANTECEDENTE: Surge luego de que un trabajador impugn\u00f3 en amparo indirecto el art\u00edculo referido, que establece que el monto de la participaci\u00f3n de utilidades tendr\u00e1 como l\u00edmite m\u00e1ximo tres meses del salario del trabajador o el promedio de la participaci\u00f3n recibida en los \u00faltimos tres a\u00f1os, seg\u00fan le resulte m\u00e1s favorable, [&hellip;]<\/p>\n","protected":false},"author":3,"featured_media":29708,"comment_status":"closed","ping_status":"open","sticky":false,"template":"","format":"standard","meta":{"_jetpack_memberships_contains_paid_content":false,"footnotes":""},"categories":[4],"tags":[],"jetpack_sharing_enabled":true,"jetpack_featured_media_url":"http:\/\/www.salgadonoticias.com\/wp-content\/uploads\/2024\/09\/UTIIDADES.webp","_links":{"self":[{"href":"http:\/\/www.salgadonoticias.com\/index.php?rest_route=\/wp\/v2\/posts\/29688"}],"collection":[{"href":"http:\/\/www.salgadonoticias.com\/index.php?rest_route=\/wp\/v2\/posts"}],"about":[{"href":"http:\/\/www.salgadonoticias.com\/index.php?rest_route=\/wp\/v2\/types\/post"}],"author":[{"embeddable":true,"href":"http:\/\/www.salgadonoticias.com\/index.php?rest_route=\/wp\/v2\/users\/3"}],"replies":[{"embeddable":true,"href":"http:\/\/www.salgadonoticias.com\/index.php?rest_route=%2Fwp%2Fv2%2Fcomments&post=29688"}],"version-history":[{"count":3,"href":"http:\/\/www.salgadonoticias.com\/index.php?rest_route=\/wp\/v2\/posts\/29688\/revisions"}],"predecessor-version":[{"id":29713,"href":"http:\/\/www.salgadonoticias.com\/index.php?rest_route=\/wp\/v2\/posts\/29688\/revisions\/29713"}],"wp:featuredmedia":[{"embeddable":true,"href":"http:\/\/www.salgadonoticias.com\/index.php?rest_route=\/wp\/v2\/media\/29708"}],"wp:attachment":[{"href":"http:\/\/www.salgadonoticias.com\/index.php?rest_route=%2Fwp%2Fv2%2Fmedia&parent=29688"}],"wp:term":[{"taxonomy":"category","embeddable":true,"href":"http:\/\/www.salgadonoticias.com\/index.php?rest_route=%2Fwp%2Fv2%2Fcategories&post=29688"},{"taxonomy":"post_tag","embeddable":true,"href":"http:\/\/www.salgadonoticias.com\/index.php?rest_route=%2Fwp%2Fv2%2Ftags&post=29688"}],"curies":[{"name":"wp","href":"https:\/\/api.w.org\/{rel}","templated":true}]}}