{"id":29731,"date":"2024-09-23T00:40:00","date_gmt":"2024-09-23T05:40:00","guid":{"rendered":"https:\/\/www.salgadonoticias.com\/?p=29731"},"modified":"2024-09-20T19:08:29","modified_gmt":"2024-09-21T00:08:29","slug":"29731","status":"publish","type":"post","link":"http:\/\/www.salgadonoticias.com\/?p=29731","title":{"rendered":"Da\u00f1o Moral SIN L\u00edmites&#8230;Garant\u00eda de Reparaci\u00f3n Integral para V\u00edctimas&#8230;!!!"},"content":{"rendered":"<p>Views: 3<\/p>\n<p>.<\/p>\n\n\n\n<p>Este <strong>ANTECEDENTE:<\/strong><\/p>\n\n\n\n<p><strong>Surge <\/strong>luego de que, en un caso de<mark style=\"background-color:rgba(0, 0, 0, 0);color:#500794\" class=\"has-inline-color\"> <strong>feminicidio<\/strong><\/mark>, una persona sentenciada fue <strong><mark style=\"background-color:rgba(0, 0, 0, 0)\" class=\"has-inline-color has-vivid-red-color\">condenada<\/mark><\/strong> en primera instancia al <mark style=\"background-color:#ecdcb0\" class=\"has-inline-color\">PAGO de la <strong>reparaci\u00f3n del da\u00f1o moral<\/strong><\/mark>, entre otras sanciones. Sin embargo, en <strong>apelaci\u00f3n<\/strong>, esta <strong>reparaci\u00f3n fue reducida<\/strong> conforme al <strong>tope m\u00e1ximo establecido<\/strong> en el art. 1995 del C\u00f3digo Civil del Estado de Puebla, vigente hasta el 29 de diciembre de 2017, aplicado supletoriamente en el proceso penal.<\/p>\n\n\n\n<p>Ante esto, los <strong>padres de la v\u00edctima<\/strong> PROMOVIERON un juicio de <strong>amparo<\/strong> directo, <strong>argumentando<\/strong> que dicho precepto <strong>limitaba injustificadamente su derecho a una reparaci\u00f3n integral del da\u00f1o<\/strong>. El Tribunal Colegiado de Circuito <strong>neg\u00f3 el amparo<\/strong> y no se pronunci\u00f3 sobre la inconstitucionalidad planteada. En <strong>desacuerdo<\/strong>, la parte quejosa <strong>interpuso un recurso de revisi\u00f3n<\/strong>, que fue turnado a la Primera Sala de la Suprema Corte.<\/p>\n\n\n\n<p>.<\/p>\n\n\n\n<p>La <strong><mark style=\"background-color:rgba(0, 0, 0, 0);color:#110375\" class=\"has-inline-color\">Suprema Corte de Justicia<\/mark> <\/strong>a lo anterior <strong><mark style=\"background-color:rgba(0, 0, 0, 0);color:#8a0303\" class=\"has-inline-color\">DETERMIN\u00d3<\/mark> <\/strong>que el art\u00edculo mencionado,<mark style=\"background-color:#a2e1c8\" class=\"has-inline-color\"> <strong>LIMITA <\/strong>injustificadamente el <strong>DERECHO <\/strong>de las <strong>V\u00edctimas <\/strong><\/mark>\u00a0a una <mark style=\"background-color:rgba(0, 0, 0, 0);color:#900707\" class=\"has-inline-color\"><strong>COMPENSACI\u00d3N<\/strong> <strong>Justa y Adecuada<\/strong><\/mark><strong>, <\/strong>lo que <strong>va <\/strong>en <strong>contra de los principios fundamentales de justicia y equidad<\/strong>.<\/p>\n\n\n\n<p>.<\/p>\n\n\n\n<p>La justificaci\u00f3n de la <strong><mark style=\"background-color:rgba(0, 0, 0, 0);color:#20068a\" class=\"has-inline-color\">SCJN<\/mark><\/strong> se a partir de la reforma al art\u00edculo 1o. de la Constituci\u00f3n, de junio de 2011, donde se <mark style=\"background-color:rgba(0, 0, 0, 0);color:#de2507\" class=\"has-inline-color\"><strong>RECONOCI\u00d3 <\/strong><\/mark><mark style=\"background-color:rgba(0, 0, 0, 0)\" class=\"has-inline-color has-black-color\">la reparaci\u00f3n de las violaciones a derechos humanos como un<\/mark><mark style=\"background-color:rgba(0, 0, 0, 0);color:#de2507\" class=\"has-inline-color\"> <strong>verdadero derecho de las v\u00edctimas<\/strong><\/mark><mark style=\"background-color:rgba(0, 0, 0, 0)\" class=\"has-inline-color has-black-color\"> que comprende medidas de<\/mark><mark style=\"background-color:rgba(0, 0, 0, 0);color:#de2507\" class=\"has-inline-color\"> <strong>restituci\u00f3n, satisfacci\u00f3n, no repetici\u00f3n e INDEMNIZACI\u00d3N<\/strong>; <\/mark><mark style=\"background-color:rgba(0, 0, 0, 0)\" class=\"has-inline-color has-black-color\">lo cual ha sido<\/mark><mark style=\"background-color:rgba(0, 0, 0, 0);color:#de2507\" class=\"has-inline-color\"> <strong>conceptualizado<\/strong><\/mark><mark style=\"background-color:rgba(0, 0, 0, 0)\" class=\"has-inline-color has-black-color\"> como el derecho a la<\/mark><mark style=\"background-color:rgba(0, 0, 0, 0);color:#de2507\" class=\"has-inline-color\"> <strong>reparaci\u00f3n integral del da\u00f1o<\/strong>.<\/mark><\/p>\n\n\n\n<p>Y en materia penal, la <mark style=\"background-color:#c2f26f\" class=\"has-inline-color\"><strong>reparaci\u00f3n del da\u00f1o<\/strong><\/mark><mark style=\"background-color:#ffffff\" class=\"has-inline-color\"> tiene como finalidad <\/mark><mark style=\"background-color:#c2f26f\" class=\"has-inline-color\"><strong>devolver a la v\u00edctima a la situaci\u00f3n anterior a la comisi\u00f3n del delito<\/strong>,<\/mark><mark style=\"background-color:#ffffff\" class=\"has-inline-color\"> por lo que para <\/mark><mark style=\"background-color:#c2f26f\" class=\"has-inline-color\"><strong>cumplir<\/strong><\/mark><mark style=\"background-color:#ffffff\" class=\"has-inline-color\"><strong> <\/strong>con su objeto DEBE <\/mark><mark style=\"background-color:#c2f26f\" class=\"has-inline-color\"><strong>reunir ciertas caracter\u00edsticas<\/strong><\/mark><mark style=\"background-color:#ffffff\" class=\"has-inline-color\"> como ser <\/mark><mark style=\"background-color:#c2f26f\" class=\"has-inline-color\"><strong>oportuna, plena, integral, efectiva, justa y PROPORCIONAL.<\/strong><\/mark><\/p>\n\n\n\n<p>As\u00ed que una <mark style=\"background-color:rgba(0, 0, 0, 0);color:#b60a74\" class=\"has-inline-color\"><strong>justa indemnizaci\u00f3n<\/strong> <\/mark><em><mark style=\"background-color:rgba(0, 0, 0, 0)\" class=\"has-inline-color has-black-color\">no s\u00f3lo est\u00e1 encaminada a restaurar un equilibrio patrimonial perdido, sino que <\/mark><\/em><mark style=\"background-color:rgba(0, 0, 0, 0);color:#b60a74\" class=\"has-inline-color\"><strong>debe ser suficiente<\/strong><\/mark><mark style=\"background-color:rgba(0, 0, 0, 0)\" class=\"has-inline-color has-black-color\"> para que la persona afectada pueda<\/mark><mark style=\"background-color:rgba(0, 0, 0, 0);color:#b60a74\" class=\"has-inline-color\"> <strong>atender sus necesidades y llevar una vida digna<\/strong>.<\/mark><\/p>\n\n\n\n<p>Por lo tanto, el<strong><mark style=\"background-color:rgba(0, 0, 0, 0)\" class=\"has-inline-color has-vivid-red-color\"> derecho a la reparaci\u00f3n integral del da\u00f1o<\/mark><\/strong> es<mark style=\"background-color:#bcd7f0\" class=\"has-inline-color\"> INCOMPATIBLE con la <strong>existencia de topes, tarifas o montos m\u00e1ximos y m\u00ednimos<\/strong><\/mark><mark style=\"background-color:#ffffff\" class=\"has-inline-color\"> que impidan que su <\/mark><mark style=\"background-color:#bcd7f0\" class=\"has-inline-color\"><strong>cuantificaci\u00f3n<\/strong><\/mark><mark style=\"background-color:#ffffff\" class=\"has-inline-color\"><strong> <\/strong>atienda a las caracter\u00edsticas espec\u00edficas de cada caso a fin de que <\/mark><mark style=\"background-color:#bcd7f0\" class=\"has-inline-color\"><strong>sea justa.<\/strong><\/mark><\/p>\n\n\n\n<p>.<\/p>\n\n\n\n<p>Esta<mark style=\"background-color:#ffffff\" class=\"has-inline-color\"> <\/mark><strong><mark style=\"background-color:#e7a9d4\" class=\"has-inline-color\">RESOLUCI\u00d3N<\/mark><\/strong><mark style=\"background-color:#ffffff\" class=\"has-inline-color\"> <\/mark>es de <strong>aplicaci\u00f3n <mark style=\"background-color:rgba(0, 0, 0, 0);color:#950101\" class=\"has-inline-color\">OBLIGATORIA<\/mark> <\/strong>a partir de esta semana.<\/p>\n\n\n\n<p><strong><mark style=\"background-color:rgba(0, 0, 0, 0);color:#9d0c7e\" class=\"has-inline-color\">Jurisprudencia CIVIL-CONSTITUCIONAL<\/mark><\/strong><\/p>\n\n\n\n<p>.<\/p>\n\n\n\n<p class=\"wp-embed-aspect-16-9 wp-has-aspect-ratio\">Si estas en el <strong><mark style=\"background-color:rgba(0, 0, 0, 0)\" class=\"has-inline-color has-vivid-red-color\">Extranjero <\/mark><\/strong>nosotros somos tu <strong><mark style=\"background-color:rgba(0, 0, 0, 0)\" class=\"has-inline-color has-vivid-green-cyan-color\">mejor<\/mark><\/strong> alternativa para <strong><mark style=\"background-color:rgba(0, 0, 0, 0)\" class=\"has-inline-color has-luminous-vivid-orange-color\">velar<\/mark><\/strong> por tus <strong><mark style=\"background-color:rgba(0, 0, 0, 0)\" class=\"has-inline-color has-vivid-cyan-blue-color\">intereses<\/mark><\/strong>, escr\u00edbenos o ll\u00e1manos al Tel <strong>55581-11311<\/strong>.<\/p>\n\n\n\n<p>.<\/p>\n\n\n\n<p>Cuando<strong> necesites<\/strong> ayuda, <strong>asistencia<\/strong> o <strong>planeaci\u00f3n<\/strong> legal, <strong>solicita<\/strong> <strong>Cita Privada<\/strong> <a rel=\"noreferrer noopener\" href=\"mailto:bi@sm99.mx\" target=\"_blank\"><strong>Aqu\u00ed<\/strong><\/a><\/p>\n\n\n\n<p>La informaci\u00f3n que AQU\u00cd te presentamos <strong>deriva<\/strong> de los <strong>Peri\u00f3dicos Oficiales <\/strong>de la<strong> CdMx<\/strong>, <strong>Estado<\/strong> de Mex., Diario <strong>Oficial<\/strong> de la Federaci\u00f3n, Suprema Corte de<strong> Justicia<\/strong> de la Naci\u00f3n, por lo tanto es de <strong>aplicaci\u00f3n OBLIGATORIA<\/strong><\/p>\n\n\n\n<p>La <strong>informaci\u00f3n<\/strong> de hoy procede de la Suprema Corte<\/p>\n\n\n\n<p><strong><mark style=\"background-color:rgba(0, 0, 0, 0)\" class=\"has-inline-color has-luminous-vivid-orange-color\">AY\u00daDANOS<\/mark><\/strong> para que m\u00e1s personas conozcan esta informaci\u00f3n, <strong>Comp\u00e1rtelo<\/strong> en tus redes sociales.<\/p>\n","protected":false},"excerpt":{"rendered":"<p>Views: 3 . Este ANTECEDENTE: Surge luego de que, en un caso de feminicidio, una persona sentenciada fue condenada en primera instancia al PAGO de la reparaci\u00f3n del da\u00f1o moral, entre otras sanciones. Sin embargo, en apelaci\u00f3n, esta reparaci\u00f3n fue reducida conforme al tope m\u00e1ximo establecido en el art. 1995 del C\u00f3digo Civil del Estado [&hellip;]<\/p>\n","protected":false},"author":3,"featured_media":29740,"comment_status":"closed","ping_status":"open","sticky":false,"template":"","format":"standard","meta":{"_jetpack_memberships_contains_paid_content":false,"footnotes":""},"categories":[4],"tags":[],"jetpack_sharing_enabled":true,"jetpack_featured_media_url":"http:\/\/www.salgadonoticias.com\/wp-content\/uploads\/2024\/09\/reparacion.jpg","_links":{"self":[{"href":"http:\/\/www.salgadonoticias.com\/index.php?rest_route=\/wp\/v2\/posts\/29731"}],"collection":[{"href":"http:\/\/www.salgadonoticias.com\/index.php?rest_route=\/wp\/v2\/posts"}],"about":[{"href":"http:\/\/www.salgadonoticias.com\/index.php?rest_route=\/wp\/v2\/types\/post"}],"author":[{"embeddable":true,"href":"http:\/\/www.salgadonoticias.com\/index.php?rest_route=\/wp\/v2\/users\/3"}],"replies":[{"embeddable":true,"href":"http:\/\/www.salgadonoticias.com\/index.php?rest_route=%2Fwp%2Fv2%2Fcomments&post=29731"}],"version-history":[{"count":2,"href":"http:\/\/www.salgadonoticias.com\/index.php?rest_route=\/wp\/v2\/posts\/29731\/revisions"}],"predecessor-version":[{"id":29738,"href":"http:\/\/www.salgadonoticias.com\/index.php?rest_route=\/wp\/v2\/posts\/29731\/revisions\/29738"}],"wp:featuredmedia":[{"embeddable":true,"href":"http:\/\/www.salgadonoticias.com\/index.php?rest_route=\/wp\/v2\/media\/29740"}],"wp:attachment":[{"href":"http:\/\/www.salgadonoticias.com\/index.php?rest_route=%2Fwp%2Fv2%2Fmedia&parent=29731"}],"wp:term":[{"taxonomy":"category","embeddable":true,"href":"http:\/\/www.salgadonoticias.com\/index.php?rest_route=%2Fwp%2Fv2%2Fcategories&post=29731"},{"taxonomy":"post_tag","embeddable":true,"href":"http:\/\/www.salgadonoticias.com\/index.php?rest_route=%2Fwp%2Fv2%2Ftags&post=29731"}],"curies":[{"name":"wp","href":"https:\/\/api.w.org\/{rel}","templated":true}]}}