{"id":29832,"date":"2024-10-01T01:00:00","date_gmt":"2024-10-01T06:00:00","guid":{"rendered":"https:\/\/www.salgadonoticias.com\/?p=29832"},"modified":"2024-10-02T17:51:48","modified_gmt":"2024-10-02T22:51:48","slug":"29832","status":"publish","type":"post","link":"http:\/\/www.salgadonoticias.com\/?p=29832","title":{"rendered":"IMSS..No cubre Costos, si derechohabiente se atiende en cl\u00ednicas u hospitales diferente al asignado\u2026!!!"},"content":{"rendered":"<p>Views: 8<\/p>\n<p>.<\/p>\n\n\n\n<figure class=\"wp-block-embed is-type-video is-provider-youtube wp-block-embed-youtube wp-embed-aspect-16-9 wp-has-aspect-ratio\"><div class=\"wp-block-embed__wrapper\">\n<iframe loading=\"lazy\" title=\"8 a\u00f1os de C\u00e1rcel quien ENCUBRA en Feminicidio o TRANSfeminicidio e IMSS no cubre Costos..\" width=\"640\" height=\"360\" src=\"https:\/\/www.youtube.com\/embed\/LTx9ECT3QJw?feature=oembed\" frameborder=\"0\" allow=\"accelerometer; autoplay; clipboard-write; encrypted-media; gyroscope; picture-in-picture; web-share\" referrerpolicy=\"strict-origin-when-cross-origin\" allowfullscreen><\/iframe>\n<\/div><\/figure>\n\n\n\n<p>.<\/p>\n\n\n\n<p>Este <strong>ANTECEDENTE:<\/strong><\/p>\n\n\n\n<p><strong>Surge, <\/strong>luego de que un derechohabiente promovi\u00f3 juicio administrativo contra la resoluci\u00f3n del IMSS donde se le <strong>neg\u00f3 el reembolso<\/strong> de los gastos m\u00e9dicos que <strong>pago<\/strong> en <strong>virtud<\/strong> de que <strong>opt\u00f3 por hospitalizarse en una cl\u00ednica privada<\/strong>; resoluci\u00f3n cuya validez fue reconocida por el Tribunal Federal de Justicia Administrativa.<\/p>\n\n\n\n<p>.<\/p>\n\n\n\n<p>La <strong><mark style=\"background-color:rgba(0, 0, 0, 0);color:#20089d\" class=\"has-inline-color\">Suprema Corte de Justicia <\/mark><\/strong>a trav\u00e9s de la Segunda Sala, <strong><mark style=\"background-color:rgba(0, 0, 0, 0);color:#9f0505\" class=\"has-inline-color\">DETERMIN\u00d3<\/mark> <\/strong>que el art\u00edculo 87 del Reglamento de Prestaciones M\u00e9dicas del IMSS es <mark style=\"background-color:#fcb900\" class=\"has-inline-color\"><strong>V\u00c1LIDO<\/strong>, ya que <strong>lo releva<\/strong> de las <strong>obligacione<\/strong>s de <strong>REEMBOLSO<\/strong> <\/mark>cuando un <strong>d<\/strong><mark style=\"background-color:rgba(0, 0, 0, 0);color:#4b078b\" class=\"has-inline-color\"><strong>erechohabiente<\/strong>, por <strong>propia decisi\u00f3n y bajo su responsabilidad<\/strong>, decide internarse en una unidad hospitalaria que <strong>no pertenezca al instituto<\/strong><\/mark>, <mark style=\"background-color:rgba(0, 0, 0, 0);color:#b01010\" class=\"has-inline-color\">en suma, el art\u00edculo en menci\u00f3n <strong>es legal y no contradice la Constituci\u00f3n<\/strong>.<\/mark><\/p>\n\n\n\n<p>.<\/p>\n\n\n\n<p>La justificaci\u00f3n de la <strong><mark style=\"background-color:rgba(0, 0, 0, 0);color:#280777\" class=\"has-inline-color\">SCJN <\/mark><\/strong>es que los art\u00edculos 7 y 8 de la Ley del Seguro Social contienen una cl\u00e1usula habilitante donde se <mark style=\"background-color:rgba(0, 0, 0, 0)\" class=\"has-inline-color has-luminous-vivid-orange-color\"><strong>indica<\/strong> que las <strong>condiciones de las prestaciones m\u00e9dicas se prever\u00e1n en los reglamentos<\/strong>,<\/mark> pero en los art\u00edculos 86 y 303 <mark style=\"background-color:rgba(0, 0, 0, 0);color:#7e034a\" class=\"has-inline-color\"><strong>disponen<\/strong> que para tener derecho a esas <strong>prestaciones<\/strong> entre las que se encuentra la <strong>hospitalizaci\u00f3n<\/strong>, el <strong>asegurado debe sujetarse <\/strong>a las prescripciones y los tratamientos que le sean <strong>indicados por el Instituto<\/strong><\/mark>, cuyos servidores p\u00fablicos deber\u00e1n observar un buen trato y calidad en la atenci\u00f3n a los derechohabientes, y que pueden ser sujetos de responsabilidad cuando incurran en deficiencias. As\u00ed que el referido <mark style=\"background-color:#fbcad6\" class=\"has-inline-color\">art\u00edculo 87, donde <strong>establece<\/strong> que el <strong>IMSS<\/strong> ser\u00e1 <strong>relevado de obligaciones<\/strong> <strong>cuando el derechohabiente se interne en una unidad ajena por propia decisi\u00f3n<\/strong>, no excede la legislaci\u00f3n secundaria, <strong>ya que es \u00e9sta la que prev\u00e9 la internaci\u00f3n cl\u00ednica como prestaci\u00f3n m\u00e9dica<\/strong><\/mark> y la responsabilidad del Instituto cuando no se preste un trato de calidad, mientras la disposici\u00f3n reglamentaria s\u00f3lo la complementa.<\/p>\n\n\n\n<p>.<\/p>\n\n\n\n<p>Esta <strong><mark style=\"background-color:#7de1bd\" class=\"has-inline-color\">resoluci\u00f3n<\/mark> <\/strong>es de <strong>aplicaci\u00f3n <mark style=\"background-color:rgba(0, 0, 0, 0);color:#a30707\" class=\"has-inline-color\">OBLIGATORIA<\/mark> <\/strong>a partir de esta semana en todo el pa\u00eds<\/p>\n\n\n\n<p><strong><mark style=\"background-color:rgba(0, 0, 0, 0);color:#04a369\" class=\"has-inline-color\">Jurisprudencia CONSTITUCIONAL<\/mark><\/strong><\/p>\n\n\n\n<p>.<\/p>\n\n\n\n<p class=\"wp-embed-aspect-16-9 wp-has-aspect-ratio\">Si estas en el <strong><mark style=\"background-color:rgba(0, 0, 0, 0)\" class=\"has-inline-color has-vivid-red-color\">Extranjero <\/mark><\/strong>nosotros somos tu <strong><mark style=\"background-color:rgba(0, 0, 0, 0)\" class=\"has-inline-color has-vivid-green-cyan-color\">mejor<\/mark><\/strong> alternativa para <strong><mark style=\"background-color:rgba(0, 0, 0, 0)\" class=\"has-inline-color has-luminous-vivid-orange-color\">velar<\/mark><\/strong> por tus <strong><mark style=\"background-color:rgba(0, 0, 0, 0)\" class=\"has-inline-color has-vivid-cyan-blue-color\">intereses<\/mark><\/strong>, escr\u00edbenos o ll\u00e1manos al Tel <strong>55581-11311<\/strong>.<\/p>\n\n\n\n<p>.<\/p>\n\n\n\n<p>Cuando<strong> necesites<\/strong> ayuda, <strong>asistencia<\/strong> o <strong>planeaci\u00f3n<\/strong> legal, <strong>solicita<\/strong> <strong>Cita Privada<\/strong> <a rel=\"noreferrer noopener\" href=\"mailto:bi@sm99.mx\" target=\"_blank\"><strong>Aqu\u00ed<\/strong><\/a><\/p>\n\n\n\n<p>La informaci\u00f3n que AQU\u00cd te presentamos <strong>deriva<\/strong> de los <strong>Peri\u00f3dicos Oficiales <\/strong>de la<strong> CdMx<\/strong>, <strong>Estado<\/strong> de Mex., Diario <strong>Oficial<\/strong> de la Federaci\u00f3n, Suprema Corte de<strong> Justicia<\/strong> de la Naci\u00f3n, por lo tanto es de <strong>aplicaci\u00f3n OBLIGATORIA<\/strong><\/p>\n\n\n\n<p>La <strong>informaci\u00f3n<\/strong> de hoy procede la Suprema Corte de Justicia<\/p>\n\n\n\n<p><strong><mark style=\"background-color:rgba(0, 0, 0, 0)\" class=\"has-inline-color has-luminous-vivid-orange-color\">AY\u00daDANOS<\/mark><\/strong> para que m\u00e1s personas conozcan esta informaci\u00f3n, <strong>Comp\u00e1rtelo<\/strong> en tus redes sociales.<\/p>\n","protected":false},"excerpt":{"rendered":"<p>Views: 8 . . Este ANTECEDENTE: Surge, luego de que un derechohabiente promovi\u00f3 juicio administrativo contra la resoluci\u00f3n del IMSS donde se le neg\u00f3 el reembolso de los gastos m\u00e9dicos que pago en virtud de que opt\u00f3 por hospitalizarse en una cl\u00ednica privada; resoluci\u00f3n cuya validez fue reconocida por el Tribunal Federal de Justicia Administrativa. [&hellip;]<\/p>\n","protected":false},"author":3,"featured_media":29836,"comment_status":"closed","ping_status":"open","sticky":false,"template":"","format":"standard","meta":{"_jetpack_memberships_contains_paid_content":false,"footnotes":""},"categories":[4],"tags":[],"jetpack_sharing_enabled":true,"jetpack_featured_media_url":"http:\/\/www.salgadonoticias.com\/wp-content\/uploads\/2024\/10\/gastos.jpg","_links":{"self":[{"href":"http:\/\/www.salgadonoticias.com\/index.php?rest_route=\/wp\/v2\/posts\/29832"}],"collection":[{"href":"http:\/\/www.salgadonoticias.com\/index.php?rest_route=\/wp\/v2\/posts"}],"about":[{"href":"http:\/\/www.salgadonoticias.com\/index.php?rest_route=\/wp\/v2\/types\/post"}],"author":[{"embeddable":true,"href":"http:\/\/www.salgadonoticias.com\/index.php?rest_route=\/wp\/v2\/users\/3"}],"replies":[{"embeddable":true,"href":"http:\/\/www.salgadonoticias.com\/index.php?rest_route=%2Fwp%2Fv2%2Fcomments&post=29832"}],"version-history":[{"count":3,"href":"http:\/\/www.salgadonoticias.com\/index.php?rest_route=\/wp\/v2\/posts\/29832\/revisions"}],"predecessor-version":[{"id":29844,"href":"http:\/\/www.salgadonoticias.com\/index.php?rest_route=\/wp\/v2\/posts\/29832\/revisions\/29844"}],"wp:featuredmedia":[{"embeddable":true,"href":"http:\/\/www.salgadonoticias.com\/index.php?rest_route=\/wp\/v2\/media\/29836"}],"wp:attachment":[{"href":"http:\/\/www.salgadonoticias.com\/index.php?rest_route=%2Fwp%2Fv2%2Fmedia&parent=29832"}],"wp:term":[{"taxonomy":"category","embeddable":true,"href":"http:\/\/www.salgadonoticias.com\/index.php?rest_route=%2Fwp%2Fv2%2Fcategories&post=29832"},{"taxonomy":"post_tag","embeddable":true,"href":"http:\/\/www.salgadonoticias.com\/index.php?rest_route=%2Fwp%2Fv2%2Ftags&post=29832"}],"curies":[{"name":"wp","href":"https:\/\/api.w.org\/{rel}","templated":true}]}}