{"id":29845,"date":"2024-10-04T00:58:00","date_gmt":"2024-10-04T05:58:00","guid":{"rendered":"https:\/\/www.salgadonoticias.com\/?p=29845"},"modified":"2024-10-04T15:01:07","modified_gmt":"2024-10-04T20:01:07","slug":"29845","status":"publish","type":"post","link":"http:\/\/www.salgadonoticias.com\/?p=29845","title":{"rendered":"Prevenci\u00f3n y Combate del FRAUDE FISCAL es una FINALIDAD Constitucional\u2026!!!"},"content":{"rendered":"<p>Views: 3<\/p>\n<p>.<\/p>\n\n\n\n<p>Este <strong><mark style=\"background-color:#fcb900\" class=\"has-inline-color has-black-color\">ANTECEDENTE<\/mark>:<\/strong><\/p>\n\n\n\n<p><strong>Surge <\/strong>luego de la entrada en vigor del decreto publicado en el Diario Oficial el 12 de noviembre de 2021, en el que se <strong><mark style=\"background-color:rgba(0, 0, 0, 0);color:#900505\" class=\"has-inline-color\">reforman<\/mark> <\/strong>entre otros el <strong><em><mark style=\"background-color:rgba(0, 0, 0, 0);color:#045788\" class=\"has-inline-color\">art. 27, fracc. X, de la Ley del Impuesto sobre la Renta<\/mark><\/em><\/strong>, donde se establece los <strong>requisitos para que sea procedente la deducci\u00f3n por asistencia t\u00e9cnica, transferencia de tecnolog\u00eda o regal\u00edas<\/strong>, por lo que, una <mark style=\"background-color:rgba(0, 0, 0, 0);color:#c25202\" class=\"has-inline-color\">EMPRESA <strong>promovi\u00f3 amparo en su contra<\/strong><\/mark>. <\/p>\n\n\n\n<p>Ante esto el <strong>Juzgado de Distrito <mark style=\"background-color:#ff6900\" class=\"has-inline-color\">sobresey\u00f3<\/mark><\/strong> en el juicio al estimar que la disposici\u00f3n <strong>no era autoaplicativa<\/strong>. Pero el Tribunal Colegiado de Circuito <strong>levant\u00f3 el sobreseimiento<\/strong> al estimar que la <strong>norma s\u00ed ten\u00eda esa naturaleza y reserv\u00f3 jurisdicci\u00f3n<\/strong> a la Suprema Corte de Justicia de la Naci\u00f3n.<\/p>\n\n\n\n<p>.<\/p>\n\n\n\n<p><a><mark style=\"background-color:rgba(0, 0, 0, 0)\" class=\"has-inline-color has-black-color\">La <\/mark><strong><mark style=\"background-color:rgba(0, 0, 0, 0);color:#0a0795\" class=\"has-inline-color\">Suprema Corte de Justicia<\/mark><\/strong><mark style=\"background-color:rgba(0, 0, 0, 0)\" class=\"has-inline-color has-black-color\"> a trav\u00e9s de la Segunda Salara <\/mark><strong><mark style=\"background-color:rgba(0, 0, 0, 0);color:#870505\" class=\"has-inline-color\">DETERMINO<\/mark><\/strong><mark style=\"background-color:rgba(0, 0, 0, 0)\" class=\"has-inline-color has-black-color\">, que el <\/mark><mark style=\"background-color:#d5eafd\" class=\"has-inline-color has-black-color\"><strong>OBJETIVO <\/strong>de <strong>PREVENIR<\/strong> el <strong>fraude<\/strong>, la <strong>evasi\u00f3n<\/strong>, la <strong>elusi\u00f3n<\/strong> y otras <strong>conductas il\u00edcitas<\/strong><\/mark><mark style=\"background-color:rgba(0, 0, 0, 0)\" class=\"has-inline-color has-black-color\"> en materia fiscal, <\/mark><mark style=\"background-color:#f1cbb0\" class=\"has-inline-color has-black-color\"><strong>contempladas<\/strong> en el <em><u>Art. 27, Fracc. X<\/u><\/em>, de la <strong>Ley del ISR <\/strong>es totalmente <strong>V\u00c1LIDO<\/strong> esto seg\u00fan la Constituci\u00f3n.<\/mark><\/a><\/p>\n\n\n\n<p>.<\/p>\n\n\n\n<p>La justificaci\u00f3n de la <strong><mark style=\"background-color:rgba(0, 0, 0, 0);color:#1b07e3\" class=\"has-inline-color\">SCJN<\/mark><\/strong> es que debido a que es un hecho notorio, las autoridades legislativas y ejecutivas de M\u00e9xico <strong>tienen la <\/strong><mark style=\"background-color:rgba(0, 0, 0, 0);color:#b20808\" class=\"has-inline-color\"><strong>OBLIGACI\u00d3N<\/strong> de <strong>COMBATIR<\/strong><\/mark><strong> <\/strong>la elusi\u00f3n, la evasi\u00f3n y el <strong><mark style=\"background-color:rgba(0, 0, 0, 0);color:#9e0303\" class=\"has-inline-color\">fraude fiscal<\/mark><\/strong>. <\/p>\n\n\n\n<p>Y esto se <strong>DEBE <\/strong>a que los <mark style=\"background-color:rgba(0, 0, 0, 0);color:#017c4f\" class=\"has-inline-color\"><strong>contribuyentes que intentan evitar pagar impuestos est\u00e1n incumpliendo con su deber de contribuir al gasto p\u00fablico<\/strong>.<\/mark> <\/p>\n\n\n\n<p>Por tanto, <mark style=\"background-color:rgba(0, 0, 0, 0);color:#490688\" class=\"has-inline-color\"><strong>si algunos no pagan, otros tendr\u00e1n que cubrir esa falta<\/strong>, lo cual va en <strong>CONTRA<\/strong> del principio de solidaridad social, econ\u00f3mica y pol\u00edtica que <strong>justifica la obligaci\u00f3n de pagar impuestos<\/strong><\/mark><\/p>\n\n\n\n<p>.<\/p>\n\n\n\n<p>..<\/p>\n\n\n\n<p>Esta <strong><mark style=\"background-color:#f7b2c3\" class=\"has-inline-color\">resoluci\u00f3n<\/mark> <\/strong>es de <strong>aplicaci\u00f3n <mark style=\"background-color:rgba(0, 0, 0, 0);color:#a30707\" class=\"has-inline-color\">OBLIGATORIA<\/mark> <\/strong>a partir de esta semana en todo el pa\u00eds<\/p>\n\n\n\n<p><strong><mark style=\"background-color:rgba(0, 0, 0, 0);color:#c4077b\" class=\"has-inline-color\">Jurisprudencia Administrativa<\/mark><\/strong><\/p>\n\n\n\n<p>.<\/p>\n\n\n\n<p class=\"wp-embed-aspect-16-9 wp-has-aspect-ratio\">Si estas en el <strong><mark style=\"background-color:rgba(0, 0, 0, 0)\" class=\"has-inline-color has-vivid-red-color\">Extranjero <\/mark><\/strong>nosotros somos tu <strong><mark style=\"background-color:rgba(0, 0, 0, 0)\" class=\"has-inline-color has-vivid-green-cyan-color\">mejor<\/mark><\/strong> alternativa para <strong><mark style=\"background-color:rgba(0, 0, 0, 0)\" class=\"has-inline-color has-luminous-vivid-orange-color\">velar<\/mark><\/strong> por tus <strong><mark style=\"background-color:rgba(0, 0, 0, 0)\" class=\"has-inline-color has-vivid-cyan-blue-color\">intereses<\/mark><\/strong>, escr\u00edbenos o ll\u00e1manos al Tel <strong>55581-11311<\/strong>.<\/p>\n\n\n\n<p>.<\/p>\n\n\n\n<p>Cuando<strong> necesites<\/strong> ayuda, <strong>asistencia<\/strong> o <strong>planeaci\u00f3n<\/strong> legal, <strong>solicita<\/strong> <strong>Cita Privada<\/strong> <a rel=\"noreferrer noopener\" href=\"mailto:bi@sm99.mx\" target=\"_blank\"><strong>Aqu\u00ed<\/strong><\/a><\/p>\n\n\n\n<p>La informaci\u00f3n que AQU\u00cd te presentamos <strong>deriva<\/strong> de los <strong>Peri\u00f3dicos Oficiales <\/strong>de la<strong> CdMx<\/strong>, <strong>Estado<\/strong> de Mex., Diario <strong>Oficial<\/strong> de la Federaci\u00f3n, Suprema Corte de<strong> Justicia<\/strong> de la Naci\u00f3n, por lo tanto es de <strong>aplicaci\u00f3n OBLIGATORIA<\/strong><\/p>\n\n\n\n<p>La <strong>informaci\u00f3n<\/strong> de hoy procede la Suprema Corte de Justicia<\/p>\n\n\n\n<p><strong><mark style=\"background-color:rgba(0, 0, 0, 0)\" class=\"has-inline-color has-luminous-vivid-orange-color\">AY\u00daDANOS<\/mark><\/strong> para que m\u00e1s personas conozcan esta informaci\u00f3n, <strong>Comp\u00e1rtelo<\/strong> en tus redes sociales.<\/p>\n","protected":false},"excerpt":{"rendered":"<p>Views: 3 . Este ANTECEDENTE: Surge luego de la entrada en vigor del decreto publicado en el Diario Oficial el 12 de noviembre de 2021, en el que se reforman entre otros el art. 27, fracc. X, de la Ley del Impuesto sobre la Renta, donde se establece los requisitos para que sea procedente la [&hellip;]<\/p>\n","protected":false},"author":3,"featured_media":29861,"comment_status":"closed","ping_status":"open","sticky":false,"template":"","format":"standard","meta":{"_jetpack_memberships_contains_paid_content":false,"footnotes":""},"categories":[4],"tags":[],"jetpack_sharing_enabled":true,"jetpack_featured_media_url":"http:\/\/www.salgadonoticias.com\/wp-content\/uploads\/2024\/10\/fraude.jpg","_links":{"self":[{"href":"http:\/\/www.salgadonoticias.com\/index.php?rest_route=\/wp\/v2\/posts\/29845"}],"collection":[{"href":"http:\/\/www.salgadonoticias.com\/index.php?rest_route=\/wp\/v2\/posts"}],"about":[{"href":"http:\/\/www.salgadonoticias.com\/index.php?rest_route=\/wp\/v2\/types\/post"}],"author":[{"embeddable":true,"href":"http:\/\/www.salgadonoticias.com\/index.php?rest_route=\/wp\/v2\/users\/3"}],"replies":[{"embeddable":true,"href":"http:\/\/www.salgadonoticias.com\/index.php?rest_route=%2Fwp%2Fv2%2Fcomments&post=29845"}],"version-history":[{"count":6,"href":"http:\/\/www.salgadonoticias.com\/index.php?rest_route=\/wp\/v2\/posts\/29845\/revisions"}],"predecessor-version":[{"id":29884,"href":"http:\/\/www.salgadonoticias.com\/index.php?rest_route=\/wp\/v2\/posts\/29845\/revisions\/29884"}],"wp:featuredmedia":[{"embeddable":true,"href":"http:\/\/www.salgadonoticias.com\/index.php?rest_route=\/wp\/v2\/media\/29861"}],"wp:attachment":[{"href":"http:\/\/www.salgadonoticias.com\/index.php?rest_route=%2Fwp%2Fv2%2Fmedia&parent=29845"}],"wp:term":[{"taxonomy":"category","embeddable":true,"href":"http:\/\/www.salgadonoticias.com\/index.php?rest_route=%2Fwp%2Fv2%2Fcategories&post=29845"},{"taxonomy":"post_tag","embeddable":true,"href":"http:\/\/www.salgadonoticias.com\/index.php?rest_route=%2Fwp%2Fv2%2Ftags&post=29845"}],"curies":[{"name":"wp","href":"https:\/\/api.w.org\/{rel}","templated":true}]}}