{"id":29846,"date":"2024-10-03T10:20:00","date_gmt":"2024-10-03T15:20:00","guid":{"rendered":"https:\/\/www.salgadonoticias.com\/?p=29846"},"modified":"2024-10-04T14:58:29","modified_gmt":"2024-10-04T19:58:29","slug":"reforma-que-reconoce-derechos-indigenas-y-afromexicanos","status":"publish","type":"post","link":"http:\/\/www.salgadonoticias.com\/?p=29846","title":{"rendered":"Se Reconocen Derechos IND\u00cdGENAS y Afromexicanos&#8230;!!!"},"content":{"rendered":"<p>Views: 20<\/p>\n<p>.<\/p>\n\n\n\n<figure class=\"wp-block-embed is-type-video is-provider-youtube wp-block-embed-youtube wp-embed-aspect-16-9 wp-has-aspect-ratio\"><div class=\"wp-block-embed__wrapper\">\n<iframe loading=\"lazy\" title=\"Reforma que Reconoce Derechos Ind\u00edgenas y Afroamericanos...!!!\" width=\"640\" height=\"360\" src=\"https:\/\/www.youtube.com\/embed\/smdCRqHR5Yo?feature=oembed\" frameborder=\"0\" allow=\"accelerometer; autoplay; clipboard-write; encrypted-media; gyroscope; picture-in-picture; web-share\" referrerpolicy=\"strict-origin-when-cross-origin\" allowfullscreen><\/iframe>\n<\/div><\/figure>\n\n\n\n<p>.<\/p>\n\n\n\n<p>Con la <strong>reforma<\/strong> al <em>art\u00edculo 2 de la Constituci\u00f3n<\/em> se <strong><mark style=\"background-color:rgba(0, 0, 0, 0);color:#a80a0a\" class=\"has-inline-color\">RECONOCE<\/mark><\/strong> a <strong><mark style=\"background-color:#a5f32f\" class=\"has-inline-color\">P<em>ueblos y Comunidades Ind\u00edgenas y Afromexicanos<\/em><\/mark><\/strong> como sujetos de <mark style=\"background-color:rgba(0, 0, 0, 0);color:#980303\" class=\"has-inline-color\"><strong>Derecho P\u00fablico<\/strong>, con <strong>personalidad jur\u00eddica<\/strong> y <strong>patrimonio Propio<\/strong>, con <strong>Respeto<\/strong> <strong>ILIMITADO <\/strong>a sus <strong>Derechos Humanos.<\/strong><\/mark><\/p>\n\n\n\n<p><strong><mark style=\"background-color:#eeb6c4\" class=\"has-inline-color\">Tambi\u00e9n se destaca que:<\/mark><\/strong><\/p>\n\n\n\n<ul>\n<li><mark style=\"background-color:rgba(0, 0, 0, 0);color:#510597\" class=\"has-inline-color\">Pueden <strong>proteger y desarrollar su patrimonio cultural, material e inmaterial, <\/strong>que comprende todos los elementos <strong>que constituyen su cultura e identidad.<\/strong><\/mark><\/li>\n\n\n\n<li><mark style=\"background-color:rgba(0, 0, 0, 0);color:#9c0505\" class=\"has-inline-color\">Se<strong> reconoce la propiedad intelectual colectiva. <\/strong><\/mark><\/li>\n\n\n\n<li><mark style=\"background-color:rgba(0, 0, 0, 0);color:#0a8a07\" class=\"has-inline-color\">Podr\u00e1n <strong>Promover el uso, desarrollo, preservaci\u00f3n, estudio y difusi\u00f3n de las lenguas ind\u00edgenas<\/strong>.<\/mark><\/li>\n\n\n\n<li><mark style=\"background-color:rgba(0, 0, 0, 0);color:#a2035f\" class=\"has-inline-color\"><strong>Podr\u00e1n participa<\/strong>r, en t\u00e9rminos del art\u00edculo 3 constitucional, en la <strong>construcci\u00f3n<\/strong> de los <strong>modelos educativos para reconocer la composici\u00f3n pluricultural <\/strong>con base en sus <strong>culturas, lenguas y m\u00e9todos de ense\u00f1anza y aprendizaje.<\/strong><\/mark><\/li>\n\n\n\n<li><mark style=\"background-color:rgba(0, 0, 0, 0);color:#0469a4\" class=\"has-inline-color\">Podr\u00e1n <strong>desarrollar, practicar, fortalecer y promover<\/strong> la <strong>MEDICIDA TRADICIONAL<\/strong> as\u00ed como la <strong>PARTERIA<\/strong> para la atenci\u00f3n del embarazo, parto y puerperio. <\/mark><\/li>\n\n\n\n<li><mark style=\"background-color:rgba(0, 0, 0, 0);color:#c23424\" class=\"has-inline-color\">Tendr\u00e1n, en todo tiempo, el <strong>derecho<\/strong> a ser <strong>asistidas y asesoradas por personas int\u00e9rpretes, traductoras, defensoras y peritas especializadas en derechos ind\u00edgenas, pluralismo jur\u00eddico, perspectiva de g\u00e9nero y diversidad cultural y ling\u00fc\u00edstica.<\/strong><\/mark><\/li>\n\n\n\n<li><mark style=\"background-color:rgba(0, 0, 0, 0);color:#046340\" class=\"has-inline-color\">Se <strong>reconoce y se asegura el derecho de las mujeres ind\u00edgenas y afromexicanas a participar de manera efectiva y en condiciones de igualdad en los procesos de desarrollo integral de sus pueblos y comunidades,<\/strong> as\u00ed como en la <strong>toma de decisiones de car\u00e1cter p\u00fablico<\/strong>, en la promoci\u00f3n y respeto de sus <strong>derechos de acceso a la educaci\u00f3n, a la salud, a la propiedad y a la posesi\u00f3n de la tierra<\/strong>.<\/mark><\/li>\n\n\n\n<li><mark style=\"background-color:rgba(0, 0, 0, 0);color:#7c0be5\" class=\"has-inline-color\">Se <strong>garantiza el derecho de la ni\u00f1ez, adolescencia y juventud ind\u00edgenas y afromexicanos a una atenci\u00f3n adecuada en sus propias lenguas<\/strong> para el <em><strong>conocimiento y ejercicio pleno de sus derechos <\/strong><\/em>de <strong>acceso a la educaci\u00f3n, a la salud, a las tecnolog\u00edas, al arte, la cultura, el deporte y la capacitaci\u00f3n para el trabajo, entre otros.<\/strong><\/mark><\/li>\n<\/ul>\n\n\n\n<p>.Da click aqu\u00ed ?para ver el comparativo&#8230;<\/p>\n\n\n\n<div data-wp-interactive=\"core\/file\" class=\"wp-block-file\"><object data-wp-bind--hidden=\"!state.hasPdfPreview\"  class=\"wp-block-file__embed\" data=\"https:\/\/www.salgadonoticias.com\/wp-content\/uploads\/2024\/10\/Comparativo-Articulo-2\u00b0-Contitucional.pdf\" type=\"application\/pdf\" style=\"width:100%;height:600px\" aria-label=\"Incrustado de Comparativo-Articulo-2\u00b0-Contitucional.\"><\/object><a id=\"wp-block-file--media-65fca049-9f26-4932-9bd9-3221955b44e5\" href=\"https:\/\/www.salgadonoticias.com\/wp-content\/uploads\/2024\/10\/Comparativo-Articulo-2\u00b0-Contitucional.pdf\">Comparativo-Articulo-2\u00b0-Contitucional<\/a><a href=\"https:\/\/www.salgadonoticias.com\/wp-content\/uploads\/2024\/10\/Comparativo-Articulo-2\u00b0-Contitucional.pdf\" class=\"wp-block-file__button wp-element-button\" download aria-describedby=\"wp-block-file--media-65fca049-9f26-4932-9bd9-3221955b44e5\">Descarga<\/a><\/div>\n\n\n\n<p>.<\/p>\n\n\n\n<p class=\"wp-embed-aspect-16-9 wp-has-aspect-ratio\">Si estas en el <strong><mark style=\"background-color:rgba(0, 0, 0, 0)\" class=\"has-inline-color has-vivid-red-color\">Extranjero <\/mark><\/strong>nosotros somos tu <strong><mark style=\"background-color:rgba(0, 0, 0, 0)\" class=\"has-inline-color has-vivid-green-cyan-color\">mejor<\/mark><\/strong> alternativa para <strong><mark style=\"background-color:rgba(0, 0, 0, 0)\" class=\"has-inline-color has-luminous-vivid-orange-color\">velar<\/mark><\/strong> por tus <strong><mark style=\"background-color:rgba(0, 0, 0, 0)\" class=\"has-inline-color has-vivid-cyan-blue-color\">intereses<\/mark><\/strong>, escr\u00edbenos o ll\u00e1manos al Tel <strong>55581-11311<\/strong>.<\/p>\n\n\n\n<p>.<\/p>\n\n\n\n<p>Cuando<strong> necesites<\/strong> ayuda, <strong>asistencia<\/strong> o <strong>planeaci\u00f3n<\/strong> legal, <strong>solicita<\/strong> <strong>Cita Privada<\/strong> <a rel=\"noreferrer noopener\" href=\"mailto:bi@sm99.mx\" target=\"_blank\"><strong>Aqu\u00ed<\/strong><\/a><\/p>\n\n\n\n<p>La informaci\u00f3n que AQU\u00cd te presentamos <strong>deriva<\/strong> de los <strong>Peri\u00f3dicos Oficiales <\/strong>de la<strong> CdMx<\/strong>, <strong>Estado<\/strong> de Mex., Diario <strong>Oficial<\/strong> de la Federaci\u00f3n, Suprema Corte de<strong> Justicia<\/strong> de la Naci\u00f3n, por lo tanto es de <strong>aplicaci\u00f3n OBLIGATORIA<\/strong><\/p>\n\n\n\n<p>La <strong>informaci\u00f3n<\/strong> de hoy procede del Diario Oficial<\/p>\n\n\n\n<p><strong><mark style=\"background-color:rgba(0, 0, 0, 0)\" class=\"has-inline-color has-luminous-vivid-orange-color\">AY\u00daDANOS<\/mark><\/strong> para que m\u00e1s personas conozcan esta informaci\u00f3n, <strong>Comp\u00e1rtelo<\/strong> en tus redes sociales.<\/p>\n","protected":false},"excerpt":{"rendered":"<p>Views: 20 . . Con la reforma al art\u00edculo 2 de la Constituci\u00f3n se RECONOCE a Pueblos y Comunidades Ind\u00edgenas y Afromexicanos como sujetos de Derecho P\u00fablico, con personalidad jur\u00eddica y patrimonio Propio, con Respeto ILIMITADO a sus Derechos Humanos. Tambi\u00e9n se destaca que: .Da click aqu\u00ed ?para ver el comparativo&#8230; . Si estas en [&hellip;]<\/p>\n","protected":false},"author":3,"featured_media":29847,"comment_status":"closed","ping_status":"open","sticky":false,"template":"","format":"standard","meta":{"_jetpack_memberships_contains_paid_content":false,"footnotes":""},"categories":[4],"tags":[],"jetpack_sharing_enabled":true,"jetpack_featured_media_url":"http:\/\/www.salgadonoticias.com\/wp-content\/uploads\/2024\/10\/reforma.jpg","_links":{"self":[{"href":"http:\/\/www.salgadonoticias.com\/index.php?rest_route=\/wp\/v2\/posts\/29846"}],"collection":[{"href":"http:\/\/www.salgadonoticias.com\/index.php?rest_route=\/wp\/v2\/posts"}],"about":[{"href":"http:\/\/www.salgadonoticias.com\/index.php?rest_route=\/wp\/v2\/types\/post"}],"author":[{"embeddable":true,"href":"http:\/\/www.salgadonoticias.com\/index.php?rest_route=\/wp\/v2\/users\/3"}],"replies":[{"embeddable":true,"href":"http:\/\/www.salgadonoticias.com\/index.php?rest_route=%2Fwp%2Fv2%2Fcomments&post=29846"}],"version-history":[{"count":5,"href":"http:\/\/www.salgadonoticias.com\/index.php?rest_route=\/wp\/v2\/posts\/29846\/revisions"}],"predecessor-version":[{"id":29882,"href":"http:\/\/www.salgadonoticias.com\/index.php?rest_route=\/wp\/v2\/posts\/29846\/revisions\/29882"}],"wp:featuredmedia":[{"embeddable":true,"href":"http:\/\/www.salgadonoticias.com\/index.php?rest_route=\/wp\/v2\/media\/29847"}],"wp:attachment":[{"href":"http:\/\/www.salgadonoticias.com\/index.php?rest_route=%2Fwp%2Fv2%2Fmedia&parent=29846"}],"wp:term":[{"taxonomy":"category","embeddable":true,"href":"http:\/\/www.salgadonoticias.com\/index.php?rest_route=%2Fwp%2Fv2%2Fcategories&post=29846"},{"taxonomy":"post_tag","embeddable":true,"href":"http:\/\/www.salgadonoticias.com\/index.php?rest_route=%2Fwp%2Fv2%2Ftags&post=29846"}],"curies":[{"name":"wp","href":"https:\/\/api.w.org\/{rel}","templated":true}]}}