{"id":29942,"date":"2024-10-11T00:30:00","date_gmt":"2024-10-11T05:30:00","guid":{"rendered":"https:\/\/www.salgadonoticias.com\/?p=29942"},"modified":"2024-10-14T13:24:04","modified_gmt":"2024-10-14T18:24:04","slug":"29942","status":"publish","type":"post","link":"http:\/\/www.salgadonoticias.com\/?p=29942","title":{"rendered":"Actualizaci\u00f3n de PENSI\u00d3N por CESANT\u00cdA con \u00cdNDICE Nacional de Precios\u2026!!!"},"content":{"rendered":"<p>Views: 2<\/p>\n<p>.<\/p>\n\n\n\n<p>Este <strong>ANTECEDENTE<\/strong><\/p>\n\n\n\n<p><strong>Surge <\/strong>despu\u00e9s de que <strong>un pensionado<\/strong> <em><u>impugn\u00f3 la <strong><mark style=\"background-color:rgba(0, 0, 0, 0)\" class=\"has-inline-color has-vivid-red-color\">constitucionalidad<\/mark><\/strong><\/u><\/em> del <mark style=\"background-color:rgba(0, 0, 0, 0);color:#360168\" class=\"has-inline-color\"><strong>art\u00edculo 11 transitorio<\/strong> de la <em><u>reforma a la Ley del Seguro Social de 2001<\/u><\/em>, <strong>argumentando<\/strong><\/mark> que <strong>viola su derecho al <mark style=\"background-color:#ff6900\" class=\"has-inline-color\">m\u00ednimo vital<\/mark> y <\/strong>el de igualdad y a la no discriminaci\u00f3n<strong>,<\/strong> adem\u00e1s <strong>solicitando <\/strong>que su <strong>pensi\u00f3n <\/strong><mark style=\"background-color:#fcb900\" class=\"has-inline-color\"><strong>se ajuste seg\u00fan el salario m\u00ednimo vigente en lugar del INPC<\/strong>.<\/mark><\/p>\n\n\n\n<p>.<\/p>\n\n\n\n<p>La <strong><mark style=\"background-color:rgba(0, 0, 0, 0);color:#0f0790\" class=\"has-inline-color\">Suprema Corte de Justicia<\/mark> <\/strong>a trav\u00e9s del Tribunal Colegiado<mark style=\"background-color:rgba(0, 0, 0, 0);color:#890404\" class=\"has-inline-color\"> <strong>DERTERMIN\u00d3<\/strong><\/mark><strong> <\/strong><mark style=\"background-color:#89f36f\" class=\"has-inline-color\"><strong>que la actualizaci\u00f3n de la pensi\u00f3n<\/strong><\/mark><mark style=\"background-color:#ffffff\" class=\"has-inline-color\"> por cesant\u00eda en edad avanzada se <\/mark><mark style=\"background-color:#89f36f\" class=\"has-inline-color\"><strong>realizar\u00e1 conforme al \u00cdndice Nacional de Precios al Consumidor (INPC<\/strong>), <strong>NO infringe el derecho al m\u00ednimo vital<\/strong><\/mark><mark style=\"background-color:#ffffff\" class=\"has-inline-color\"><strong> <\/strong>ni el de igualdad y no discriminaci\u00f3n<\/mark><\/p>\n\n\n\n<p>En <strong>conclusi\u00f3n<\/strong>,<mark style=\"background-color:#f0c2cd\" class=\"has-inline-color\"> <strong>no se viola el derecho al m\u00ednimo vital<\/strong> <em><u>el cual que es un principio constitucional<\/u><\/em> <strong>que garantiza a las personas los recursos necesarios para una vida digna<\/strong>.<\/mark><mark style=\"background-color:#ffffff\" class=\"has-inline-color\"> <\/mark><\/p>\n\n\n\n<p><mark style=\"background-color:#ffffff\" class=\"has-inline-color\">Esta decisi\u00f3n se bas\u00f3 en el argumento de que<\/mark><mark style=\"background-color:#f0c2cd\" class=\"has-inline-color\"> <strong>la actualizaci\u00f3n<\/strong> de las pensiones <strong>conforme al INPC<\/strong> <strong>asegura que las pensiones mantengan su poder adquisitivo<\/strong> <\/mark>frente a la inflaci\u00f3n, protegiendo as\u00ed el bienestar econ\u00f3mico de los pensionados.<\/p>\n\n\n\n<p>.<\/p>\n\n\n\n<p>La justificaci\u00f3n de la <strong><mark style=\"background-color:rgba(0, 0, 0, 0);color:#230587\" class=\"has-inline-color\">SCJN<\/mark> <\/strong>es que al resolver el amparo en revisi\u00f3n 180\/2023, la Segunda Sala consider\u00f3 que la <mark style=\"background-color:#d8c6ea\" class=\"has-inline-color\"><em><u>finalidad de la <strong>actualizaci\u00f3n de la pensi\u00f3n<\/strong> por cesant\u00eda en edad avanzada<\/u><\/em> <strong>radica en que no pierda su poder adquisitivo<\/strong>,<\/mark> pues <em><u>no se trata de la remuneraci\u00f3n por un trabajo personal subordinado,<\/u><\/em> debido a que los aspectos vinculados con su cuantificaci\u00f3n pertenecen a la materia administrativa, por lo que se concluy\u00f3 que la fijaci\u00f3n de un factor de actualizaci\u00f3n que mide el alza de precios en los productos de la canasta de consumo \u2013como es el INPC\u2013 <em><u>sin prever que su monto deba ser al menos de un salario m\u00ednimo<\/u><\/em>, <mark style=\"background-color:#f3d37b\" class=\"has-inline-color\"><strong>no vulnera el derecho al m\u00ednimo vital<\/strong>, ya que \u00e9ste no se <strong>obliga<\/strong> \u00fanicamente a <strong>determinar un monto espec\u00edfico<\/strong> que se confronte en <strong>relaci\u00f3n con el salario m\u00ednimo<\/strong>, pues se cumple con &nbsp;la medida que el Estado, <strong>garantice pensiones y mecanismos de actualizaci\u00f3n adecuados.<\/strong><\/mark> de ah\u00ed que dicho precepto transitorio no viola el derecho al m\u00ednimo vital reconocido en los art\u00edculos 1o., 3o., 4o., 6o., 13, 25, 27, 31, fracci\u00f3n IV y 123 de la Constituci\u00f3n.<\/p>\n\n\n\n<p>.<\/p>\n\n\n\n<p>Esta <strong><mark style=\"background-color:#dff27a\" class=\"has-inline-color has-black-color\">RESOLUCI\u00d3N<\/mark> <\/strong>ya esta <strong>disponible<\/strong> para quien la <mark style=\"background-color:rgba(0, 0, 0, 0);color:#870303\" class=\"has-inline-color\"><strong>Haga Valer<\/strong><\/mark> en todo el pa\u00eds.<\/p>\n\n\n\n<p><strong><mark style=\"background-color:rgba(0, 0, 0, 0);color:#2ca103\" class=\"has-inline-color\">Tesis CIVIL<\/mark><\/strong><\/p>\n\n\n\n<p>.<\/p>\n\n\n\n<p class=\"wp-embed-aspect-16-9 wp-has-aspect-ratio\">Si estas en el <strong><mark style=\"background-color:rgba(0, 0, 0, 0)\" class=\"has-inline-color has-vivid-red-color\">Extranjero <\/mark><\/strong>nosotros somos tu <strong><mark style=\"background-color:rgba(0, 0, 0, 0)\" class=\"has-inline-color has-vivid-green-cyan-color\">mejor<\/mark><\/strong> alternativa para <strong><mark style=\"background-color:rgba(0, 0, 0, 0)\" class=\"has-inline-color has-luminous-vivid-orange-color\">velar<\/mark><\/strong> por tus <strong><mark style=\"background-color:rgba(0, 0, 0, 0)\" class=\"has-inline-color has-vivid-cyan-blue-color\">intereses<\/mark><\/strong>, escr\u00edbenos o ll\u00e1manos al Tel <strong>55581-11311<\/strong>.<\/p>\n\n\n\n<p>.<\/p>\n\n\n\n<p>Cuando<strong> necesites<\/strong> ayuda, <strong>asistencia<\/strong> o <strong>planeaci\u00f3n<\/strong> legal, <strong>solicita<\/strong> <strong>Cita Privada<\/strong> <a rel=\"noreferrer noopener\" href=\"mailto:bi@sm99.mx\" target=\"_blank\"><strong>Aqu\u00ed<\/strong><\/a><\/p>\n\n\n\n<p>La informaci\u00f3n que AQU\u00cd te presentamos <strong>deriva<\/strong> de los <strong>Peri\u00f3dicos Oficiales <\/strong>de la<strong> CdMx<\/strong>, <strong>Estado<\/strong> de Mex., Diario <strong>Oficial<\/strong> de la Federaci\u00f3n, Suprema Corte de<strong> Justicia<\/strong> de la Naci\u00f3n, por lo tanto es de <strong>aplicaci\u00f3n OBLIGATORIA<\/strong><\/p>\n\n\n\n<p>La <strong>informaci\u00f3n<\/strong> de hoy procede la Suprema Corte de Justicia<\/p>\n\n\n\n<p><strong><mark style=\"background-color:rgba(0, 0, 0, 0)\" class=\"has-inline-color has-luminous-vivid-orange-color\">AY\u00daDANOS<\/mark><\/strong> para que m\u00e1s personas conozcan esta informaci\u00f3n, <strong>Comp\u00e1rtelo<\/strong> en tus redes sociales.<\/p>\n","protected":false},"excerpt":{"rendered":"<p>Views: 2 . Este ANTECEDENTE Surge despu\u00e9s de que un pensionado impugn\u00f3 la constitucionalidad del art\u00edculo 11 transitorio de la reforma a la Ley del Seguro Social de 2001, argumentando que viola su derecho al m\u00ednimo vital y el de igualdad y a la no discriminaci\u00f3n, adem\u00e1s solicitando que su pensi\u00f3n se ajuste seg\u00fan el [&hellip;]<\/p>\n","protected":false},"author":3,"featured_media":29947,"comment_status":"closed","ping_status":"open","sticky":false,"template":"","format":"standard","meta":{"_jetpack_memberships_contains_paid_content":false,"footnotes":""},"categories":[4],"tags":[],"jetpack_sharing_enabled":true,"jetpack_featured_media_url":"http:\/\/www.salgadonoticias.com\/wp-content\/uploads\/2024\/10\/PENSIONES.jpg","_links":{"self":[{"href":"http:\/\/www.salgadonoticias.com\/index.php?rest_route=\/wp\/v2\/posts\/29942"}],"collection":[{"href":"http:\/\/www.salgadonoticias.com\/index.php?rest_route=\/wp\/v2\/posts"}],"about":[{"href":"http:\/\/www.salgadonoticias.com\/index.php?rest_route=\/wp\/v2\/types\/post"}],"author":[{"embeddable":true,"href":"http:\/\/www.salgadonoticias.com\/index.php?rest_route=\/wp\/v2\/users\/3"}],"replies":[{"embeddable":true,"href":"http:\/\/www.salgadonoticias.com\/index.php?rest_route=%2Fwp%2Fv2%2Fcomments&post=29942"}],"version-history":[{"count":6,"href":"http:\/\/www.salgadonoticias.com\/index.php?rest_route=\/wp\/v2\/posts\/29942\/revisions"}],"predecessor-version":[{"id":29970,"href":"http:\/\/www.salgadonoticias.com\/index.php?rest_route=\/wp\/v2\/posts\/29942\/revisions\/29970"}],"wp:featuredmedia":[{"embeddable":true,"href":"http:\/\/www.salgadonoticias.com\/index.php?rest_route=\/wp\/v2\/media\/29947"}],"wp:attachment":[{"href":"http:\/\/www.salgadonoticias.com\/index.php?rest_route=%2Fwp%2Fv2%2Fmedia&parent=29942"}],"wp:term":[{"taxonomy":"category","embeddable":true,"href":"http:\/\/www.salgadonoticias.com\/index.php?rest_route=%2Fwp%2Fv2%2Fcategories&post=29942"},{"taxonomy":"post_tag","embeddable":true,"href":"http:\/\/www.salgadonoticias.com\/index.php?rest_route=%2Fwp%2Fv2%2Ftags&post=29942"}],"curies":[{"name":"wp","href":"https:\/\/api.w.org\/{rel}","templated":true}]}}