{"id":29996,"date":"2024-10-17T00:34:00","date_gmt":"2024-10-17T05:34:00","guid":{"rendered":"https:\/\/www.salgadonoticias.com\/?p=29996"},"modified":"2024-10-17T18:43:55","modified_gmt":"2024-10-17T23:43:55","slug":"29996","status":"publish","type":"post","link":"http:\/\/www.salgadonoticias.com\/?p=29996","title":{"rendered":"RECLAMACI\u00d3N de Cuotas PATRONALES al Instituto de PENSIONES, Sin Caducidad\u2026!!!"},"content":{"rendered":"<p>Views: 5<\/p>\n<p>.<\/p>\n\n\n\n<figure class=\"wp-block-embed is-type-video is-provider-youtube wp-block-embed-youtube wp-embed-aspect-16-9 wp-has-aspect-ratio\"><div class=\"wp-block-embed__wrapper\">\n<iframe loading=\"lazy\" title=\"RECLAMACI\u00d3N de Cuotas PATRONALES al Instituto de PENSIONES, Sin Caducidad...!!!\" width=\"640\" height=\"360\" src=\"https:\/\/www.youtube.com\/embed\/mtd1d8H6V_4?feature=oembed\" frameborder=\"0\" allow=\"accelerometer; autoplay; clipboard-write; encrypted-media; gyroscope; picture-in-picture; web-share\" referrerpolicy=\"strict-origin-when-cross-origin\" allowfullscreen><\/iframe>\n<\/div><\/figure>\n\n\n\n<p>.<\/p>\n\n\n\n<p>Este <strong>ANTECEDENTE<\/strong><\/p>\n\n\n\n<p><strong><mark style=\"background-color:rgba(0, 0, 0, 0)\" class=\"has-inline-color has-luminous-vivid-orange-color\">Surge<\/mark> <\/strong>luego de que <em><strong>Tribunales Colegiados<\/strong> de Circuito <mark style=\"background-color:rgba(0, 0, 0, 0)\" class=\"has-inline-color has-vivid-red-color\"><strong>contendientes<\/strong><\/mark> llegaron a criterios contradictorios luego de analizar<\/em> <strong><mark style=\"background-color:#c2f9e3\" class=\"has-inline-color\">si el pago de las aportaciones<\/mark><\/strong> al Instituto de Pensiones en este caso de Jalisco <strong><mark style=\"background-color:rgba(0, 0, 0, 0);color:#5805b7\" class=\"has-inline-color\">es prescriptible<\/mark><\/strong>. <\/p>\n\n\n\n<p><mark style=\"background-color:#f7f8ba\" class=\"has-inline-color\"><em><u>Uno sostuvo que el<\/u><\/em> <strong>derecho para exigir<\/strong> el pago de las cuotas que el patr\u00f3n debi\u00f3 pagar <strong>prescribe en un plazo de tres a\u00f1os<\/strong><\/mark> esto conforme al art. 164 de la ley que rige a ese organismo; pero <em><u>el <\/u><\/em><mark style=\"background-color:#b2eee4\" class=\"has-inline-color\"><em><u>otro estableci\u00f3<\/u><\/em> <strong>que es improcedente esa prescripci\u00f3n<\/strong>, debido a que las <strong>obligaciones de seguridad social se traducen en derechos humanos<\/strong><\/mark> para las personas servidoras p\u00fablicas.<\/p>\n\n\n\n<p>.<\/p>\n\n\n\n<p>La <strong><mark style=\"background-color:rgba(0, 0, 0, 0);color:#0203a5\" class=\"has-inline-color\">Suprema Corte de Justicia<\/mark><\/strong> ante lo anterior <strong><mark style=\"background-color:rgba(0, 0, 0, 0);color:#ac0606\" class=\"has-inline-color\">DETERMIN\u00d3<\/mark> <\/strong>que los <mark style=\"background-color:#a6f27a\" class=\"has-inline-color\"><em><strong>servidores p\u00fablicos<\/strong><\/em> TIENEN el&nbsp;<strong>derecho permanente<\/strong>&nbsp;de <strong>reclamar <\/strong>el <strong>pago<\/strong> de las <strong>cuotas<\/strong> patronales al <strong>Instituto de Pensiones<\/strong>.<\/mark><\/p>\n\n\n\n<p><mark style=\"background-color:#f6b7db\" class=\"has-inline-color\">Esto es que, <strong>no importa cu\u00e1nto tiempo haya pasado<\/strong>, <em><u>los servidores p\u00fablicos<\/u><\/em> <strong>siempre podr\u00e1n reclamar estas cuotas<\/strong>.<\/mark><\/p>\n\n\n\n<p>.<\/p>\n\n\n\n<p>La justificaci\u00f3n es que el art. 123, apartado B, fracc. XI, de la Constituci\u00f3n <strong><mark style=\"background-color:rgba(0, 0, 0, 0);color:#460484\" class=\"has-inline-color\">reconoce el derecho a la seguridad social<\/mark><\/strong> y a los principios de previsi\u00f3n social, as\u00ed como los art\u00edculos 22 de la Declaraci\u00f3n Universal de los Derechos Humanos, 9 del Pacto Internacional de Derechos Econ\u00f3micos, Sociales y Culturales, 9 del Protocolo Adicional a la Convenci\u00f3n Americana sobre Derechos Humanos en Materia de Derechos Econ\u00f3micos, Sociales y Culturales \u201cProtocolo de San Salvador\u201d y 26 de la <mark style=\"background-color:#b5eed8\" class=\"has-inline-color\">Convenci\u00f3n Americana sobre Derechos Humanos, y este \u00faltimo <strong>establece <\/strong>la obligaci\u00f3n<\/mark> de lograr por medios adecuados y mediante la v\u00eda legislativa, la efectividad de los derechos econ\u00f3micos, sociales y culturales, esto es, la <mark style=\"background-color:rgba(0, 0, 0, 0);color:#e60606\" class=\"has-inline-color\"><strong>previsi\u00f3n social<\/strong>.<\/mark><mark style=\"background-color:rgba(0, 0, 0, 0)\" class=\"has-inline-color has-black-color\"> Y <em><u>Conforme a la interpretaci\u00f3n que al respecto ha efectuado<\/u><\/em> la<\/mark><mark style=\"background-color:rgba(0, 0, 0, 0);color:#e60606\" class=\"has-inline-color\"> <strong>SCJN<\/strong>, <strong>existe libertad configurativa<\/strong> <\/mark><mark style=\"background-color:rgba(0, 0, 0, 0)\" class=\"has-inline-color has-black-color\">para que las Legislaturas Locales<\/mark><mark style=\"background-color:rgba(0, 0, 0, 0);color:#e60606\" class=\"has-inline-color\"> <strong>establezcan un r\u00e9gimen de pensiones para las personas trabajadoras al servicio del Estado<\/strong><\/mark>, siempre que respete las bases m\u00ednimas que, como resguardo del derecho de previsi\u00f3n social, la Constituci\u00f3n Federal y los instrumentos internacionales en materia de derechos humanos reconocen.<\/p>\n\n\n\n<p>En este caso, el Edo. de <strong>Jalisco<\/strong> se <mark style=\"background-color:rgba(0, 0, 0, 0);color:#c60a7d\" class=\"has-inline-color\"><strong>instaur\u00f3 la obligatoriedad<\/strong> <\/mark><mark style=\"background-color:rgba(0, 0, 0, 0)\" class=\"has-inline-color has-black-color\">para la parte <\/mark><mark style=\"background-color:rgba(0, 0, 0, 0);color:#c60a7d\" class=\"has-inline-color\"><strong>patronal de inscribir a las personas servidoras p\u00fablicas en el sistema de pensiones<\/strong><\/mark><mark style=\"background-color:rgba(0, 0, 0, 0)\" class=\"has-inline-color has-black-color\"> y realizar las retenciones correspondientes, as\u00ed como <\/mark><mark style=\"background-color:rgba(0, 0, 0, 0);color:#c60a7d\" class=\"has-inline-color\"><strong>efectuar sus aportaciones, para lograr el derecho a una pensi\u00f3n<\/strong>, <\/mark><mark style=\"background-color:rgba(0, 0, 0, 0)\" class=\"has-inline-color has-black-color\">que es imprescriptible. Sin embargo,<\/mark><mark style=\"background-color:rgba(0, 0, 0, 0);color:#c60a7d\" class=\"has-inline-color\"> <strong>no establece expresamente un plazo prescriptivo<\/strong><\/mark><mark style=\"background-color:rgba(0, 0, 0, 0)\" class=\"has-inline-color has-black-color\"> en relaci\u00f3n con la<\/mark><mark style=\"background-color:rgba(0, 0, 0, 0);color:#c60a7d\" class=\"has-inline-color\"> <strong>falta de inscripci\u00f3n<\/strong> <\/mark><mark style=\"background-color:rgba(0, 0, 0, 0)\" class=\"has-inline-color has-black-color\">y, por ende, al<\/mark><mark style=\"background-color:rgba(0, 0, 0, 0);color:#c60a7d\" class=\"has-inline-color\"> <strong>pago de las aportaciones patronales ante el citado Instituto<\/strong>.<\/mark><\/p>\n\n\n\n<p>Y aunque el <mark style=\"background-color:rgba(0, 0, 0, 0);color:#04bb77\" class=\"has-inline-color\"><em><u>citado art\u00edculo 164<\/u><\/em> <strong><em><u>contiene la regla general<\/u><\/em><\/strong><em><u> de que los <strong>derechos y obligaciones que no tengan previsto un plazo especial PRESCRIBEN en tres a\u00f1os<\/strong><\/u><\/em>, <\/mark><mark style=\"background-color:rgba(0, 0, 0, 0)\" class=\"has-inline-color has-black-color\">esta regla<\/mark><mark style=\"background-color:rgba(0, 0, 0, 0);color:#04bb77\" class=\"has-inline-color\"> <strong>NO ES APLICABLE PARA EL TEMA DE LA INSCRIPCI\u00d3N<\/strong> <\/mark><mark style=\"background-color:rgba(0, 0, 0, 0)\" class=\"has-inline-color has-black-color\">y, por tanto, para el<\/mark><mark style=\"background-color:rgba(0, 0, 0, 0);color:#04bb77\" class=\"has-inline-color\"> <strong>derecho a exigir el pago de las aportaciones patronales al sistema de pensiones,<\/strong> <\/mark><mark style=\"background-color:rgba(0, 0, 0, 0)\" class=\"has-inline-color has-black-color\">pues se trata de prestaciones derivadas de un derecho fundamental, cuyas bases m\u00ednimas se prev\u00e9n la Constituci\u00f3n Federal, por lo que, al ser inmanentes a la persona humana, <\/mark><mark style=\"background-color:rgba(0, 0, 0, 0);color:#04bb77\" class=\"has-inline-color\"><strong>su vigencia es imprescriptible.<\/strong><\/mark><\/p>\n\n\n\n<p>.<\/p>\n\n\n\n<p class=\"wp-embed-aspect-16-9 wp-has-aspect-ratio\">Si estas en el <strong><mark style=\"background-color:rgba(0, 0, 0, 0)\" class=\"has-inline-color has-vivid-red-color\">Extranjero <\/mark><\/strong>nosotros somos tu <strong><mark style=\"background-color:rgba(0, 0, 0, 0)\" class=\"has-inline-color has-vivid-green-cyan-color\">mejor<\/mark><\/strong> alternativa para <strong><mark style=\"background-color:rgba(0, 0, 0, 0)\" class=\"has-inline-color has-luminous-vivid-orange-color\">velar<\/mark><\/strong> por tus <strong><mark style=\"background-color:rgba(0, 0, 0, 0)\" class=\"has-inline-color has-vivid-cyan-blue-color\">intereses<\/mark><\/strong>, escr\u00edbenos o ll\u00e1manos al Tel <strong>55581-11311<\/strong>.<\/p>\n\n\n\n<p>Cuando<strong> necesites<\/strong> ayuda, <strong>asistencia<\/strong> o <strong>planeaci\u00f3n<\/strong> legal, <strong>solicita<\/strong> <strong>Cita Privada<\/strong> <a rel=\"noreferrer noopener\" href=\"mailto:bi@sm99.mx\" target=\"_blank\"><strong>Aqu\u00ed<\/strong><\/a><\/p>\n\n\n\n<p>La informaci\u00f3n que AQU\u00cd te presentamos <strong>deriva<\/strong> de los <strong>Peri\u00f3dicos Oficiales <\/strong>de la<strong> CdMx<\/strong>, <strong>Estado<\/strong> de Mex., Diario <strong>Oficial<\/strong> de la Federaci\u00f3n, Suprema Corte de<strong> Justicia<\/strong> de la Naci\u00f3n, por lo tanto es de <strong>aplicaci\u00f3n OBLIGATORIA<\/strong><\/p>\n\n\n\n<p>La <strong>informaci\u00f3n<\/strong> de hoy procede de la Suprema Corte de Justicia<\/p>\n\n\n\n<p><strong><mark style=\"background-color:rgba(0, 0, 0, 0)\" class=\"has-inline-color has-luminous-vivid-orange-color\">AY\u00daDANOS<\/mark><\/strong> para que m\u00e1s personas conozcan esta informaci\u00f3n, <strong>Comp\u00e1rtelo<\/strong> en tus redes sociales.<\/p>\n","protected":false},"excerpt":{"rendered":"<p>Views: 5 . . Este ANTECEDENTE Surge luego de que Tribunales Colegiados de Circuito contendientes llegaron a criterios contradictorios luego de analizar si el pago de las aportaciones al Instituto de Pensiones en este caso de Jalisco es prescriptible. Uno sostuvo que el derecho para exigir el pago de las cuotas que el patr\u00f3n debi\u00f3 [&hellip;]<\/p>\n","protected":false},"author":3,"featured_media":29999,"comment_status":"closed","ping_status":"open","sticky":false,"template":"","format":"standard","meta":{"_jetpack_memberships_contains_paid_content":false,"footnotes":""},"categories":[4],"tags":[],"jetpack_sharing_enabled":true,"jetpack_featured_media_url":"http:\/\/www.salgadonoticias.com\/wp-content\/uploads\/2024\/10\/cuotas.jpg","_links":{"self":[{"href":"http:\/\/www.salgadonoticias.com\/index.php?rest_route=\/wp\/v2\/posts\/29996"}],"collection":[{"href":"http:\/\/www.salgadonoticias.com\/index.php?rest_route=\/wp\/v2\/posts"}],"about":[{"href":"http:\/\/www.salgadonoticias.com\/index.php?rest_route=\/wp\/v2\/types\/post"}],"author":[{"embeddable":true,"href":"http:\/\/www.salgadonoticias.com\/index.php?rest_route=\/wp\/v2\/users\/3"}],"replies":[{"embeddable":true,"href":"http:\/\/www.salgadonoticias.com\/index.php?rest_route=%2Fwp%2Fv2%2Fcomments&post=29996"}],"version-history":[{"count":6,"href":"http:\/\/www.salgadonoticias.com\/index.php?rest_route=\/wp\/v2\/posts\/29996\/revisions"}],"predecessor-version":[{"id":30014,"href":"http:\/\/www.salgadonoticias.com\/index.php?rest_route=\/wp\/v2\/posts\/29996\/revisions\/30014"}],"wp:featuredmedia":[{"embeddable":true,"href":"http:\/\/www.salgadonoticias.com\/index.php?rest_route=\/wp\/v2\/media\/29999"}],"wp:attachment":[{"href":"http:\/\/www.salgadonoticias.com\/index.php?rest_route=%2Fwp%2Fv2%2Fmedia&parent=29996"}],"wp:term":[{"taxonomy":"category","embeddable":true,"href":"http:\/\/www.salgadonoticias.com\/index.php?rest_route=%2Fwp%2Fv2%2Fcategories&post=29996"},{"taxonomy":"post_tag","embeddable":true,"href":"http:\/\/www.salgadonoticias.com\/index.php?rest_route=%2Fwp%2Fv2%2Ftags&post=29996"}],"curies":[{"name":"wp","href":"https:\/\/api.w.org\/{rel}","templated":true}]}}