{"id":30007,"date":"2024-10-18T01:00:00","date_gmt":"2024-10-18T06:00:00","guid":{"rendered":"https:\/\/www.salgadonoticias.com\/?p=30007"},"modified":"2024-10-18T20:07:04","modified_gmt":"2024-10-19T01:07:04","slug":"30007","status":"publish","type":"post","link":"http:\/\/www.salgadonoticias.com\/?p=30007","title":{"rendered":"EXCENTAS de ofrecer Garant\u00eda&#8230;Entidades Oficiales en Suspensi\u00f3n de Amparo Laboral&#8230;!!!"},"content":{"rendered":"<p>Views: 19<\/p>\n<p>.<\/p>\n\n\n\n<figure class=\"wp-block-embed is-type-video is-provider-youtube wp-block-embed-youtube wp-embed-aspect-16-9 wp-has-aspect-ratio\"><div class=\"wp-block-embed__wrapper\">\n<iframe loading=\"lazy\" title=\"EXCENTAS de ofrecer Garant\u00eda... Entidades Oficiales en Suspensi\u00f3n de Amparo Laboral...!!!\" width=\"640\" height=\"360\" src=\"https:\/\/www.youtube.com\/embed\/F6CcGnGcnj8?feature=oembed\" frameborder=\"0\" allow=\"accelerometer; autoplay; clipboard-write; encrypted-media; gyroscope; picture-in-picture; web-share\" referrerpolicy=\"strict-origin-when-cross-origin\" allowfullscreen><\/iframe>\n<\/div><\/figure>\n\n\n\n<p>.<\/p>\n\n\n\n<p>Este <strong><mark style=\"background-color:rgba(0, 0, 0, 0)\" class=\"has-inline-color has-luminous-vivid-orange-color\">ANTECEDENTE<\/mark><\/strong><\/p>\n\n\n\n<p>Surge luego de que Tribunales Colegiados de Circuito contendientes llegaron a criterios diferentes al analizar si las <mark style=\"background-color:#fec6d4\" class=\"has-inline-color\">Instituciones y Dependencias de Gobierno que act\u00faan como Patrones DEBEN <strong>otorgar la garant\u00eda<\/strong> <\/mark>prevista en los art\u00edculos 132 de la Ley de Amparo vigente y 125 de la abrogada, por los <mark style=\"background-color:#fdbdcd\" class=\"has-inline-color\"><strong>posibles da\u00f1os y perjuicios que pueda causar la suspensi\u00f3n<\/strong> de la <strong><u>ejecuci\u00f3n de una sentencia condenatoria<\/u><\/strong><\/mark> que se les conceda en amparo directo. Mientras que <mark style=\"background-color:rgba(0, 0, 0, 0);color:#0b5d8c\" class=\"has-inline-color\"><strong>uno estableci\u00f3 que<\/strong> <strong>s\u00ed deben garantizarlos<\/strong>, el <strong>otro consider\u00f3 que era innecesario<\/strong>, al ser una persona moral <strong>oficial<\/strong>.<\/mark><\/p>\n\n\n\n<p>.<\/p>\n\n\n\n<p>La <strong><mark style=\"background-color:rgba(0, 0, 0, 0);color:#110183\" class=\"has-inline-color\">Suprema Corte de Justicia<\/mark> <\/strong>a trav\u00e9s del Pleno Regional en Materias Penal y de Trabajo Regi\u00f3n-Sur en la CdMx., <strong><mark style=\"background-color:rgba(0, 0, 0, 0);color:#a90505\" class=\"has-inline-color\">DETERMIN\u00d3 <\/mark><\/strong>que las <em><strong>entidades gubernamentales<\/strong><\/em>, <mark style=\"background-color:#aef443\" class=\"has-inline-color\"><strong>NO necesitan proporcionar una garant\u00eda <\/strong>econ\u00f3mica por los<strong> da\u00f1os y perjuicios que pueda ocasionar el otorgamiento de la suspensi\u00f3n <\/strong>de cumplir la sentencia <strong>en amparo <\/strong>directo.<\/mark><\/p>\n\n\n\n<p>.<\/p>\n\n\n\n<p>La justificaci\u00f3n de la <strong><mark style=\"background-color:rgba(0, 0, 0, 0);color:#0720e3\" class=\"has-inline-color\">SCJN<\/mark><\/strong>, al resolver la contradicci\u00f3n de tesis 502\/2011, <mark style=\"background-color:rgba(0, 0, 0, 0);color:#c30767\" class=\"has-inline-color\"><strong>estableci\u00f3<\/strong> <\/mark><mark style=\"background-color:rgba(0, 0, 0, 0)\" class=\"has-inline-color has-black-color\">que persona moral oficial \u2013lato sensu\u2013 es toda <\/mark><mark style=\"background-color:rgba(0, 0, 0, 0);color:#c30767\" class=\"has-inline-color\"><strong>instituci\u00f3n y dependencia de la administraci\u00f3n p\u00fablica federal y de las entidades<\/strong> <\/mark><mark style=\"background-color:rgba(0, 0, 0, 0)\" class=\"has-inline-color has-black-color\">federativas, que realiza actos en un nivel de coordinaci\u00f3n con los particulares, es decir, se <\/mark><mark style=\"background-color:rgba(0, 0, 0, 0);color:#c30767\" class=\"has-inline-color\"><strong>despoja de los atributos de autoridad<\/strong>, <\/mark><mark style=\"background-color:rgba(0, 0, 0, 0)\" class=\"has-inline-color has-black-color\">y esto hace que se <em><u>encuentren<\/u><\/em><\/mark><mark style=\"background-color:rgba(0, 0, 0, 0);color:#c30767\" class=\"has-inline-color\"> <strong>exentas de exhibir<\/strong> <\/mark><mark style=\"background-color:rgba(0, 0, 0, 0)\" class=\"has-inline-color has-black-color\">en el juicio de<\/mark><mark style=\"background-color:rgba(0, 0, 0, 0);color:#c30767\" class=\"has-inline-color\"> <strong>amparo<\/strong> <\/mark><mark style=\"background-color:rgba(0, 0, 0, 0)\" class=\"has-inline-color has-black-color\">las <\/mark><mark style=\"background-color:rgba(0, 0, 0, 0);color:#c30767\" class=\"has-inline-color\"><strong>garant\u00edas que la ley de la materia exige<\/strong> <\/mark><mark style=\"background-color:rgba(0, 0, 0, 0)\" class=\"has-inline-color has-black-color\">a las partes, al <\/mark><mark style=\"background-color:rgba(0, 0, 0, 0);color:#c30767\" class=\"has-inline-color\"><strong>estimarse<\/strong> que <strong>cuenta con un patrimonio que le permite responder, en general, a sus obligaciones<\/strong>.<\/mark><\/p>\n\n\n\n<p><mark style=\"background-color:#ffffff\" class=\"has-inline-color\">Si <\/mark><mark style=\"background-color:#faf843\" class=\"has-inline-color\"><strong>la persona moral oficial \u2013lato sensu<\/strong>\u2013<\/mark><mark style=\"background-color:#ffffff\" class=\"has-inline-color\"> que <\/mark><mark style=\"background-color:#faf843\" class=\"has-inline-color\"><strong>tenga calidad de parte patronal DEMANDADA<\/strong><\/mark><mark style=\"background-color:#ffffff\" class=\"has-inline-color\"> en un <\/mark><mark style=\"background-color:#faf843\" class=\"has-inline-color\"><strong>juicio laboral<\/strong><\/mark><mark style=\"background-color:#ffffff\" class=\"has-inline-color\"> <em><u>PROMUEVE<\/u><\/em> <em>AMPARO directo<\/em> con ese car\u00e1cter, est\u00e1 <strong>exenta de exhibir esa garant\u00eda<\/strong>, esto conforme a los art\u00edculos 7o. de la Ley de Amparo vigente y su correlativo 9o. de la abrogada, porque <\/mark><mark style=\"background-color:#faf843\" class=\"has-inline-color\"><strong>cuenta con esa presunci\u00f3n legal de que tiene capacidad patrimonial para reparar el da\u00f1o e indemnizar a los terceros de los posibles perjuicios que pudiera causar la concesi\u00f3n de la medida cautelar.<\/strong><\/mark><\/p>\n\n\n\n<p>.<\/p>\n\n\n\n<p>Esta <strong><mark style=\"background-color:#dfebf4\" class=\"has-inline-color\">RESOLUCI\u00d3N<\/mark><\/strong> es de <strong>aplicaci\u00f3n <mark style=\"background-color:rgba(0, 0, 0, 0)\" class=\"has-inline-color has-vivid-red-color\">OBLIGATORIA<\/mark><\/strong> en todo el pa\u00eds a partir de esta semana.<\/p>\n\n\n\n<p><strong><mark style=\"background-color:rgba(0, 0, 0, 0);color:#082ac5\" class=\"has-inline-color\">Jurisprudencia LABORAL<\/mark><\/strong><\/p>\n\n\n\n<p>.<\/p>\n\n\n\n<p class=\"wp-embed-aspect-16-9 wp-has-aspect-ratio\">Si estas en el <strong><mark style=\"background-color:rgba(0, 0, 0, 0)\" class=\"has-inline-color has-vivid-red-color\">Extranjero <\/mark><\/strong>nosotros somos tu <strong><mark style=\"background-color:rgba(0, 0, 0, 0)\" class=\"has-inline-color has-vivid-green-cyan-color\">mejor<\/mark><\/strong> alternativa para <strong><mark style=\"background-color:rgba(0, 0, 0, 0)\" class=\"has-inline-color has-luminous-vivid-orange-color\">velar<\/mark><\/strong> por tus <strong><mark style=\"background-color:rgba(0, 0, 0, 0)\" class=\"has-inline-color has-vivid-cyan-blue-color\">intereses<\/mark><\/strong>, escr\u00edbenos o ll\u00e1manos al Tel <strong>55581-11311<\/strong>.<\/p>\n\n\n\n<p>Cuando<strong> necesites<\/strong> ayuda, <strong>asistencia<\/strong> o <strong>planeaci\u00f3n<\/strong> legal, <strong>solicita<\/strong> <strong>Cita Privada<\/strong> <a rel=\"noreferrer noopener\" href=\"mailto:bi@sm99.mx\" target=\"_blank\"><strong>Aqu\u00ed<\/strong><\/a><\/p>\n\n\n\n<p>La informaci\u00f3n que AQU\u00cd te presentamos <strong>deriva<\/strong> de los <strong>Peri\u00f3dicos Oficiales <\/strong>de la<strong> CdMx<\/strong>, <strong>Estado<\/strong> de Mex., Diario <strong>Oficial<\/strong> de la Federaci\u00f3n, Suprema Corte de<strong> Justicia<\/strong> de la Naci\u00f3n, por lo tanto es de <strong>aplicaci\u00f3n OBLIGATORIA<\/strong><\/p>\n\n\n\n<p>La <strong>informaci\u00f3n<\/strong> de hoy procede de la Suprema Corte de Justicia<\/p>\n\n\n\n<p><strong><mark style=\"background-color:rgba(0, 0, 0, 0)\" class=\"has-inline-color has-luminous-vivid-orange-color\">AY\u00daDANOS<\/mark><\/strong> para que m\u00e1s personas conozcan esta informaci\u00f3n, <strong>Comp\u00e1rtelo<\/strong> en tus redes sociales.<\/p>\n","protected":false},"excerpt":{"rendered":"<p>Views: 19 . . Este ANTECEDENTE Surge luego de que Tribunales Colegiados de Circuito contendientes llegaron a criterios diferentes al analizar si las Instituciones y Dependencias de Gobierno que act\u00faan como Patrones DEBEN otorgar la garant\u00eda prevista en los art\u00edculos 132 de la Ley de Amparo vigente y 125 de la abrogada, por los posibles [&hellip;]<\/p>\n","protected":false},"author":3,"featured_media":30029,"comment_status":"closed","ping_status":"open","sticky":false,"template":"","format":"standard","meta":{"_jetpack_memberships_contains_paid_content":false,"footnotes":""},"categories":[4],"tags":[],"jetpack_sharing_enabled":true,"jetpack_featured_media_url":"http:\/\/www.salgadonoticias.com\/wp-content\/uploads\/2024\/10\/jueces.jpg","_links":{"self":[{"href":"http:\/\/www.salgadonoticias.com\/index.php?rest_route=\/wp\/v2\/posts\/30007"}],"collection":[{"href":"http:\/\/www.salgadonoticias.com\/index.php?rest_route=\/wp\/v2\/posts"}],"about":[{"href":"http:\/\/www.salgadonoticias.com\/index.php?rest_route=\/wp\/v2\/types\/post"}],"author":[{"embeddable":true,"href":"http:\/\/www.salgadonoticias.com\/index.php?rest_route=\/wp\/v2\/users\/3"}],"replies":[{"embeddable":true,"href":"http:\/\/www.salgadonoticias.com\/index.php?rest_route=%2Fwp%2Fv2%2Fcomments&post=30007"}],"version-history":[{"count":4,"href":"http:\/\/www.salgadonoticias.com\/index.php?rest_route=\/wp\/v2\/posts\/30007\/revisions"}],"predecessor-version":[{"id":30032,"href":"http:\/\/www.salgadonoticias.com\/index.php?rest_route=\/wp\/v2\/posts\/30007\/revisions\/30032"}],"wp:featuredmedia":[{"embeddable":true,"href":"http:\/\/www.salgadonoticias.com\/index.php?rest_route=\/wp\/v2\/media\/30029"}],"wp:attachment":[{"href":"http:\/\/www.salgadonoticias.com\/index.php?rest_route=%2Fwp%2Fv2%2Fmedia&parent=30007"}],"wp:term":[{"taxonomy":"category","embeddable":true,"href":"http:\/\/www.salgadonoticias.com\/index.php?rest_route=%2Fwp%2Fv2%2Fcategories&post=30007"},{"taxonomy":"post_tag","embeddable":true,"href":"http:\/\/www.salgadonoticias.com\/index.php?rest_route=%2Fwp%2Fv2%2Ftags&post=30007"}],"curies":[{"name":"wp","href":"https:\/\/api.w.org\/{rel}","templated":true}]}}