{"id":30018,"date":"2024-10-20T00:41:00","date_gmt":"2024-10-20T05:41:00","guid":{"rendered":"https:\/\/www.salgadonoticias.com\/?p=30018"},"modified":"2024-10-21T14:32:52","modified_gmt":"2024-10-21T19:32:52","slug":"30018","status":"publish","type":"post","link":"http:\/\/www.salgadonoticias.com\/?p=30018","title":{"rendered":"VHI-SIDA, No es motivo para RECHAZAR Ingreso a SEDENA&#8230;!!!"},"content":{"rendered":"<p>Views: 4<\/p>\n<p>.<\/p>\n\n\n\n<p>La<strong> <mark style=\"background-color:rgba(0, 0, 0, 0);color:#0905c8\" class=\"has-inline-color\">Suprema Corte de Justicia<\/mark><\/strong>, mediante comunicado, <strong><mark style=\"background-color:rgba(0, 0, 0, 0);color:#cc0a0a\" class=\"has-inline-color\">DETERMIN\u00d3<\/mark><\/strong> que, conforme a los <mark style=\"background-color:#d4f061\" class=\"has-inline-color\"><strong>derechos<\/strong> de <strong>Igualdad<\/strong> y <strong>No discriminaci\u00f3n<\/strong><\/mark>, Todos los <mark style=\"background-color:#a9e8f4\" class=\"has-inline-color\"><strong>aspirantes a estudiar <\/strong>en un <strong>plantel militar<\/strong> <\/mark>del Ejercito y Fuerza A\u00e9rea,<mark style=\"background-color:rgba(0, 0, 0, 0)\" class=\"has-inline-color has-vivid-red-color\"> <strong>NO<\/strong> <strong>pueden ser<\/strong> <strong>rechazados, <\/strong>por ser portadores de <strong>VIH<\/strong><\/mark><strong>.<\/strong><\/p>\n\n\n\n<p><strong>.<\/strong><\/p>\n\n\n\n<p>Lo anterior es porque, los <mark style=\"background-color:#23f9a3\" class=\"has-inline-color\"><strong>pacientes pueden mantener controlado el virus<\/strong> y as\u00ed <strong>llevar una vida sana<\/strong> <\/mark>si siguen un tratamiento eficaz. De ah\u00ed que <mark style=\"background-color:rgba(0, 0, 0, 0);color:#b20369\" class=\"has-inline-color\"><strong>ser portador del virus<\/strong> NO IMPLICA que est\u00e9n <strong>impedidos para acceder al derecho a la educaci\u00f3n<\/strong><\/mark><mark style=\"background-color:rgba(0, 0, 0, 0);color:#e051a4\" class=\"has-inline-color\">;<\/mark> pues el diagn\u00f3stico positivo de la enfermedad no conlleva invariablemente la imposibilidad para aspirar a una especialidad a trav\u00e9s de un concurso de selecci\u00f3n.\u00a0<\/p>\n\n\n\n<p>.<\/p>\n\n\n\n<p>Adem\u00e1s, se resalta que, en <strong>M\u00e9xico,<\/strong> <strong><mark style=\"background-color:rgba(0, 0, 0, 0);color:#cb0101\" class=\"has-inline-color\">est\u00e1 prohibido imponer condiciones discriminatorias para acceder a la educaci\u00f3n<\/mark><\/strong>, sobre todo, cuando estas limitaciones est\u00e1n basadas en la salud de las personas.<\/p>\n\n\n\n<p><\/p>\n\n\n\n<p>.<\/p>\n\n\n\n<p>Esta <strong><mark style=\"background-color:#dfebf4\" class=\"has-inline-color\">RESOLUCI\u00d3N<\/mark><\/strong> esta <strong>disponible<\/strong> para quien la conozca y la <strong>haga valer.<\/strong><\/p>\n\n\n\n<p>.<\/p>\n\n\n\n<p class=\"wp-embed-aspect-16-9 wp-has-aspect-ratio\">Si estas en el <strong><mark style=\"background-color:rgba(0, 0, 0, 0)\" class=\"has-inline-color has-vivid-red-color\">Extranjero <\/mark><\/strong>nosotros somos tu <strong><mark style=\"background-color:rgba(0, 0, 0, 0)\" class=\"has-inline-color has-vivid-green-cyan-color\">mejor<\/mark><\/strong> alternativa para <strong><mark style=\"background-color:rgba(0, 0, 0, 0)\" class=\"has-inline-color has-luminous-vivid-orange-color\">velar<\/mark><\/strong> por tus <strong><mark style=\"background-color:rgba(0, 0, 0, 0)\" class=\"has-inline-color has-vivid-cyan-blue-color\">intereses<\/mark><\/strong>, escr\u00edbenos o ll\u00e1manos al Tel <strong>55581-11311<\/strong>.<\/p>\n\n\n\n<p>Cuando<strong> necesites<\/strong> ayuda, <strong>asistencia<\/strong> o <strong>planeaci\u00f3n<\/strong> legal, <strong>solicita<\/strong> <strong>Cita Privada<\/strong> <a rel=\"noreferrer noopener\" href=\"mailto:bi@sm99.mx\" target=\"_blank\"><strong>Aqu\u00ed<\/strong><\/a><\/p>\n\n\n\n<p>La informaci\u00f3n que AQU\u00cd te presentamos <strong>deriva<\/strong> de los <strong>Peri\u00f3dicos Oficiales <\/strong>de la<strong> CdMx<\/strong>, <strong>Estado<\/strong> de Mex., Diario <strong>Oficial<\/strong> de la Federaci\u00f3n, Suprema Corte de<strong> Justicia<\/strong> de la Naci\u00f3n, por lo tanto es de <strong>aplicaci\u00f3n OBLIGATORIA<\/strong><\/p>\n\n\n\n<p>La <strong>informaci\u00f3n<\/strong> de hoy procede de la Suprema Corte de Justicia<\/p>\n\n\n\n<p><strong><mark style=\"background-color:rgba(0, 0, 0, 0)\" class=\"has-inline-color has-luminous-vivid-orange-color\">AY\u00daDANOS<\/mark><\/strong> para que m\u00e1s personas conozcan esta informaci\u00f3n, <strong>Comp\u00e1rtelo<\/strong> en tus redes sociales.<\/p>\n","protected":false},"excerpt":{"rendered":"<p>Views: 4 . La Suprema Corte de Justicia, mediante comunicado, DETERMIN\u00d3 que, conforme a los derechos de Igualdad y No discriminaci\u00f3n, Todos los aspirantes a estudiar en un plantel militar del Ejercito y Fuerza A\u00e9rea, NO pueden ser rechazados, por ser portadores de VIH. . Lo anterior es porque, los pacientes pueden mantener controlado el [&hellip;]<\/p>\n","protected":false},"author":3,"featured_media":30021,"comment_status":"closed","ping_status":"open","sticky":false,"template":"","format":"standard","meta":{"_jetpack_memberships_contains_paid_content":false,"footnotes":""},"categories":[4],"tags":[],"jetpack_sharing_enabled":true,"jetpack_featured_media_url":"http:\/\/www.salgadonoticias.com\/wp-content\/uploads\/2024\/10\/VIH.avif","_links":{"self":[{"href":"http:\/\/www.salgadonoticias.com\/index.php?rest_route=\/wp\/v2\/posts\/30018"}],"collection":[{"href":"http:\/\/www.salgadonoticias.com\/index.php?rest_route=\/wp\/v2\/posts"}],"about":[{"href":"http:\/\/www.salgadonoticias.com\/index.php?rest_route=\/wp\/v2\/types\/post"}],"author":[{"embeddable":true,"href":"http:\/\/www.salgadonoticias.com\/index.php?rest_route=\/wp\/v2\/users\/3"}],"replies":[{"embeddable":true,"href":"http:\/\/www.salgadonoticias.com\/index.php?rest_route=%2Fwp%2Fv2%2Fcomments&post=30018"}],"version-history":[{"count":3,"href":"http:\/\/www.salgadonoticias.com\/index.php?rest_route=\/wp\/v2\/posts\/30018\/revisions"}],"predecessor-version":[{"id":30051,"href":"http:\/\/www.salgadonoticias.com\/index.php?rest_route=\/wp\/v2\/posts\/30018\/revisions\/30051"}],"wp:featuredmedia":[{"embeddable":true,"href":"http:\/\/www.salgadonoticias.com\/index.php?rest_route=\/wp\/v2\/media\/30021"}],"wp:attachment":[{"href":"http:\/\/www.salgadonoticias.com\/index.php?rest_route=%2Fwp%2Fv2%2Fmedia&parent=30018"}],"wp:term":[{"taxonomy":"category","embeddable":true,"href":"http:\/\/www.salgadonoticias.com\/index.php?rest_route=%2Fwp%2Fv2%2Fcategories&post=30018"},{"taxonomy":"post_tag","embeddable":true,"href":"http:\/\/www.salgadonoticias.com\/index.php?rest_route=%2Fwp%2Fv2%2Ftags&post=30018"}],"curies":[{"name":"wp","href":"https:\/\/api.w.org\/{rel}","templated":true}]}}