{"id":30033,"date":"2024-10-21T00:57:00","date_gmt":"2024-10-21T05:57:00","guid":{"rendered":"https:\/\/www.salgadonoticias.com\/?p=30033"},"modified":"2024-10-21T16:03:31","modified_gmt":"2024-10-21T21:03:31","slug":"30033","status":"publish","type":"post","link":"http:\/\/www.salgadonoticias.com\/?p=30033","title":{"rendered":"Amparos contra NUEVA prohibici\u00f3n para RENTAR en A&amp;B Compete a Tribunales COLEGIADOS&#8230;!!!"},"content":{"rendered":"<p>Views: 11<\/p>\n<p>.<\/p>\n\n\n\n<figure class=\"wp-block-embed is-type-video is-provider-youtube wp-block-embed-youtube wp-embed-aspect-16-9 wp-has-aspect-ratio\"><div class=\"wp-block-embed__wrapper\">\n<iframe loading=\"lazy\" title=\"Amparos contra NUEVA prohibici\u00f3n para RENTAR en A&amp;B Competente a Tribunales COLEGIADOS...!!!\" width=\"640\" height=\"360\" src=\"https:\/\/www.youtube.com\/embed\/71r01GilQdI?feature=oembed\" frameborder=\"0\" allow=\"accelerometer; autoplay; clipboard-write; encrypted-media; gyroscope; picture-in-picture; web-share\" referrerpolicy=\"strict-origin-when-cross-origin\" allowfullscreen><\/iframe>\n<\/div><\/figure>\n\n\n\n<p>.<\/p>\n\n\n\n<p>Este <strong>Antecedente:<\/strong><\/p>\n\n\n\n<p>Surge despu\u00e9s de que una persona de una asociaci\u00f3n de vecinos <strong><mark style=\"background-color:rgba(0, 0, 0, 0)\" class=\"has-inline-color has-luminous-vivid-orange-color\">impugn\u00f3<\/mark><\/strong> mediante un Amparo la <strong><mark style=\"background-color:rgba(0, 0, 0, 0);color:#048254\" class=\"has-inline-color\">decisi\u00f3n de <\/mark><\/strong><mark style=\"background-color:#0693e3\" class=\"has-inline-color has-black-color\"><strong>prohibir el arrendamiento de casas mediante plataformas digitales<\/strong>.<\/mark> <\/p>\n\n\n\n<p>El <strong>Juez<\/strong> de Distrito <mark style=\"background-color:#fbcad6\" class=\"has-inline-color\"><strong>desech\u00f3<\/strong><\/mark><mark style=\"background-color:#ffffff\" class=\"has-inline-color\">, argumentando que los <\/mark><mark style=\"background-color:#fbcad6\" class=\"has-inline-color\"><strong>actos no eran atribuibles a autoridades<\/strong><\/mark>. Por lo que, dicha <em><strong>quejosa<\/strong><\/em> interpuso un recurso de queja, que fue turnado a un Tribunal Colegiado en Materia Civil y este tribunal <strong>declin\u00f3 la competencia a un Tribunal Colegiado en Materia Administrativa<\/strong>, el cual tambi\u00e9n rechaz\u00f3 la competencia y <strong><mark style=\"background-color:#cf2e2e\" class=\"has-inline-color\">remiti\u00f3<\/mark><\/strong> el asunto a la <strong><mark style=\"background-color:#ff6900\" class=\"has-inline-color\">Suprema Corte<\/mark><\/strong> para resolver el conflicto.<\/p>\n\n\n\n<p>.<\/p>\n\n\n\n<p>la <strong><mark style=\"background-color:rgba(0, 0, 0, 0);color:#09027c\" class=\"has-inline-color\">Suprema Corte de Justicia<\/mark><\/strong> ante lo anterior <strong><mark style=\"background-color:rgba(0, 0, 0, 0);color:#af0404\" class=\"has-inline-color\">DETERMIN\u00d3<\/mark> <\/strong>que la <mark style=\"background-color:#a9f8d8\" class=\"has-inline-color\"><strong>competencia <\/strong>para <strong>resolver<\/strong> AMPAROS relacionados con actos de una <strong>asociaci\u00f3n de vecinos en un r\u00e9gimen de propiedad en condominio<\/strong> es de los <strong>Tribunales Colegiado en Materia Civil<\/strong><\/mark>, debido a la <strong><mark style=\"background-color:rgba(0, 0, 0, 0);color:#dc013d\" class=\"has-inline-color\">afinidad con la regulaci\u00f3n de la propiedad en condominio<\/mark><\/strong>. <\/p>\n\n\n\n<p>Por lo tanto, ellos son los que debe conocer del <strong>recurso de queja<\/strong> contra el <strong><mark style=\"background-color:rgba(0, 0, 0, 0)\" class=\"has-inline-color has-vivid-red-color\">desechamiento de una demanda de amparo<\/mark><\/strong>.<\/p>\n\n\n\n<p>.<\/p>\n\n\n\n<p>La justificaci\u00f3n de la <strong>SCJN<\/strong> es que los actos relacionados con las <strong><mark style=\"background-color:#d4f2ac\" class=\"has-inline-color\">reglas de convivencia en un condominio, como prohibir el arrendamiento de casas mediante plataformas digitales y restringir el acceso a inquilinos o hu\u00e9spedes, son de naturaleza civil<\/mark><\/strong>. Seg\u00fan la jurisprudencia P.\/J. 13\/2020 (10a.), y la <strong><mark style=\"background-color:rgba(0, 0, 0, 0);color:#480289\" class=\"has-inline-color\">competencia para conocer un recurso de queja contra el desechamiento de una demanda de amparo por un Juez de Distrito con competencia mixta corresponde al Tribunal Colegiado de Circuito especializado<\/mark><\/strong> en la materia del acto reclamado. Por lo tanto, un Tribunal Colegiado en Materia Civil debe conocer del recurso de queja interpuesto contra el desechamiento de una demanda de amparo indirecto relacionada con actos de una asamblea de vecinos y otras autoridades del condominio.<\/p>\n\n\n\n<p>.<\/p>\n\n\n\n<p>Esta <strong><mark style=\"background-color:#f49df0\" class=\"has-inline-color\">Resoluci\u00f3n<\/mark> <\/strong>es de <strong>aplicaci\u00f3n <mark style=\"background-color:rgba(0, 0, 0, 0);color:#8f0202\" class=\"has-inline-color\">OBLIGATORIA<\/mark> <\/strong>en todo el Pa\u00eds a partir de esta semana.<\/p>\n\n\n\n<p><strong><mark style=\"background-color:rgba(0, 0, 0, 0);color:#b1056f\" class=\"has-inline-color\">Jurisprudencia COM\u00daN<\/mark><\/strong><\/p>\n\n\n\n<p>.<\/p>\n\n\n\n<p class=\"wp-embed-aspect-16-9 wp-has-aspect-ratio\">Si estas en el <strong><mark style=\"background-color:rgba(0, 0, 0, 0)\" class=\"has-inline-color has-vivid-red-color\">Extranjero <\/mark><\/strong>nosotros somos tu <strong><mark style=\"background-color:rgba(0, 0, 0, 0)\" class=\"has-inline-color has-vivid-green-cyan-color\">mejor<\/mark><\/strong> alternativa para <strong><mark style=\"background-color:rgba(0, 0, 0, 0)\" class=\"has-inline-color has-luminous-vivid-orange-color\">velar<\/mark><\/strong> por tus <strong><mark style=\"background-color:rgba(0, 0, 0, 0)\" class=\"has-inline-color has-vivid-cyan-blue-color\">intereses<\/mark><\/strong>, escr\u00edbenos o ll\u00e1manos al Tel <strong>55581-11311<\/strong>.<\/p>\n\n\n\n<p>Cuando<strong> necesites<\/strong> ayuda, <strong>asistencia<\/strong> o <strong>planeaci\u00f3n<\/strong> legal, <strong>solicita<\/strong> <strong>Cita Privada<\/strong> <a rel=\"noreferrer noopener\" href=\"mailto:bi@sm99.mx\" target=\"_blank\"><strong>Aqu\u00ed<\/strong><\/a><\/p>\n\n\n\n<p>La informaci\u00f3n que AQU\u00cd te presentamos <strong>deriva<\/strong> de los <strong>Peri\u00f3dicos Oficiales <\/strong>de la<strong> CdMx<\/strong>, <strong>Estado<\/strong> de Mex., Diario <strong>Oficial<\/strong> de la Federaci\u00f3n, Suprema Corte de<strong> Justicia<\/strong> de la Naci\u00f3n, por lo tanto es de <strong>aplicaci\u00f3n OBLIGATORIA<\/strong><\/p>\n\n\n\n<p>La <strong>informaci\u00f3n<\/strong> de hoy procede de la Suprema Corte de Justicia<\/p>\n\n\n\n<p><strong><mark style=\"background-color:rgba(0, 0, 0, 0)\" class=\"has-inline-color has-luminous-vivid-orange-color\">AY\u00daDANOS<\/mark><\/strong> para que m\u00e1s personas conozcan esta informaci\u00f3n, <strong>Comp\u00e1rtelo<\/strong> en tus redes sociales.<\/p>\n","protected":false},"excerpt":{"rendered":"<p>Views: 11 . . Este Antecedente: Surge despu\u00e9s de que una persona de una asociaci\u00f3n de vecinos impugn\u00f3 mediante un Amparo la decisi\u00f3n de prohibir el arrendamiento de casas mediante plataformas digitales. El Juez de Distrito desech\u00f3, argumentando que los actos no eran atribuibles a autoridades. Por lo que, dicha quejosa interpuso un recurso de [&hellip;]<\/p>\n","protected":false},"author":3,"featured_media":30039,"comment_status":"closed","ping_status":"open","sticky":false,"template":"","format":"standard","meta":{"_jetpack_memberships_contains_paid_content":false,"footnotes":""},"categories":[4],"tags":[],"jetpack_sharing_enabled":true,"jetpack_featured_media_url":"http:\/\/www.salgadonoticias.com\/wp-content\/uploads\/2024\/10\/DEPTOS.jpg","_links":{"self":[{"href":"http:\/\/www.salgadonoticias.com\/index.php?rest_route=\/wp\/v2\/posts\/30033"}],"collection":[{"href":"http:\/\/www.salgadonoticias.com\/index.php?rest_route=\/wp\/v2\/posts"}],"about":[{"href":"http:\/\/www.salgadonoticias.com\/index.php?rest_route=\/wp\/v2\/types\/post"}],"author":[{"embeddable":true,"href":"http:\/\/www.salgadonoticias.com\/index.php?rest_route=\/wp\/v2\/users\/3"}],"replies":[{"embeddable":true,"href":"http:\/\/www.salgadonoticias.com\/index.php?rest_route=%2Fwp%2Fv2%2Fcomments&post=30033"}],"version-history":[{"count":7,"href":"http:\/\/www.salgadonoticias.com\/index.php?rest_route=\/wp\/v2\/posts\/30033\/revisions"}],"predecessor-version":[{"id":30054,"href":"http:\/\/www.salgadonoticias.com\/index.php?rest_route=\/wp\/v2\/posts\/30033\/revisions\/30054"}],"wp:featuredmedia":[{"embeddable":true,"href":"http:\/\/www.salgadonoticias.com\/index.php?rest_route=\/wp\/v2\/media\/30039"}],"wp:attachment":[{"href":"http:\/\/www.salgadonoticias.com\/index.php?rest_route=%2Fwp%2Fv2%2Fmedia&parent=30033"}],"wp:term":[{"taxonomy":"category","embeddable":true,"href":"http:\/\/www.salgadonoticias.com\/index.php?rest_route=%2Fwp%2Fv2%2Fcategories&post=30033"},{"taxonomy":"post_tag","embeddable":true,"href":"http:\/\/www.salgadonoticias.com\/index.php?rest_route=%2Fwp%2Fv2%2Ftags&post=30033"}],"curies":[{"name":"wp","href":"https:\/\/api.w.org\/{rel}","templated":true}]}}