{"id":30064,"date":"2024-10-22T00:30:00","date_gmt":"2024-10-22T05:30:00","guid":{"rendered":"https:\/\/www.salgadonoticias.com\/?p=30064"},"modified":"2024-10-22T12:52:07","modified_gmt":"2024-10-22T17:52:07","slug":"30064","status":"publish","type":"post","link":"http:\/\/www.salgadonoticias.com\/?p=30064","title":{"rendered":"Procede Recurso de Queja por Retraso en Sentencia de Amparo Indirecto&#8230;!!!"},"content":{"rendered":"<p>Views: 14<\/p>\n<p>.<\/p>\n\n\n\n<p>Este <strong>ANTECEDENTE:<\/strong><\/p>\n\n\n\n<p><strong>Surge <\/strong>luego que, Dos Juzgados de Distrito <strong><mark style=\"background-color:rgba(0, 0, 0, 0);color:#01a86a\" class=\"has-inline-color\">no dictaron sentencia en la audiencia constitucional de juicios de amparo indirecto<\/mark><\/strong>, lo que llev\u00f3 a las <strong>partes afectadas<\/strong> a presentar recursos de queja. Pero los <em><u>Tribunales Colegiados<\/u><\/em> tuvieron opiniones diferentes sobre si estos recursos eran procedentes.<\/p>\n\n\n\n<p>En el <strong><mark style=\"background-color:#f3c74c\" class=\"has-inline-color has-black-color\">1er. caso, pasaron 6 meses<\/mark><\/strong><mark style=\"background-color:rgba(0, 0, 0, 0)\" class=\"has-inline-color has-luminous-vivid-amber-color\"> <\/mark>desde la audiencia hasta la presentaci\u00f3n del recurso de queja, pero el <em><u>Tribunal Colegiado<\/u><\/em> <strong>rechaz\u00f3<\/strong> el <strong>recurso <\/strong>debido a que la <em><u>ley NO menciona expl\u00edcitamente que la omisi\u00f3n de dictar sentencia sea un motivo v\u00e1lido para la queja<\/u><\/em>.<\/p>\n\n\n\n<p>En el <mark style=\"background-color:#b7babd\" class=\"has-inline-color\"><strong>2do. caso<\/strong>, SOLO hab\u00edan pasaron <strong>ocho d\u00edas<\/strong><\/mark> ENTRE la <strong>audiencia y la presentaci\u00f3n<\/strong> del recurso de <strong>queja<\/strong>. Pero el Tribunal Colegiado <strong>declar\u00f3<\/strong> que el <strong>recurso era innecesario<\/strong> esto porque el <em><u>Juzgado de Distrito<\/u><\/em> <strong>dict\u00f3 sentencia despu\u00e9s de que se present\u00f3 la queja<\/strong>. A pesar de esto, el Tribunal se\u00f1al\u00f3 que la queja s\u00ed ser\u00eda procedente en casos de omisi\u00f3n de dictar sentencia.<\/p>\n\n\n\n<p>.<\/p>\n\n\n\n<p>La <strong><mark style=\"background-color:rgba(0, 0, 0, 0);color:#4807e3\" class=\"has-inline-color\">Suprema Corte de Justicia<\/mark> <\/strong>ante lo anterior <strong><mark style=\"background-color:rgba(0, 0, 0, 0);color:#bf0909\" class=\"has-inline-color\">DETERMIN\u00d3<\/mark> <\/strong>que es <mark style=\"background-color:#dbf7aa\" class=\"has-inline-color\"><strong>PROCEDENTE<\/strong> el <strong>recurso de queja<\/strong><\/mark>, esto conforme al art. 97, fracc I, inciso e), de la Ley de Amparo, <mark style=\"background-color:#f8cbd6\" class=\"has-inline-color\"><strong>CONTRA<\/strong> la <strong>omisi\u00f3n de dictar sentencia<\/strong> en Amparo indirecto, <strong>cuando han transcurrido 90 d\u00edas<\/strong> desde que el <strong>expediente estuvo completo y listo para resoluci\u00f3n.<\/strong><\/mark><\/p>\n\n\n\n<p>.<\/p>\n\n\n\n<p>La justificaci\u00f3n de la <mark style=\"background-color:rgba(0, 0, 0, 0);color:#5e07e3\" class=\"has-inline-color\"><strong>SCJN<\/strong><\/mark> es que, la Ley de Amparo <mark style=\"background-color:rgba(0, 0, 0, 0)\" class=\"has-inline-color has-luminous-vivid-orange-color\"><strong>no prev\u00e9 un plazo para emitir sentencia<\/strong> <\/mark><mark style=\"background-color:rgba(0, 0, 0, 0)\" class=\"has-inline-color has-black-color\">dentro de un juicio de amparo indirecto<\/mark><mark style=\"background-color:rgba(0, 0, 0, 0)\" class=\"has-inline-color has-luminous-vivid-orange-color\"> <strong>cuando no se dicta el mismo d\u00eda en que se celebr\u00f3 la audiencia<\/strong> <\/mark><mark style=\"background-color:rgba(0, 0, 0, 0)\" class=\"has-inline-color has-black-color\">constitucional. A diferencia del amparo indirecto, el art\u00edculo 183 de la se\u00f1alada ley<\/mark><mark style=\"background-color:rgba(0, 0, 0, 0)\" class=\"has-inline-color has-luminous-vivid-orange-color\"> <strong>S\u00cd establece un plazo de noventa d\u00edas para el dictado de la sentencia<\/strong><\/mark> de amparo directo.<\/p>\n\n\n\n<p>Y este <mark style=\"background-color:#d2e9f7\" class=\"has-inline-color\">PLAZO <strong>representa una referencia razonable<\/strong> para <strong>determinar en qu\u00e9 momento se actualiza una omisi\u00f3n de dictar sentencia<\/strong> TANTO para el <strong>amparo<\/strong><\/mark><mark style=\"background-color:#ffffff\" class=\"has-inline-color\"> directo como el <\/mark><mark style=\"background-color:#d2e9f7\" class=\"has-inline-color\"><strong>indirecto<\/strong>.<\/mark><mark style=\"background-color:#ffffff\" class=\"has-inline-color\"> Y considerar lo contrario, esto es, que los <\/mark><mark style=\"background-color:#d2e9f7\" class=\"has-inline-color\"><strong>Juzgados de Distrito no cuentan con un plazo para dictar las sentencias en los amparos indirectos<\/strong>, <strong>VULNERA el Derecho Humano a la protecci\u00f3n judicial efectiva<\/strong><\/mark> previsto en el art\u00edculo 25 de la Convenci\u00f3n Americana sobre Derechos Humanos y el art\u00edculo 17 de la Constituci\u00f3n.<\/p>\n\n\n\n<p>Por tanto, en atenci\u00f3n a lo expuesto, <mark style=\"background-color:rgba(0, 0, 0, 0)\" class=\"has-inline-color has-vivid-red-color\"><strong>procede el recurso de queja<\/strong><\/mark><mark style=\"background-color:rgba(0, 0, 0, 0)\" class=\"has-inline-color has-black-color\"> es cual est\u00e1 previsto en el art\u00edculo 97, fracc. I, inciso e), de la Ley de Amparo, esto cuando se <\/mark><mark style=\"background-color:rgba(0, 0, 0, 0)\" class=\"has-inline-color has-vivid-red-color\"><strong>impugna una dilaci\u00f3n de los Juzgados de Distrito de emitir sentencia<\/strong><\/mark> en el juicio de amparo indirecto y han transcurrido noventa d\u00edas de esa omisi\u00f3n.<\/p>\n\n\n\n<p>Pero, <em>si al recibir el recurso el Tribunal Colegiado<\/em> <mark style=\"background-color:rgba(0, 0, 0, 0);color:#6203bb\" class=\"has-inline-color\"><strong>advierte que no ha transcurrido este plazo<\/strong>, se <strong>podr\u00e1 desechar<\/strong> de plano <strong>la queja<\/strong> al <strong>no existir todav\u00eda la omisi\u00f3n atribuida<\/strong><\/mark> al \u00f3rgano jurisdiccional de amparo. De igual forma, deber\u00e1 analizar caso por caso si el retraso en el dictado de la resoluci\u00f3n est\u00e1 justificado o no.<\/p>\n\n\n\n<p>.<\/p>\n\n\n\n<p>Esta <strong><mark style=\"background-color:#dcc5f1\" class=\"has-inline-color has-black-color\">RESOLUCI\u00d3N<\/mark> <\/strong>es de <strong>aplicaci\u00f3n <mark style=\"background-color:rgba(0, 0, 0, 0);color:#940101\" class=\"has-inline-color\">OBLIGATORIA<\/mark> <\/strong>en todo el pa\u00eds a partir de esta semana<\/p>\n\n\n\n<p><strong><mark style=\"background-color:rgba(0, 0, 0, 0);color:#480389\" class=\"has-inline-color\">Jurisprudencia COM\u00daN.<\/mark><\/strong><\/p>\n\n\n\n<p>.<\/p>\n\n\n\n<p class=\"wp-embed-aspect-16-9 wp-has-aspect-ratio\">Si estas en el <strong><mark style=\"background-color:rgba(0, 0, 0, 0)\" class=\"has-inline-color has-vivid-red-color\">Extranjero <\/mark><\/strong>nosotros somos tu <strong><mark style=\"background-color:rgba(0, 0, 0, 0)\" class=\"has-inline-color has-vivid-green-cyan-color\">mejor<\/mark><\/strong> alternativa para <strong><mark style=\"background-color:rgba(0, 0, 0, 0)\" class=\"has-inline-color has-luminous-vivid-orange-color\">velar<\/mark><\/strong> por tus <strong><mark style=\"background-color:rgba(0, 0, 0, 0)\" class=\"has-inline-color has-vivid-cyan-blue-color\">intereses<\/mark><\/strong>, escr\u00edbenos o ll\u00e1manos al Tel <strong>55581-11311<\/strong>.<\/p>\n\n\n\n<p>Cuando<strong> necesites<\/strong> ayuda, <strong>asistencia<\/strong> o <strong>planeaci\u00f3n<\/strong> legal, <strong>solicita<\/strong> <strong>Cita Privada<\/strong> <a rel=\"noreferrer noopener\" href=\"mailto:bi@sm99.mx\" target=\"_blank\"><strong>Aqu\u00ed<\/strong><\/a><\/p>\n\n\n\n<p>La informaci\u00f3n que AQU\u00cd te presentamos <strong>deriva<\/strong> de los <strong>Peri\u00f3dicos Oficiales <\/strong>de la<strong> CdMx<\/strong>, <strong>Estado<\/strong> de Mex., Diario <strong>Oficial<\/strong> de la Federaci\u00f3n, Suprema Corte de<strong> Justicia<\/strong> de la Naci\u00f3n, por lo tanto es de <strong>aplicaci\u00f3n OBLIGATORIA<\/strong><\/p>\n\n\n\n<p>La <strong>informaci\u00f3n<\/strong> de hoy procede de la Suprema Corte de Justicia<\/p>\n\n\n\n<p><strong><mark style=\"background-color:rgba(0, 0, 0, 0)\" class=\"has-inline-color has-luminous-vivid-orange-color\">AY\u00daDANOS<\/mark><\/strong> para que m\u00e1s personas conozcan esta informaci\u00f3n, <strong>Comp\u00e1rtelo<\/strong> en tus redes sociales.<\/p>\n","protected":false},"excerpt":{"rendered":"<p>Views: 14 . Este ANTECEDENTE: Surge luego que, Dos Juzgados de Distrito no dictaron sentencia en la audiencia constitucional de juicios de amparo indirecto, lo que llev\u00f3 a las partes afectadas a presentar recursos de queja. Pero los Tribunales Colegiados tuvieron opiniones diferentes sobre si estos recursos eran procedentes. En el 1er. caso, pasaron 6 [&hellip;]<\/p>\n","protected":false},"author":3,"featured_media":30072,"comment_status":"closed","ping_status":"open","sticky":false,"template":"","format":"standard","meta":{"_jetpack_memberships_contains_paid_content":false,"footnotes":""},"categories":[4],"tags":[],"jetpack_sharing_enabled":true,"jetpack_featured_media_url":"http:\/\/www.salgadonoticias.com\/wp-content\/uploads\/2024\/10\/SENTENCIAQ.webp","_links":{"self":[{"href":"http:\/\/www.salgadonoticias.com\/index.php?rest_route=\/wp\/v2\/posts\/30064"}],"collection":[{"href":"http:\/\/www.salgadonoticias.com\/index.php?rest_route=\/wp\/v2\/posts"}],"about":[{"href":"http:\/\/www.salgadonoticias.com\/index.php?rest_route=\/wp\/v2\/types\/post"}],"author":[{"embeddable":true,"href":"http:\/\/www.salgadonoticias.com\/index.php?rest_route=\/wp\/v2\/users\/3"}],"replies":[{"embeddable":true,"href":"http:\/\/www.salgadonoticias.com\/index.php?rest_route=%2Fwp%2Fv2%2Fcomments&post=30064"}],"version-history":[{"count":7,"href":"http:\/\/www.salgadonoticias.com\/index.php?rest_route=\/wp\/v2\/posts\/30064\/revisions"}],"predecessor-version":[{"id":30078,"href":"http:\/\/www.salgadonoticias.com\/index.php?rest_route=\/wp\/v2\/posts\/30064\/revisions\/30078"}],"wp:featuredmedia":[{"embeddable":true,"href":"http:\/\/www.salgadonoticias.com\/index.php?rest_route=\/wp\/v2\/media\/30072"}],"wp:attachment":[{"href":"http:\/\/www.salgadonoticias.com\/index.php?rest_route=%2Fwp%2Fv2%2Fmedia&parent=30064"}],"wp:term":[{"taxonomy":"category","embeddable":true,"href":"http:\/\/www.salgadonoticias.com\/index.php?rest_route=%2Fwp%2Fv2%2Fcategories&post=30064"},{"taxonomy":"post_tag","embeddable":true,"href":"http:\/\/www.salgadonoticias.com\/index.php?rest_route=%2Fwp%2Fv2%2Ftags&post=30064"}],"curies":[{"name":"wp","href":"https:\/\/api.w.org\/{rel}","templated":true}]}}