{"id":30123,"date":"2024-10-28T01:00:00","date_gmt":"2024-10-28T07:00:00","guid":{"rendered":"https:\/\/www.salgadonoticias.com\/?p=30123"},"modified":"2024-10-28T12:00:56","modified_gmt":"2024-10-28T18:00:56","slug":"30123","status":"publish","type":"post","link":"http:\/\/www.salgadonoticias.com\/?p=30123","title":{"rendered":"Es Legal MULTAR Pr\u00e1cticas Enga\u00f1osas DE Venta&#8230;!!!"},"content":{"rendered":"<p>Views: 4<\/p>\n<p>.<\/p>\n\n\n\n<p>Este <strong><mark style=\"background-color:rgba(0, 0, 0, 0);color:#440480\" class=\"has-inline-color\">Antecedente<\/mark><\/strong>:<\/p>\n\n\n\n<p><strong>Surge<\/strong> despu\u00e9s de que <mark style=\"background-color:#ff6900\" class=\"has-inline-color\">una empresa fuera <strong>multada<\/strong><\/mark> por la <strong>PROFECO<\/strong> por <mark style=\"background-color:rgba(0, 0, 0, 0);color:#a24605\" class=\"has-inline-color\"><strong>NO proporcionar informaci\u00f3n clara y suficiente<\/strong> <\/mark><mark style=\"background-color:rgba(0, 0, 0, 0)\" class=\"has-inline-color has-black-color\">sobre sus bienes y<\/mark><mark style=\"background-color:rgba(0, 0, 0, 0);color:#a24605\" class=\"has-inline-color\"> <strong>servicios<\/strong>. <\/mark><\/p>\n\n\n\n<p><mark style=\"background-color:rgba(0, 0, 0, 0)\" class=\"has-inline-color has-black-color\">La empresa <\/mark><mark style=\"background-color:#fcb900\" class=\"has-inline-color\"><strong>impugn\u00f3<\/strong> esta <strong>decisi\u00f3n<\/strong><\/mark><mark style=\"background-color:rgba(0, 0, 0, 0);color:#a24605\" class=\"has-inline-color\"> <\/mark><mark style=\"background-color:rgba(0, 0, 0, 0)\" class=\"has-inline-color has-black-color\">ante el <em><u>Tribunal Federal de Justicia Administrativa<\/u><\/em>, <\/mark><mark style=\"background-color:rgba(0, 0, 0, 0)\" class=\"has-inline-color has-vivid-red-color\">que <strong>confirm\u00f3<\/strong><\/mark><mark style=\"background-color:rgba(0, 0, 0, 0);color:#a24605\" class=\"has-inline-color\"><strong> la validez de la multa<\/strong>. <\/mark><\/p>\n\n\n\n<p><mark style=\"background-color:rgba(0, 0, 0, 0)\" class=\"has-inline-color has-black-color\"><strong>Posteriormente<\/strong>, la quejosa promovi\u00f3 un <\/mark><mark style=\"background-color:rgba(0, 0, 0, 0);color:#a24605\" class=\"has-inline-color\"><strong>amparo<\/strong> <\/mark><mark style=\"background-color:rgba(0, 0, 0, 0)\" class=\"has-inline-color has-black-color\">directo contra la <\/mark><mark style=\"background-color:rgba(0, 0, 0, 0);color:#a24605\" class=\"has-inline-color\"><strong>constitucionalidad<\/strong><\/mark><mark style=\"background-color:rgba(0, 0, 0, 0)\" class=\"has-inline-color has-black-color\"> del<\/mark><mark style=\"background-color:rgba(0, 0, 0, 0);color:#a24605\" class=\"has-inline-color\"> <strong>art\u00edculo que proh\u00edbe pr\u00e1cticas comerciales enga\u00f1osas y estrategias de venta sin informaci\u00f3n clara<\/strong><\/mark>, pero nuevamente se le neg\u00f3, por lo que interpuso <strong>un recurso<\/strong> de <mark style=\"background-color:#cf2e2e\" class=\"has-inline-color\">revisi\u00f3n<\/mark>.<\/p>\n\n\n\n<p>.<\/p>\n\n\n\n<p>La <strong><mark style=\"background-color:rgba(0, 0, 0, 0);color:#1c039e\" class=\"has-inline-color\">Suprema Corte de Justicia<\/mark> <\/strong>a trav\u00e9s de la Segunda Sala <strong><mark style=\"background-color:rgba(0, 0, 0, 0);color:#890303\" class=\"has-inline-color\">DETERMINO <\/mark><\/strong>que el <mark style=\"background-color:#f2d3d3\" class=\"has-inline-color\"><strong>art\u00edculo 76 Bis, fracc. IV y VII,<\/strong> de la <em>Ley Federal de Protecci\u00f3n al Consumidor<\/em><\/mark>, es <strong><mark style=\"background-color:#2ff623\" class=\"has-inline-color\">LEGAL<\/mark><\/strong> por lo que <mark style=\"background-color:rgba(0, 0, 0, 0);color:#ca5604\" class=\"has-inline-color\"><strong>NO se viola el derecho a la seguridad jur\u00eddica<\/strong>.<\/mark><\/p>\n\n\n\n<p>Este art\u00edculo establece obligaciones para los proveedores de servicios, espec\u00edficamente:<\/p>\n\n\n\n<ul>\n<li><mark style=\"background-color:#f7b280\" class=\"has-inline-color\"><strong>Fracci\u00f3n IV<\/strong>: Prohibir <strong>pr\u00e1cticas comerciales enga\u00f1osas.<\/strong><\/mark><\/li>\n\n\n\n<li><mark style=\"background-color:#9dd1f1\" class=\"has-inline-color\"><strong>Fracci\u00f3n VII<\/strong>: Prohibir el <strong>uso de estrategias de venta o publicitarias que no proporcionen informaci\u00f3n clara y suficiente sobre los servicios ofrecidos.<\/strong><\/mark><\/li>\n<\/ul>\n\n\n\n<p><strong>Estas disposiciones son<\/strong> <mark style=\"background-color:#ff6900\" class=\"has-inline-color\">claras y precisas<\/mark>, permitiendo a los proveedores <mark style=\"background-color:#fcb900\" class=\"has-inline-color\">conocer las conductas prohibidas y ajustar sus pr\u00e1cticas comerciales<\/mark> para evitar multas.<\/p>\n\n\n\n<p>.<\/p>\n\n\n\n<p>La justificaci\u00f3n de la <strong><mark style=\"background-color:rgba(0, 0, 0, 0);color:#200590\" class=\"has-inline-color\">SCJN<\/mark> <\/strong>es que <strong>la falta de un definici\u00f3n jur\u00eddica<\/strong> que refieran las<mark style=\"background-color:rgba(0, 0, 0, 0)\" class=\"has-inline-color has-vivid-red-color\"> <strong>Obligaciones<\/strong><\/mark> de los <em><u>comercializadores<\/u><\/em> de <mark style=\"background-color:#f78da7\" class=\"has-inline-color\"><strong>EVITAR<\/strong> &#8220;<em><u>pr\u00e1cticas comerciales enga\u00f1osas&#8221; y el uso de &#8220;estrategias de venta o publicitarias que NO proporcionen al consumidor informaci\u00f3n clara y suficiente sobre los servicios ofrecidos<\/u><\/em>&#8220;<\/mark>, <mark style=\"background-color:rgba(0, 0, 0, 0);color:#1d078c\" class=\"has-inline-color\"><strong>NO genera incertidumbre<\/strong> ya que estas <strong>obligaciones <\/strong><\/mark>deben entenderse seg\u00fan su significado y contexto. <\/p>\n\n\n\n<p>Por lo que <mark style=\"background-color:#fcb900\" class=\"has-inline-color\">los proveedores deben proporcionar informaci\u00f3n clara y completa para que los consumidores comprendan los bienes y servicios ofrecidos<\/mark>.<\/p>\n\n\n\n<p>Adem\u00e1s, <strong>deben poner a su disposici\u00f3n datos precisos y completos<\/strong> <strong><mark style=\"background-color:#ff6900\" class=\"has-inline-color\">para lograr el conocimiento anticipado de las condiciones generales en que se proveer\u00e1 el bien o se prestar\u00e1 el servicio<\/mark><\/strong>, as\u00ed que la <mark style=\"background-color:rgba(0, 0, 0, 0);color:#90086e\" class=\"has-inline-color\"><strong>claaridad en la informaci\u00f3n es un principio b\u00e1sico de las relaciones de consum<\/strong>o, <\/mark><mark style=\"background-color:rgba(0, 0, 0, 0)\" class=\"has-inline-color has-black-color\">por lo que el<\/mark><mark style=\"background-color:rgba(0, 0, 0, 0);color:#90086e\" class=\"has-inline-color\"> <strong>art\u00edculo mencionado se dirige a los proveedores para evitar pr\u00e1cticas enga\u00f1osas o arbitrarias.<\/strong><\/mark><\/p>\n\n\n\n<p><\/p>\n\n\n\n<p>.<\/p>\n\n\n\n<p>Esta <strong><mark style=\"background-color:#80cdfd\" class=\"has-inline-color has-black-color\">RESOLUCI\u00d3N<\/mark> <\/strong>es de <strong>aplicaci\u00f3n <mark style=\"background-color:rgba(0, 0, 0, 0);color:#b10606\" class=\"has-inline-color\">OBLIGATORIA<\/mark> <\/strong>en todo el pa\u00eds a partir de esta semana.<\/p>\n\n\n\n<p><strong><mark style=\"background-color:rgba(0, 0, 0, 0);color:#5904a9\" class=\"has-inline-color\">Jurisprudencia Constitucional-Administrativa<\/mark><\/strong><\/p>\n\n\n\n<p>.<\/p>\n\n\n\n<p class=\"wp-embed-aspect-16-9 wp-has-aspect-ratio\">Si estas en el <strong><mark style=\"background-color:rgba(0, 0, 0, 0)\" class=\"has-inline-color has-vivid-red-color\">Extranjero <\/mark><\/strong>nosotros somos tu <strong><mark style=\"background-color:rgba(0, 0, 0, 0)\" class=\"has-inline-color has-vivid-green-cyan-color\">mejor<\/mark><\/strong> alternativa para <strong><mark style=\"background-color:rgba(0, 0, 0, 0)\" class=\"has-inline-color has-luminous-vivid-orange-color\">velar<\/mark><\/strong> por tus <strong><mark style=\"background-color:rgba(0, 0, 0, 0)\" class=\"has-inline-color has-vivid-cyan-blue-color\">intereses<\/mark><\/strong>, escr\u00edbenos o ll\u00e1manos al Tel <strong>55581-11311<\/strong>.<\/p>\n\n\n\n<p>Cuando<strong> necesites<\/strong> ayuda, <strong>asistencia<\/strong> o <strong>planeaci\u00f3n<\/strong> legal, <strong>solicita<\/strong> <strong>Cita Privada<\/strong> <a rel=\"noreferrer noopener\" href=\"mailto:bi@sm99.mx\" target=\"_blank\"><strong>Aqu\u00ed<\/strong><\/a><\/p>\n\n\n\n<p>La informaci\u00f3n que AQU\u00cd te presentamos <strong>deriva<\/strong> de los <strong>Peri\u00f3dicos Oficiales <\/strong>de la<strong> CdMx<\/strong>, <strong>Estado<\/strong> de Mex., Diario <strong>Oficial<\/strong> de la Federaci\u00f3n, Suprema Corte de<strong> Justicia<\/strong> de la Naci\u00f3n, por lo tanto es de <strong>aplicaci\u00f3n OBLIGATORIA<\/strong><\/p>\n\n\n\n<p>La <strong>informaci\u00f3n<\/strong> de hoy procede de la Suprema Corte de Justicia<\/p>\n\n\n\n<p><strong><mark style=\"background-color:rgba(0, 0, 0, 0)\" class=\"has-inline-color has-luminous-vivid-orange-color\">AY\u00daDANOS<\/mark><\/strong> para que m\u00e1s personas conozcan esta informaci\u00f3n, <strong>Comp\u00e1rtelo<\/strong> en tus redes sociales.<\/p>\n","protected":false},"excerpt":{"rendered":"<p>Views: 4 . Este Antecedente: Surge despu\u00e9s de que una empresa fuera multada por la PROFECO por NO proporcionar informaci\u00f3n clara y suficiente sobre sus bienes y servicios. La empresa impugn\u00f3 esta decisi\u00f3n ante el Tribunal Federal de Justicia Administrativa, que confirm\u00f3 la validez de la multa. Posteriormente, la quejosa promovi\u00f3 un amparo directo contra [&hellip;]<\/p>\n","protected":false},"author":3,"featured_media":30127,"comment_status":"closed","ping_status":"open","sticky":false,"template":"","format":"standard","meta":{"_jetpack_memberships_contains_paid_content":false,"footnotes":""},"categories":[4],"tags":[],"jetpack_sharing_enabled":true,"jetpack_featured_media_url":"http:\/\/www.salgadonoticias.com\/wp-content\/uploads\/2024\/10\/enganosa.jpg","_links":{"self":[{"href":"http:\/\/www.salgadonoticias.com\/index.php?rest_route=\/wp\/v2\/posts\/30123"}],"collection":[{"href":"http:\/\/www.salgadonoticias.com\/index.php?rest_route=\/wp\/v2\/posts"}],"about":[{"href":"http:\/\/www.salgadonoticias.com\/index.php?rest_route=\/wp\/v2\/types\/post"}],"author":[{"embeddable":true,"href":"http:\/\/www.salgadonoticias.com\/index.php?rest_route=\/wp\/v2\/users\/3"}],"replies":[{"embeddable":true,"href":"http:\/\/www.salgadonoticias.com\/index.php?rest_route=%2Fwp%2Fv2%2Fcomments&post=30123"}],"version-history":[{"count":3,"href":"http:\/\/www.salgadonoticias.com\/index.php?rest_route=\/wp\/v2\/posts\/30123\/revisions"}],"predecessor-version":[{"id":30140,"href":"http:\/\/www.salgadonoticias.com\/index.php?rest_route=\/wp\/v2\/posts\/30123\/revisions\/30140"}],"wp:featuredmedia":[{"embeddable":true,"href":"http:\/\/www.salgadonoticias.com\/index.php?rest_route=\/wp\/v2\/media\/30127"}],"wp:attachment":[{"href":"http:\/\/www.salgadonoticias.com\/index.php?rest_route=%2Fwp%2Fv2%2Fmedia&parent=30123"}],"wp:term":[{"taxonomy":"category","embeddable":true,"href":"http:\/\/www.salgadonoticias.com\/index.php?rest_route=%2Fwp%2Fv2%2Fcategories&post=30123"},{"taxonomy":"post_tag","embeddable":true,"href":"http:\/\/www.salgadonoticias.com\/index.php?rest_route=%2Fwp%2Fv2%2Ftags&post=30123"}],"curies":[{"name":"wp","href":"https:\/\/api.w.org\/{rel}","templated":true}]}}