{"id":30147,"date":"2024-10-29T01:16:00","date_gmt":"2024-10-29T07:16:00","guid":{"rendered":"https:\/\/www.salgadonoticias.com\/?p=30147"},"modified":"2024-10-29T18:41:39","modified_gmt":"2024-10-30T00:41:39","slug":"30147","status":"publish","type":"post","link":"http:\/\/www.salgadonoticias.com\/?p=30147","title":{"rendered":"CONVENIO de Finiquito puede ser IMPUGNADO cuando carece de Aprobaci\u00f3n por Autoridad Laboral\u2026!!!"},"content":{"rendered":"<p>Views: 8<\/p>\n<p>.<\/p>\n\n\n\n<figure class=\"wp-block-embed is-type-video is-provider-youtube wp-block-embed-youtube wp-embed-aspect-16-9 wp-has-aspect-ratio\"><div class=\"wp-block-embed__wrapper\">\n<iframe loading=\"lazy\" title=\"CONVENIO de Finiquito puede ser IMPUGNADO cuando carece de Aprobaci\u00f3n por Autoridad Laboral.. !!!\" width=\"640\" height=\"360\" src=\"https:\/\/www.youtube.com\/embed\/srRIQFt7TRs?feature=oembed\" frameborder=\"0\" allow=\"accelerometer; autoplay; clipboard-write; encrypted-media; gyroscope; picture-in-picture; web-share\" referrerpolicy=\"strict-origin-when-cross-origin\" allowfullscreen><\/iframe>\n<\/div><\/figure>\n\n\n\n<p>.<\/p>\n\n\n\n<p>Este <strong>Antecedente<\/strong><\/p>\n\n\n\n<p>Surge luego de que un <strong>trabajador que <\/strong><mark style=\"background-color:rgba(0, 0, 0, 0)\" class=\"has-inline-color has-vivid-red-color\"><strong>renunci\u00f3<\/strong> a su empleo en un restaurante<\/mark> <strong>solicit\u00f3 la nulidad<\/strong> del <strong>convenio finiquito<\/strong>, argumentando que <strong>no se incluyeron las propinas<\/strong> en su salario diario integrado. <\/p>\n\n\n\n<p>El <strong>Tribunal Laboral<\/strong> <mark style=\"background-color:rgba(0, 0, 0, 0)\" class=\"has-inline-color has-vivid-red-color\">revis\u00f3 la demanda<\/mark> y sus aspectos <strong>adicionales<\/strong>, observando que el <strong>finiquito no hab\u00eda sido sancionado <\/strong>por la autoridad competente.<\/p>\n\n\n\n<p>.<\/p>\n\n\n\n<p>La <strong><mark style=\"background-color:rgba(0, 0, 0, 0);color:#0d049b\" class=\"has-inline-color\">Suprema Corte de Justicia<\/mark> <\/strong>a trav\u00e9s del Tribunal Colegiado <strong><mark style=\"background-color:rgba(0, 0, 0, 0);color:#980404\" class=\"has-inline-color\">DETERMIN\u00d3<\/mark> <\/strong>que, en un<em> juicio laboral<\/em>, es <mark style=\"background-color:#f9db89\" class=\"has-inline-color\">POSIBLE <strong>analizar la validez de un convenio finiquito<\/strong><\/mark><mark style=\"background-color:#ffffff\" class=\"has-inline-color\"> si este <\/mark><mark style=\"background-color:#f9db89\" class=\"has-inline-color\"><strong>no ha sido aprobado o sancionado por el Centro de Conciliaci\u00f3n<\/strong><\/mark><mark style=\"background-color:#ffffff\" class=\"has-inline-color\"> o por una <\/mark><mark style=\"background-color:#f9db89\" class=\"has-inline-color\"><strong>autoridad jurisdiccional<\/strong><\/mark> competente. <\/p>\n\n\n\n<p>Esto significa que, aunque las partes hayan llegado a un <mark style=\"background-color:rgba(0, 0, 0, 0);color:#ab0275\" class=\"has-inline-color\"><strong>acuerdo<\/strong> <\/mark><mark style=\"background-color:rgba(0, 0, 0, 0)\" class=\"has-inline-color has-black-color\">para <\/mark><mark style=\"background-color:rgba(0, 0, 0, 0);color:#ab0275\" class=\"has-inline-color\"><strong>finalizar la relaci\u00f3n laboral<\/strong>, <\/mark><mark style=\"background-color:rgba(0, 0, 0, 0)\" class=\"has-inline-color has-black-color\">dicho acuerdo<\/mark><mark style=\"background-color:rgba(0, 0, 0, 0);color:#ab0275\" class=\"has-inline-color\"> <strong>PUEDE<\/strong> <\/mark><mark style=\"background-color:rgba(0, 0, 0, 0)\" class=\"has-inline-color has-black-color\">ser<\/mark><mark style=\"background-color:rgba(0, 0, 0, 0);color:#ab0275\" class=\"has-inline-color\"> <strong>revisado y cuestionado<\/strong> <\/mark><mark style=\"background-color:rgba(0, 0, 0, 0)\" class=\"has-inline-color has-black-color\">en un<\/mark><mark style=\"background-color:rgba(0, 0, 0, 0);color:#ab0275\" class=\"has-inline-color\"> <strong><u>juicio<\/u><\/strong> <strong>si no cuenta con la validaci\u00f3n oficial<\/strong> <\/mark>de las autoridades mencionadas<\/p>\n\n\n\n<p>.<\/p>\n\n\n\n<p>La justificaci\u00f3n de la <strong><mark style=\"background-color:rgba(0, 0, 0, 0);color:#130695\" class=\"has-inline-color\">SCJN<\/mark> <\/strong>es que, cuando se <mark style=\"background-color:rgba(0, 0, 0, 0);color:#018c11\" class=\"has-inline-color\">SOLICITA la <strong>nulidad de un convenio finiquito<\/strong> <\/mark><mark style=\"background-color:rgba(0, 0, 0, 0)\" class=\"has-inline-color has-black-color\">por considerar que <\/mark><mark style=\"background-color:rgba(0, 0, 0, 0);color:#018c11\" class=\"has-inline-color\"><strong>incluye la renuncia de derechos<\/strong>, el <strong>tribunal laboral debe analizarlo<\/strong>,<\/mark><mark style=\"background-color:#eef4f9\" class=\"has-inline-color has-black-color\"> incluso de oficio<\/mark><mark style=\"background-color:rgba(0, 0, 0, 0)\" class=\"has-inline-color has-black-color\">, para<\/mark><mark style=\"background-color:rgba(0, 0, 0, 0);color:#018c11\" class=\"has-inline-color\"> <strong>verificar<\/strong> <\/mark><mark style=\"background-color:rgba(0, 0, 0, 0)\" class=\"has-inline-color has-black-color\">que<\/mark><mark style=\"background-color:rgba(0, 0, 0, 0);color:#018c11\" class=\"has-inline-color\"> <strong>cumpla<\/strong><\/mark> con los siguientes requisitos:<\/p>\n\n\n\n<ol style=\"list-style-type:lower-alpha\">\n<li><strong><mark style=\"background-color:rgba(0, 0, 0, 0);color:#da5f06\" class=\"has-inline-color\">Una descripci\u00f3n detallada de los hechos que llevaron a su firma; &nbsp;<\/mark><\/strong><\/li>\n\n\n\n<li><strong><mark style=\"background-color:rgba(0, 0, 0, 0);color:#4b038f\" class=\"has-inline-color\">La menci\u00f3n de los derechos laborales involucrados; y<\/mark><\/strong><\/li>\n\n\n\n<li><mark style=\"background-color:rgba(0, 0, 0, 0);color:#900404\" class=\"has-inline-color\"><strong>Que no contenga renuncia de derechos laborales.<\/strong><\/mark><\/li>\n<\/ol>\n\n\n\n<p>Lo anterior es necesario porque la <mark style=\"background-color:rgba(0, 0, 0, 0);color:#9e4302\" class=\"has-inline-color\"><strong>falta de sanci\u00f3n<\/strong><\/mark><mark style=\"background-color:rgba(0, 0, 0, 0)\" class=\"has-inline-color has-black-color\"> por el Centro de Conciliaci\u00f3n o la autoridad jurisdiccional<\/mark><mark style=\"background-color:rgba(0, 0, 0, 0);color:#9e4302\" class=\"has-inline-color\"> <strong>NO implica que el convenio sea definitivo<\/strong> <\/mark><mark style=\"background-color:rgba(0, 0, 0, 0)\" class=\"has-inline-color has-black-color\">ni que la<\/mark><mark style=\"background-color:rgba(0, 0, 0, 0);color:#9e4302\" class=\"has-inline-color\"> <strong>acci\u00f3n de nulidad sea improcedente<\/strong>.<\/mark><\/p>\n\n\n\n<p>.<\/p>\n\n\n\n<p>Esta <strong><mark style=\"background-color:#b2dcf7\" class=\"has-inline-color\">Resoluci\u00f3n<\/mark> <\/strong>ya esta <strong>disponible <\/strong>a partir de esta semana para quien la<strong> <mark style=\"background-color:rgba(0, 0, 0, 0);color:#9b0505\" class=\"has-inline-color\">conozca y la haga valer<\/mark><\/strong><\/p>\n\n\n\n<p><strong><mark style=\"background-color:rgba(0, 0, 0, 0);color:#3c0271\" class=\"has-inline-color\">Tesis LABORAL.<\/mark><\/strong><\/p>\n\n\n\n<p>.<\/p>\n\n\n\n<p>.<\/p>\n\n\n\n<p class=\"wp-embed-aspect-16-9 wp-has-aspect-ratio\">Si estas en el <strong><mark style=\"background-color:rgba(0, 0, 0, 0)\" class=\"has-inline-color has-vivid-red-color\">Extranjero <\/mark><\/strong>nosotros somos tu <strong><mark style=\"background-color:rgba(0, 0, 0, 0)\" class=\"has-inline-color has-vivid-green-cyan-color\">mejor<\/mark><\/strong> alternativa para <strong><mark style=\"background-color:rgba(0, 0, 0, 0)\" class=\"has-inline-color has-luminous-vivid-orange-color\">velar<\/mark><\/strong> por tus <strong><mark style=\"background-color:rgba(0, 0, 0, 0)\" class=\"has-inline-color has-vivid-cyan-blue-color\">intereses<\/mark><\/strong>, escr\u00edbenos o ll\u00e1manos al Tel <strong>55581-11311<\/strong>.<\/p>\n\n\n\n<p>Cuando<strong> necesites<\/strong> ayuda, <strong>asistencia<\/strong> o <strong>planeaci\u00f3n<\/strong> legal, <strong>solicita<\/strong> <strong>Cita Privada<\/strong> <a rel=\"noreferrer noopener\" href=\"mailto:bi@sm99.mx\" target=\"_blank\"><strong>Aqu\u00ed<\/strong><\/a><\/p>\n\n\n\n<p>La informaci\u00f3n que AQU\u00cd te presentamos <strong>deriva<\/strong> de los <strong>Peri\u00f3dicos Oficiales <\/strong>de la<strong> CdMx<\/strong>, <strong>Estado<\/strong> de Mex., Diario <strong>Oficial<\/strong> de la Federaci\u00f3n, Suprema Corte de<strong> Justicia<\/strong> de la Naci\u00f3n, por lo tanto es de <strong>aplicaci\u00f3n OBLIGATORIA<\/strong><\/p>\n\n\n\n<p>La <strong>informaci\u00f3n<\/strong> de hoy procede de la Suprema Corte de Justicia<\/p>\n\n\n\n<p><strong><mark style=\"background-color:rgba(0, 0, 0, 0)\" class=\"has-inline-color has-luminous-vivid-orange-color\">AY\u00daDANOS<\/mark><\/strong> para que m\u00e1s personas conozcan esta informaci\u00f3n, <strong>Comp\u00e1rtelo<\/strong> en tus redes sociales.<\/p>\n","protected":false},"excerpt":{"rendered":"<p>Views: 8 . . Este Antecedente Surge luego de que un trabajador que renunci\u00f3 a su empleo en un restaurante solicit\u00f3 la nulidad del convenio finiquito, argumentando que no se incluyeron las propinas en su salario diario integrado. El Tribunal Laboral revis\u00f3 la demanda y sus aspectos adicionales, observando que el finiquito no hab\u00eda sido [&hellip;]<\/p>\n","protected":false},"author":3,"featured_media":30151,"comment_status":"closed","ping_status":"open","sticky":false,"template":"","format":"standard","meta":{"_jetpack_memberships_contains_paid_content":false,"footnotes":""},"categories":[4],"tags":[],"jetpack_sharing_enabled":true,"jetpack_featured_media_url":"http:\/\/www.salgadonoticias.com\/wp-content\/uploads\/2024\/10\/FINIQUITO.jpg","_links":{"self":[{"href":"http:\/\/www.salgadonoticias.com\/index.php?rest_route=\/wp\/v2\/posts\/30147"}],"collection":[{"href":"http:\/\/www.salgadonoticias.com\/index.php?rest_route=\/wp\/v2\/posts"}],"about":[{"href":"http:\/\/www.salgadonoticias.com\/index.php?rest_route=\/wp\/v2\/types\/post"}],"author":[{"embeddable":true,"href":"http:\/\/www.salgadonoticias.com\/index.php?rest_route=\/wp\/v2\/users\/3"}],"replies":[{"embeddable":true,"href":"http:\/\/www.salgadonoticias.com\/index.php?rest_route=%2Fwp%2Fv2%2Fcomments&post=30147"}],"version-history":[{"count":5,"href":"http:\/\/www.salgadonoticias.com\/index.php?rest_route=\/wp\/v2\/posts\/30147\/revisions"}],"predecessor-version":[{"id":30164,"href":"http:\/\/www.salgadonoticias.com\/index.php?rest_route=\/wp\/v2\/posts\/30147\/revisions\/30164"}],"wp:featuredmedia":[{"embeddable":true,"href":"http:\/\/www.salgadonoticias.com\/index.php?rest_route=\/wp\/v2\/media\/30151"}],"wp:attachment":[{"href":"http:\/\/www.salgadonoticias.com\/index.php?rest_route=%2Fwp%2Fv2%2Fmedia&parent=30147"}],"wp:term":[{"taxonomy":"category","embeddable":true,"href":"http:\/\/www.salgadonoticias.com\/index.php?rest_route=%2Fwp%2Fv2%2Fcategories&post=30147"},{"taxonomy":"post_tag","embeddable":true,"href":"http:\/\/www.salgadonoticias.com\/index.php?rest_route=%2Fwp%2Fv2%2Ftags&post=30147"}],"curies":[{"name":"wp","href":"https:\/\/api.w.org\/{rel}","templated":true}]}}