{"id":30156,"date":"2024-10-30T01:44:00","date_gmt":"2024-10-30T07:44:00","guid":{"rendered":"https:\/\/www.salgadonoticias.com\/?p=30156"},"modified":"2024-10-30T11:22:31","modified_gmt":"2024-10-30T17:22:31","slug":"30156","status":"publish","type":"post","link":"http:\/\/www.salgadonoticias.com\/?p=30156","title":{"rendered":"Los Tribunales PARA demandas de RIESGO de Trabajo, Son los FEDERALES de Asuntos Individuales&#8230;!!!"},"content":{"rendered":"<p>Views: 7<\/p>\n<p>.<\/p>\n\n\n\n<p>Este ANTECEDENTE<\/p>\n\n\n\n<p>Surge luego de que un <mark style=\"background-color:rgba(0, 0, 0, 0);color:#0874b3\" class=\"has-inline-color\"><em><u>Tribunal Laboral LOCAL<\/u><\/em> <strong>se declar\u00f3 incompetente<\/strong><\/mark> para <strong>conocer un juicio contra una empresa<\/strong> esto porque <mark style=\"background-color:#d7e9f4\" class=\"has-inline-color\">TAMBI\u00c9N se <strong>reclamaba al IMSS<\/strong> el <em><u>pago de indemnizaci\u00f3n por riesgo de trabajo, asistencia m\u00e9dica y rehabilitaci\u00f3<\/u><\/em><\/mark><em><u>n<\/u><\/em>, lo que podr\u00eda afectar su patrimonio. <\/p>\n\n\n\n<p>Sin embargo, el <mark style=\"background-color:rgba(0, 0, 0, 0)\" class=\"has-inline-color has-vivid-red-color\"><strong>Tribunal Laboral <em>Federal<\/em><\/strong><\/mark> de Asuntos Individuales <strong>rechaz\u00f3 esta declinaci\u00f3n de competencia<\/strong>, y argument\u00f3 que, <em><u>seg\u00fan el objeto social de la empresa demandada<\/u><\/em>, la <strong>competencia era<\/strong> de car\u00e1cter <strong>local.<\/strong><\/p>\n\n\n\n<p>.<\/p>\n\n\n\n<p>La <strong><mark style=\"background-color:rgba(0, 0, 0, 0);color:#240283\" class=\"has-inline-color\">Suprema Corte de Justicia<\/mark> <\/strong>a trav\u00e9s del Tribunal Colegiado de Circuito <strong><mark style=\"background-color:rgba(0, 0, 0, 0);color:#8e0505\" class=\"has-inline-color\">DETERMIN\u00d3<\/mark> <\/strong>que los <mark style=\"background-color:#fdd875\" class=\"has-inline-color\"><strong>juicios<\/strong> <\/mark><mark style=\"background-color:#ffffff\" class=\"has-inline-color\">en los que se<\/mark><mark style=\"background-color:#fdd875\" class=\"has-inline-color\"> <strong>demandan prestaciones del IMSS<\/strong>,<\/mark><mark style=\"background-color:#ffffff\" class=\"has-inline-color\"> que podr\u00edan afectar su patrimonio,<strong> DEBEN ser ANTE <\/strong>los <\/mark><mark style=\"background-color:#fdd875\" class=\"has-inline-color\"><strong>Tribunal Laboral Federal de Asuntos Individuales<\/strong>, INCLUSO si el <strong>IMSS solo es citado como Tercero Interesado<\/strong>.<\/mark><\/p>\n\n\n\n<p>Esto significa que cuando se presenta una <mark style=\"background-color:rgba(0, 0, 0, 0);color:#ca5604\" class=\"has-inline-color\"><strong>demanda<\/strong> q<\/mark><mark style=\"background-color:rgba(0, 0, 0, 0)\" class=\"has-inline-color has-black-color\">ue INVOLUCRA<\/mark><mark style=\"background-color:rgba(0, 0, 0, 0);color:#ca5604\" class=\"has-inline-color\"> <strong>prestaciones<\/strong> <\/mark><mark style=\"background-color:rgba(0, 0, 0, 0)\" class=\"has-inline-color has-black-color\">que el <\/mark><mark style=\"background-color:rgba(0, 0, 0, 0);color:#ca5604\" class=\"has-inline-color\"><strong>IMSS debe otorgar<\/strong><\/mark> (como indemnizaciones o beneficios m\u00e9dicos) y que podr\u00edan impactar su patrimonio, el caso <strong><mark style=\"background-color:rgba(0, 0, 0, 0);color:#dd6006\" class=\"has-inline-color\">debe ser tratado por un tribunal arriba mencionado<\/mark><\/strong>.<\/p>\n\n\n\n<p>.<\/p>\n\n\n\n<p>La justificaci\u00f3n de la <strong><mark style=\"background-color:rgba(0, 0, 0, 0);color:#210484\" class=\"has-inline-color\">SCJN<\/mark> <\/strong>es conforme a los art\u00edculos41, 42, 43 y 56 a 67 de la Ley del Seguro, se <mark style=\"background-color:#aafe55\" class=\"has-inline-color\"><strong>advierte<\/strong> <\/mark><mark style=\"background-color:#ffffff\" class=\"has-inline-color\">que el <\/mark><mark style=\"background-color:#aafe55\" class=\"has-inline-color\"><strong>pago<\/strong><\/mark><mark style=\"background-color:#ffffff\" class=\"has-inline-color\"> de las <\/mark><mark style=\"background-color:#aafe55\" class=\"has-inline-color\"><strong>indemnizaciones por riesgos de trabajo<\/strong>,<\/mark><mark style=\"background-color:#ffffff\" class=\"has-inline-color\"> la determinaci\u00f3n del grado de <\/mark><mark style=\"background-color:#aafe55\" class=\"has-inline-color\"><strong>incapacidad<\/strong>, <\/mark><mark style=\"background-color:#ffffff\" class=\"has-inline-color\">as\u00ed como la <\/mark><mark style=\"background-color:#aafe55\" class=\"has-inline-color\"><strong>asistencia m\u00e9dica y rehabilitaci\u00f3n<\/strong>,<\/mark><mark style=\"background-color:#ffffff\" class=\"has-inline-color\"> son <\/mark><mark style=\"background-color:#aafe55\" class=\"has-inline-color\"><strong>prestaciones<\/strong><\/mark><mark style=\"background-color:#ffffff\" class=\"has-inline-color\"> que se encuentran dentro de las ramas del seguro social, por lo tanto deben ser <\/mark><mark style=\"background-color:#aafe55\" class=\"has-inline-color\"><strong>otorgarlas por el IMSS<\/strong>.<\/mark><mark style=\"background-color:#ffffff\" class=\"has-inline-color\"> Aun cuando \u00e9ste sea citado como tercero interesado, <\/mark><mark style=\"background-color:#aafe55\" class=\"has-inline-color\"><strong>sin se\u00f1alarlo expresamente como codemandado<\/strong>,<\/mark><mark style=\"background-color:#ffffff\" class=\"has-inline-color\"> y por lo tanto la <\/mark><mark style=\"background-color:#aafe55\" class=\"has-inline-color\"><strong>competencia<\/strong> para <\/mark><mark style=\"background-color:#ffffff\" class=\"has-inline-color\">conocer del juicio <\/mark><mark style=\"background-color:#aafe55\" class=\"has-inline-color\"><strong>corresponde<\/strong> al <strong>Tribunal Laboral Federal<\/strong><\/mark>, conforme a los art\u00edculos 123, apartado A, fracc. XXXI, inciso b), subinciso 1, de la Constituci\u00f3n y el 527, fracc. II, punto 1, 689, 690 y 698 de la LFT, 5 y 295 de la Ley del Seguro Social.<\/p>\n\n\n\n<p>.<\/p>\n\n\n\n<p>.<\/p>\n\n\n\n<p>Esta <strong><mark style=\"background-color:#f78da7\" class=\"has-inline-color\">Resoluci\u00f3n<\/mark> <\/strong>ya esta <strong>disponible <\/strong>a partir de esta semana para quien la<strong> <mark style=\"background-color:rgba(0, 0, 0, 0);color:#9b0505\" class=\"has-inline-color\">conozca y la haga valer<\/mark><\/strong><\/p>\n\n\n\n<p><strong><mark style=\"background-color:rgba(0, 0, 0, 0);color:#70022f\" class=\"has-inline-color\">Tesis LABORAL.<\/mark><\/strong><\/p>\n\n\n\n<p>.<\/p>\n\n\n\n<p class=\"wp-embed-aspect-16-9 wp-has-aspect-ratio\">Si estas en el <strong><mark style=\"background-color:rgba(0, 0, 0, 0)\" class=\"has-inline-color has-vivid-red-color\">Extranjero <\/mark><\/strong>nosotros somos tu <strong><mark style=\"background-color:rgba(0, 0, 0, 0)\" class=\"has-inline-color has-vivid-green-cyan-color\">mejor<\/mark><\/strong> alternativa para <strong><mark style=\"background-color:rgba(0, 0, 0, 0)\" class=\"has-inline-color has-luminous-vivid-orange-color\">velar<\/mark><\/strong> por tus <strong><mark style=\"background-color:rgba(0, 0, 0, 0)\" class=\"has-inline-color has-vivid-cyan-blue-color\">intereses<\/mark><\/strong>, escr\u00edbenos o ll\u00e1manos al Tel <strong>55581-11311<\/strong>.<\/p>\n\n\n\n<p>Cuando<strong> necesites<\/strong> ayuda, <strong>asistencia<\/strong> o <strong>planeaci\u00f3n<\/strong> legal, <strong>solicita<\/strong> <strong>Cita Privada<\/strong> <a rel=\"noreferrer noopener\" href=\"mailto:bi@sm99.mx\" target=\"_blank\"><strong>Aqu\u00ed<\/strong><\/a><\/p>\n\n\n\n<p>La informaci\u00f3n que AQU\u00cd te presentamos <strong>deriva<\/strong> de los <strong>Peri\u00f3dicos Oficiales <\/strong>de la<strong> CdMx<\/strong>, <strong>Estado<\/strong> de Mex., Diario <strong>Oficial<\/strong> de la Federaci\u00f3n, Suprema Corte de<strong> Justicia<\/strong> de la Naci\u00f3n, por lo tanto es de <strong>aplicaci\u00f3n OBLIGATORIA<\/strong><\/p>\n\n\n\n<p>La <strong>informaci\u00f3n<\/strong> de hoy procede de la Suprema Corte de Justicia<\/p>\n\n\n\n<p><strong><mark style=\"background-color:rgba(0, 0, 0, 0)\" class=\"has-inline-color has-luminous-vivid-orange-color\">AY\u00daDANOS<\/mark><\/strong> para que m\u00e1s personas conozcan esta informaci\u00f3n, <strong>Comp\u00e1rtelo<\/strong> en tus redes sociales.<\/p>\n","protected":false},"excerpt":{"rendered":"<p>Views: 7 . Este ANTECEDENTE Surge luego de que un Tribunal Laboral LOCAL se declar\u00f3 incompetente para conocer un juicio contra una empresa esto porque TAMBI\u00c9N se reclamaba al IMSS el pago de indemnizaci\u00f3n por riesgo de trabajo, asistencia m\u00e9dica y rehabilitaci\u00f3n, lo que podr\u00eda afectar su patrimonio. Sin embargo, el Tribunal Laboral Federal de [&hellip;]<\/p>\n","protected":false},"author":3,"featured_media":30160,"comment_status":"closed","ping_status":"open","sticky":false,"template":"","format":"standard","meta":{"_jetpack_memberships_contains_paid_content":false,"footnotes":""},"categories":[4],"tags":[],"jetpack_sharing_enabled":true,"jetpack_featured_media_url":"http:\/\/www.salgadonoticias.com\/wp-content\/uploads\/2024\/10\/riesgo-trabajo.jpg","_links":{"self":[{"href":"http:\/\/www.salgadonoticias.com\/index.php?rest_route=\/wp\/v2\/posts\/30156"}],"collection":[{"href":"http:\/\/www.salgadonoticias.com\/index.php?rest_route=\/wp\/v2\/posts"}],"about":[{"href":"http:\/\/www.salgadonoticias.com\/index.php?rest_route=\/wp\/v2\/types\/post"}],"author":[{"embeddable":true,"href":"http:\/\/www.salgadonoticias.com\/index.php?rest_route=\/wp\/v2\/users\/3"}],"replies":[{"embeddable":true,"href":"http:\/\/www.salgadonoticias.com\/index.php?rest_route=%2Fwp%2Fv2%2Fcomments&post=30156"}],"version-history":[{"count":3,"href":"http:\/\/www.salgadonoticias.com\/index.php?rest_route=\/wp\/v2\/posts\/30156\/revisions"}],"predecessor-version":[{"id":30166,"href":"http:\/\/www.salgadonoticias.com\/index.php?rest_route=\/wp\/v2\/posts\/30156\/revisions\/30166"}],"wp:featuredmedia":[{"embeddable":true,"href":"http:\/\/www.salgadonoticias.com\/index.php?rest_route=\/wp\/v2\/media\/30160"}],"wp:attachment":[{"href":"http:\/\/www.salgadonoticias.com\/index.php?rest_route=%2Fwp%2Fv2%2Fmedia&parent=30156"}],"wp:term":[{"taxonomy":"category","embeddable":true,"href":"http:\/\/www.salgadonoticias.com\/index.php?rest_route=%2Fwp%2Fv2%2Fcategories&post=30156"},{"taxonomy":"post_tag","embeddable":true,"href":"http:\/\/www.salgadonoticias.com\/index.php?rest_route=%2Fwp%2Fv2%2Ftags&post=30156"}],"curies":[{"name":"wp","href":"https:\/\/api.w.org\/{rel}","templated":true}]}}