{"id":30187,"date":"2024-11-01T11:58:11","date_gmt":"2024-11-01T17:58:11","guid":{"rendered":"https:\/\/www.salgadonoticias.com\/?p=30187"},"modified":"2024-11-01T19:06:31","modified_gmt":"2024-11-02T01:06:31","slug":"un-hecho-la-supremacia-constitucional","status":"publish","type":"post","link":"http:\/\/www.salgadonoticias.com\/?p=30187","title":{"rendered":"Un Hecho YA la Supremac\u00eda Constitucional&#8230;!!!"},"content":{"rendered":"<p>Views: 5<\/p>\n<p>.<\/p>\n\n\n\n<figure class=\"wp-block-embed is-type-video is-provider-youtube wp-block-embed-youtube wp-embed-aspect-16-9 wp-has-aspect-ratio\"><div class=\"wp-block-embed__wrapper\">\n<iframe loading=\"lazy\" title=\"Resumen Jur\u00eddico Semanal...!!!\" width=\"640\" height=\"360\" src=\"https:\/\/www.youtube.com\/embed\/WAG9mufkuPc?feature=oembed\" frameborder=\"0\" allow=\"accelerometer; autoplay; clipboard-write; encrypted-media; gyroscope; picture-in-picture; web-share\" referrerpolicy=\"strict-origin-when-cross-origin\" allowfullscreen><\/iframe>\n<\/div><\/figure>\n\n\n\n<p>.<\/p>\n\n\n\n<p>Con la <mark style=\"background-color:rgba(0, 0, 0, 0);color:#b70560\" class=\"has-inline-color\"><strong>reforma<\/strong> <\/mark><mark style=\"background-color:rgba(0, 0, 0, 0)\" class=\"has-inline-color has-black-color\">a los art\u00edculos<\/mark><mark style=\"background-color:rgba(0, 0, 0, 0);color:#b70560\" class=\"has-inline-color\"> <strong>105 y 107<\/strong> <\/mark>de la Constituci\u00f3n <strong><mark style=\"background-color:rgba(0, 0, 0, 0);color:#f47d28\" class=\"has-inline-color\">a partir de hoy<\/mark><\/strong> <strong><mark style=\"background-color:#c5ea03\" class=\"has-inline-color\">NO proceder\u00e1 ning\u00fan Procedimiento Judicial o AMPARO en CONTRA de Reformas y Adiciones a la Constituci\u00f3n de nuestro pa\u00eds<\/mark><\/strong>. <\/p>\n\n\n\n<p>&nbsp;<strong>Articulo 105 <\/strong>ahora establece&#8230; <\/p>\n\n\n\n<p><em><strong><mark style=\"background-color:rgba(0, 0, 0, 0);color:#a10505\" class=\"has-inline-color\">\u201cSon improcedentes las controversias constitucionales o acciones de inconstitucionalidad que tengan por objeto controvertir las adiciones o reformas a esta Constituci\u00f3n\u2019\u2019.<\/mark><\/strong><\/em> <\/p>\n\n\n\n<p>.    <\/p>\n\n\n\n<p><strong>Art\u00edculo 107 <\/strong>prevee&#8230; <\/p>\n\n\n\n<p><em><strong><mark style=\"background-color:rgba(0, 0, 0, 0);color:#bf0101\" class=\"has-inline-color\">&#8220;II. Las sentencias que se pronuncien en los juicios de amparo s\u00f3lo se ocupar\u00e1n de personas quejosas que lo hubieren solicitado, limit\u00e1ndose a ampararlas y protegerlas, si procediere, en el caso especial sobre el que verse la demanda. Trat\u00e1ndose de juicios de amparo que resuelvan la inconstitucionalidad de normas generales, en ning\u00fan caso las sentencias que se dicten fijar\u00e1n efectos generales. No proceder\u00e1 el juicio de amparo contra adiciones o reformas a esta Constituci\u00f3n\u201d.<\/mark><\/strong><\/em><\/p>\n\n\n\n<p>. <\/p>\n\n\n\n<p>En uno de los art\u00edculos transitorios se indica que los <strong>asuntos que se encuentren en tr\u00e1mite <\/strong>DEBER\u00c1N <strong>resolverse conforme a las disposiciones contenidas en el presente decreto<\/strong>.<\/p>\n\n\n\n<p>.<\/p>\n\n\n\n<p><mark style=\"background-color:#f7c1cf\" class=\"has-inline-color\">Este <strong>mandato<\/strong> constitucional ya fue <strong>aprobado<\/strong> por los Congresos de <strong>22<\/strong> estados<\/mark>.<\/p>\n\n\n\n<ul>\n<li>Baja California, <\/li>\n\n\n\n<li>Baja California Sur, <\/li>\n\n\n\n<li>Campeche, <\/li>\n\n\n\n<li>Chiapas, <\/li>\n\n\n\n<li>Colima, <\/li>\n\n\n\n<li>Durango, <\/li>\n\n\n\n<li>Guerrero, <\/li>\n\n\n\n<li>Hidalgo, <\/li>\n\n\n\n<li>Edo. de M\u00e9xico, <\/li>\n\n\n\n<li>Morelos, <\/li>\n\n\n\n<li>Nayarit, <\/li>\n\n\n\n<li>Oaxaca, <\/li>\n\n\n\n<li>Puebla, <\/li>\n\n\n\n<li>Quintana Roo, <\/li>\n\n\n\n<li>San Luis Potos\u00ed, <\/li>\n\n\n\n<li>Sinaloa, <\/li>\n\n\n\n<li>Sonora, <\/li>\n\n\n\n<li>Tabasco, <\/li>\n\n\n\n<li>Tamaulipas, <\/li>\n\n\n\n<li>Yucat\u00e1n, <\/li>\n\n\n\n<li>Zacatecas, y <\/li>\n\n\n\n<li>Ciudad de M\u00e9xico.<\/li>\n<\/ul>\n\n\n\n<p>.<\/p>\n\n\n\n<p>Da click aqu\u00ed para ver decreto completo&#8230;<\/p>\n\n\n\n<p><a href=\"https:\/\/www.dof.gob.mx\/nota_detalle.php?codigo=5742105&amp;fecha=31\/10\/2024#gsc.tab=0\">https:\/\/www.dof.gob.mx\/nota_detalle.php?codigo=5742105&amp;fecha=31\/10\/2024#gsc.tab=0<\/a><\/p>\n\n\n\n<p>.<\/p>\n\n\n\n<p class=\"wp-embed-aspect-16-9 wp-has-aspect-ratio\">Si estas en el <strong><mark style=\"background-color:rgba(0, 0, 0, 0)\" class=\"has-inline-color has-vivid-red-color\">Extranjero <\/mark><\/strong>nosotros somos tu <strong><mark style=\"background-color:rgba(0, 0, 0, 0)\" class=\"has-inline-color has-vivid-green-cyan-color\">mejor<\/mark><\/strong> alternativa para <strong><mark style=\"background-color:rgba(0, 0, 0, 0)\" class=\"has-inline-color has-luminous-vivid-orange-color\">velar<\/mark><\/strong> por tus <strong><mark style=\"background-color:rgba(0, 0, 0, 0)\" class=\"has-inline-color has-vivid-cyan-blue-color\">intereses<\/mark><\/strong>, escr\u00edbenos o ll\u00e1manos al Tel <strong>55581-11311<\/strong>.<\/p>\n\n\n\n<p>Cuando<strong> necesites<\/strong> ayuda, <strong>asistencia<\/strong> o <strong>planeaci\u00f3n<\/strong> legal, <strong>solicita<\/strong> <strong>Cita Privada<\/strong> <a rel=\"noreferrer noopener\" href=\"mailto:bi@sm99.mx\" target=\"_blank\"><strong>Aqu\u00ed<\/strong><\/a><\/p>\n\n\n\n<p>La informaci\u00f3n que AQU\u00cd te presentamos <strong>deriva<\/strong> de los <strong>Peri\u00f3dicos Oficiales <\/strong>de la<strong> CdMx<\/strong>, <strong>Estado<\/strong> de Mex., Diario <strong>Oficial<\/strong> de la Federaci\u00f3n, Suprema Corte de<strong> Justicia<\/strong> de la Naci\u00f3n, por lo tanto es de <strong>aplicaci\u00f3n OBLIGATORIA<\/strong><\/p>\n\n\n\n<p>La <strong>informaci\u00f3n<\/strong> de hoy procede del Diario Oficial<\/p>\n\n\n\n<p><strong><mark style=\"background-color:rgba(0, 0, 0, 0)\" class=\"has-inline-color has-luminous-vivid-orange-color\">AY\u00daDANOS<\/mark><\/strong> para que m\u00e1s personas conozcan esta informaci\u00f3n, <strong>Comp\u00e1rtelo<\/strong> en tus redes sociales.<\/p>\n","protected":false},"excerpt":{"rendered":"<p>Views: 5 . . Con la reforma a los art\u00edculos 105 y 107 de la Constituci\u00f3n a partir de hoy NO proceder\u00e1 ning\u00fan Procedimiento Judicial o AMPARO en CONTRA de Reformas y Adiciones a la Constituci\u00f3n de nuestro pa\u00eds. &nbsp;Articulo 105 ahora establece&#8230; \u201cSon improcedentes las controversias constitucionales o acciones de inconstitucionalidad que tengan por [&hellip;]<\/p>\n","protected":false},"author":3,"featured_media":30188,"comment_status":"closed","ping_status":"open","sticky":false,"template":"","format":"standard","meta":{"_jetpack_memberships_contains_paid_content":false,"footnotes":""},"categories":[4],"tags":[],"jetpack_sharing_enabled":true,"jetpack_featured_media_url":"http:\/\/www.salgadonoticias.com\/wp-content\/uploads\/2024\/11\/supremacia.avif","_links":{"self":[{"href":"http:\/\/www.salgadonoticias.com\/index.php?rest_route=\/wp\/v2\/posts\/30187"}],"collection":[{"href":"http:\/\/www.salgadonoticias.com\/index.php?rest_route=\/wp\/v2\/posts"}],"about":[{"href":"http:\/\/www.salgadonoticias.com\/index.php?rest_route=\/wp\/v2\/types\/post"}],"author":[{"embeddable":true,"href":"http:\/\/www.salgadonoticias.com\/index.php?rest_route=\/wp\/v2\/users\/3"}],"replies":[{"embeddable":true,"href":"http:\/\/www.salgadonoticias.com\/index.php?rest_route=%2Fwp%2Fv2%2Fcomments&post=30187"}],"version-history":[{"count":7,"href":"http:\/\/www.salgadonoticias.com\/index.php?rest_route=\/wp\/v2\/posts\/30187\/revisions"}],"predecessor-version":[{"id":30221,"href":"http:\/\/www.salgadonoticias.com\/index.php?rest_route=\/wp\/v2\/posts\/30187\/revisions\/30221"}],"wp:featuredmedia":[{"embeddable":true,"href":"http:\/\/www.salgadonoticias.com\/index.php?rest_route=\/wp\/v2\/media\/30188"}],"wp:attachment":[{"href":"http:\/\/www.salgadonoticias.com\/index.php?rest_route=%2Fwp%2Fv2%2Fmedia&parent=30187"}],"wp:term":[{"taxonomy":"category","embeddable":true,"href":"http:\/\/www.salgadonoticias.com\/index.php?rest_route=%2Fwp%2Fv2%2Fcategories&post=30187"},{"taxonomy":"post_tag","embeddable":true,"href":"http:\/\/www.salgadonoticias.com\/index.php?rest_route=%2Fwp%2Fv2%2Ftags&post=30187"}],"curies":[{"name":"wp","href":"https:\/\/api.w.org\/{rel}","templated":true}]}}