{"id":30209,"date":"2024-11-02T01:04:00","date_gmt":"2024-11-02T07:04:00","guid":{"rendered":"https:\/\/www.salgadonoticias.com\/?p=30209"},"modified":"2024-11-01T18:45:41","modified_gmt":"2024-11-02T00:45:41","slug":"30209","status":"publish","type":"post","link":"http:\/\/www.salgadonoticias.com\/?p=30209","title":{"rendered":"Feliz &#8220;D\u00eda de Muertos&#8221;&#8230;!!!"},"content":{"rendered":"<p>Views: 2<\/p>\n<p>.<\/p>\n\n\n\n<p> El <strong>D\u00eda de Muertos<\/strong>, es una de las festividades mas antiguas y representativas de M\u00e9xico, es cuando los vivos recibe cari\u00f1osa&nbsp;y alegremente a las almas de sus seres queridos, a trav\u00e9s de tradiciones milenarias como&nbsp;la ofrenda, las calaveritas, el pan de muerto, papel picado, velas o la flor de cempoaxochitl.<\/p>\n\n\n\n<p>.<\/p>\n\n\n\n<h3 class=\"wp-block-heading\">Te compartimos 4 datos de esta festividad.<\/h3>\n\n\n\n<p><strong>1.<\/strong><mark style=\"background-color:rgba(0, 0, 0, 0);color:#f77417\" class=\"has-inline-color\"> <\/mark><mark style=\"background-color:rgba(0, 0, 0, 0);color:#9d7405\" class=\"has-inline-color\">Esta <strong>festividad,<\/strong> es una de las m\u00e1s ricas entre las tradiciones mexicanas, y fue declarada&nbsp;&nbsp;<strong>Patrimonio Oral e Inmaterial de la Humanidad por la UNESCO el 7 de noviembre de 2003.<\/strong><\/mark><\/p>\n\n\n\n<p><strong>2.<\/strong> <mark style=\"background-color:rgba(0, 0, 0, 0);color:#8007b2\" class=\"has-inline-color\">Por ejemplo, el&nbsp;<strong>28 de octubre<\/strong>&nbsp;se recuerdan a&nbsp;las personas que murieron en alg\u00fan accidente. El <strong>30&nbsp;de octubre&nbsp;<\/strong>a los beb\u00e9s que murieron antes de ser bautizados. El&nbsp;<strong>31 de octubre<\/strong>&nbsp; a los&nbsp;ni\u00f1os menores de 12 a\u00f1os y el&nbsp;<strong>1 de noviembre<\/strong>&nbsp;es el&nbsp;D\u00eda de Todos los Santos, y de quienes fallecieron por causas naturales o enfermedades. Finalmente, el&nbsp;<strong>2 de noviembre<\/strong>, despu\u00e9s de las 12 del d\u00eda, es cuando&nbsp;las alma de los difuntos se van y&nbsp;se recogen las ofrendas y se levantan los altares.<\/mark><\/p>\n\n\n\n<p><strong>3.<\/strong><mark style=\"background-color:rgba(0, 0, 0, 0);color:#027c4f\" class=\"has-inline-color\"> El antecedente del&nbsp;<strong>&#8220;Pan de Muerto<\/strong>&#8221;&nbsp;viene de los&nbsp;panes que imitaban los huesos que se supon\u00eda hab\u00edan pertenecido a los santos (reliquias) en los reinos cat\u00f3licos de Le\u00f3n, Arag\u00f3n y Castilla.<\/mark><\/p>\n\n\n\n<p><strong>4. <\/strong><mark style=\"background-color:rgba(0, 0, 0, 0);color:#ff3400\" class=\"has-inline-color\">La<strong> Flor<\/strong> de Muerto o<strong> Cempas\u00fachil<\/strong> es cultivado <strong>desde hace cientos de a\u00f1os<\/strong> en M\u00e9xico. Su nombre proviene del n\u00e1huatl&nbsp;<em>Cempohualxochitl<\/em>, que <strong>significa \u201cflor de 20 p\u00e9talos&#8221;<\/strong><\/mark><\/p>\n\n\n\n<p>.<\/p>\n\n\n\n<p class=\"wp-embed-aspect-16-9 wp-has-aspect-ratio\">Si estas en el <strong><mark style=\"background-color:rgba(0, 0, 0, 0)\" class=\"has-inline-color has-vivid-red-color\">Extranjero <\/mark><\/strong>nosotros somos tu <strong><mark style=\"background-color:rgba(0, 0, 0, 0)\" class=\"has-inline-color has-vivid-green-cyan-color\">mejor<\/mark><\/strong> alternativa para <strong><mark style=\"background-color:rgba(0, 0, 0, 0)\" class=\"has-inline-color has-luminous-vivid-orange-color\">velar<\/mark><\/strong> por tus <strong><mark style=\"background-color:rgba(0, 0, 0, 0)\" class=\"has-inline-color has-vivid-cyan-blue-color\">intereses<\/mark><\/strong>, escr\u00edbenos o ll\u00e1manos al Tel <strong>55581-11311<\/strong>.<\/p>\n\n\n\n<p>Cuando<strong> necesites<\/strong> ayuda, <strong>asistencia<\/strong> o <strong>planeaci\u00f3n<\/strong> legal, <strong>solicita<\/strong> <strong>Cita Privada<\/strong> <a rel=\"noreferrer noopener\" href=\"mailto:bi@sm99.mx\" target=\"_blank\"><strong>Aqu\u00ed<\/strong><\/a><\/p>\n\n\n\n<p>La informaci\u00f3n que AQU\u00cd te presentamos <strong>deriva<\/strong> de los <strong>Peri\u00f3dicos Oficiales <\/strong>de la<strong> CdMx<\/strong>, <strong>Estado<\/strong> de Mex., Diario <strong>Oficial<\/strong> de la Federaci\u00f3n, Suprema Corte de<strong> Justicia<\/strong> de la Naci\u00f3n, por lo tanto es de <strong>aplicaci\u00f3n OBLIGATORIA<\/strong><\/p>\n\n\n\n<p><strong><mark style=\"background-color:rgba(0, 0, 0, 0)\" class=\"has-inline-color has-luminous-vivid-orange-color\">AY\u00daDANOS<\/mark><\/strong> para que m\u00e1s personas conozcan esta informaci\u00f3n, <strong>Comp\u00e1rtelo<\/strong> en tus redes sociales.<\/p>\n","protected":false},"excerpt":{"rendered":"<p>Views: 2 . El D\u00eda de Muertos, es una de las festividades mas antiguas y representativas de M\u00e9xico, es cuando los vivos recibe cari\u00f1osa&nbsp;y alegremente a las almas de sus seres queridos, a trav\u00e9s de tradiciones milenarias como&nbsp;la ofrenda, las calaveritas, el pan de muerto, papel picado, velas o la flor de cempoaxochitl. . Te [&hellip;]<\/p>\n","protected":false},"author":3,"featured_media":30213,"comment_status":"closed","ping_status":"open","sticky":false,"template":"","format":"standard","meta":{"_jetpack_memberships_contains_paid_content":false,"footnotes":""},"categories":[4],"tags":[],"jetpack_sharing_enabled":true,"jetpack_featured_media_url":"http:\/\/www.salgadonoticias.com\/wp-content\/uploads\/2024\/11\/muertos.jpg","_links":{"self":[{"href":"http:\/\/www.salgadonoticias.com\/index.php?rest_route=\/wp\/v2\/posts\/30209"}],"collection":[{"href":"http:\/\/www.salgadonoticias.com\/index.php?rest_route=\/wp\/v2\/posts"}],"about":[{"href":"http:\/\/www.salgadonoticias.com\/index.php?rest_route=\/wp\/v2\/types\/post"}],"author":[{"embeddable":true,"href":"http:\/\/www.salgadonoticias.com\/index.php?rest_route=\/wp\/v2\/users\/3"}],"replies":[{"embeddable":true,"href":"http:\/\/www.salgadonoticias.com\/index.php?rest_route=%2Fwp%2Fv2%2Fcomments&post=30209"}],"version-history":[{"count":6,"href":"http:\/\/www.salgadonoticias.com\/index.php?rest_route=\/wp\/v2\/posts\/30209\/revisions"}],"predecessor-version":[{"id":30226,"href":"http:\/\/www.salgadonoticias.com\/index.php?rest_route=\/wp\/v2\/posts\/30209\/revisions\/30226"}],"wp:featuredmedia":[{"embeddable":true,"href":"http:\/\/www.salgadonoticias.com\/index.php?rest_route=\/wp\/v2\/media\/30213"}],"wp:attachment":[{"href":"http:\/\/www.salgadonoticias.com\/index.php?rest_route=%2Fwp%2Fv2%2Fmedia&parent=30209"}],"wp:term":[{"taxonomy":"category","embeddable":true,"href":"http:\/\/www.salgadonoticias.com\/index.php?rest_route=%2Fwp%2Fv2%2Fcategories&post=30209"},{"taxonomy":"post_tag","embeddable":true,"href":"http:\/\/www.salgadonoticias.com\/index.php?rest_route=%2Fwp%2Fv2%2Ftags&post=30209"}],"curies":[{"name":"wp","href":"https:\/\/api.w.org\/{rel}","templated":true}]}}