{"id":30228,"date":"2024-11-05T01:10:00","date_gmt":"2024-11-05T07:10:00","guid":{"rendered":"https:\/\/www.salgadonoticias.com\/?p=30228"},"modified":"2024-11-06T09:34:01","modified_gmt":"2024-11-06T15:34:01","slug":"30228","status":"publish","type":"post","link":"http:\/\/www.salgadonoticias.com\/?p=30228","title":{"rendered":"En Sentencias con ERRORES o IMPRECISIONES es Responsabilidad de Tribunales ACLARAR y ESPECIFICAR c\u00f3mo deben cumplirse \u2026!!!"},"content":{"rendered":"<p>Views: 8<\/p>\n<p>.<\/p>\n\n\n\n<p>Este <strong>ANTECEDENTE:<\/strong><\/p>\n\n\n\n<p><strong>Surge <\/strong>luego de que <strong>una persona<\/strong> <mark style=\"background-color:rgba(0, 0, 0, 0)\" class=\"has-inline-color has-vivid-red-color\"><strong>promovi\u00f3<\/strong> un juicio de <strong>amparo<\/strong><\/mark> indirecto <strong>contra<\/strong> un Tribunal de <strong><mark style=\"background-color:#f78da7\" class=\"has-inline-color\">Conciliaci\u00f3n y Arbitraje<\/mark><\/strong> esto por la <mark style=\"background-color:#ff6900\" class=\"has-inline-color\">falta de <strong>ejecuci\u00f3n<\/strong> de una <strong>sentencia<\/strong><\/mark>, dicho amparo fue concedido, <strong>especificando <\/strong>\u00daNICAMENTE la <strong>obligaci\u00f3n de fijar fecha y hora de reinstalaci\u00f3n<\/strong>, <strong><mark style=\"background-color:rgba(0, 0, 0, 0)\" class=\"has-inline-color has-vivid-red-color\">a pesar<\/mark><\/strong> de que el laudo y la normativa <strong>INCLU\u00cdAN el pago de prestaciones<\/strong>. <\/p>\n\n\n\n<p><strong><mark style=\"background-color:rgba(0, 0, 0, 0)\" class=\"has-inline-color has-vivid-red-color\">Algunos requerimientos de ejecuci\u00f3n inclu\u00edan estas prestaciones, otros no<\/mark><\/strong>. <\/p>\n\n\n\n<p>La quejosa <mark style=\"background-color:#fcb900\" class=\"has-inline-color\"><strong>solicit\u00f3<\/strong> la apertura de un incidente de <strong>inejecuci\u00f3n de sentencia<\/strong><\/mark>, el cual fue considerado fundado y se orden\u00f3 remitir los autos al Tribunal Colegiado. Este tambi\u00e9n lo consider\u00f3 fundado y lo <strong>envi\u00f3<\/strong> a la <strong>SCJN<\/strong> para la <strong>sanci\u00f3n correspondiente<\/strong>.<\/p>\n\n\n\n<p>. <\/p>\n\n\n\n<p>La <strong>Suprema Corte de la Naci\u00f3n <\/strong>a trav\u00e9s de la Primera Sala <strong><mark style=\"background-color:rgba(0, 0, 0, 0);color:#7c0202\" class=\"has-inline-color\">DETERMIN\u00d3<\/mark> <\/strong>que cuando una<mark style=\"background-color:#ffffff\" class=\"has-inline-color\"> <\/mark><mark style=\"background-color:#ffffff;color:#4b058b\" class=\"has-inline-color\"><strong>sentencia tiene errores o imprecisiones<\/strong> q<\/mark><mark style=\"background-color:#ffffff\" class=\"has-inline-color has-black-color\">ue <\/mark><mark style=\"background-color:#ffffff;color:#4b058b\" class=\"has-inline-color\"><strong>dificultan su cumplimiento<\/strong>,<\/mark><mark style=\"background-color:#ffffff\" class=\"has-inline-color has-black-color\"> <\/mark><mark style=\"background-color:#fcb900\" class=\"has-inline-color\">es <strong>responsabilidad<\/strong> de <em>cualquiera de los tribunales<\/em> <strong>aclarar y especificar c\u00f3mo debe cumplirse<\/strong><\/mark><mark style=\"background-color:#ffffff\" class=\"has-inline-color\">. <\/mark><\/p>\n\n\n\n<p><mark style=\"background-color:#ffffff\" class=\"has-inline-color\">Esto es <strong>i<\/strong><\/mark><mark style=\"background-color:#ffffff;color:#b95107\" class=\"has-inline-color\"><strong>mportante<\/strong><\/mark><mark style=\"background-color:#ffffff\" class=\"has-inline-color has-black-color\"><strong> <\/strong>para<\/mark><mark style=\"background-color:#ffffff;color:#b95107\" class=\"has-inline-color\"> <strong>asegurar<\/strong> <\/mark><mark style=\"background-color:#ffffff\" class=\"has-inline-color has-black-color\">que las personas puedan <\/mark><mark style=\"background-color:#ffffff;color:#b95107\" class=\"has-inline-color\"><strong>acceder a la justicia de manera efectiva<\/strong> <\/mark><mark style=\"background-color:#ffffff\" class=\"has-inline-color has-black-color\">y que las<\/mark><mark style=\"background-color:#ffffff;color:#b95107\" class=\"has-inline-color\"> <strong>decisiones judiciales<\/strong> <\/mark><mark style=\"background-color:#ffffff\" class=\"has-inline-color has-black-color\">se<\/mark><mark style=\"background-color:#ffffff;color:#b95107\" class=\"has-inline-color\"><strong> cumplan <\/strong><\/mark><mark style=\"background-color:#ffffff\" class=\"has-inline-color has-black-color\">correctamente,<\/mark><mark style=\"background-color:#ffffff;color:#b95107\" class=\"has-inline-color\"> <strong>sin generar confusi\u00f3n o incertidumbre<\/strong>.<\/mark><\/p>\n\n\n\n<p>.<\/p>\n\n\n\n<p>La justificaci\u00f3n de la <strong><mark style=\"background-color:rgba(0, 0, 0, 0);color:#4807e3\" class=\"has-inline-color\">SCJN<\/mark> <\/strong>es que la <strong><mark style=\"background-color:rgba(0, 0, 0, 0);color:#cc0202\" class=\"has-inline-color\">facultad de aclarar ambig\u00fcedades en el cumplimiento de sentencias<\/mark><\/strong> <mark style=\"background-color:#cf2e2e\" class=\"has-inline-color\">PROVIENE del art\u00edculo 193 de la Ley de Amparo<\/mark>. <\/p>\n\n\n\n<p>Y este art\u00edculo <mark style=\"background-color:#abe111\" class=\"has-inline-color\"><strong>permite, de oficio o a petici\u00f3n de parte<\/strong>, PRECISAR los t\u00e9rminos del <strong>cumplimiento<\/strong> durante la <strong>ejecuci\u00f3n de la sentencia<\/strong><\/mark>. Esto si se detectan errores o imprecisiones que dificultan determinar si la sentencia se ha cumplido, estos deben corregirse.<\/p>\n\n\n\n<p>.<\/p>\n\n\n\n<p>.<\/p>\n\n\n\n<p>Esta <strong><mark style=\"background-color:#65f1b9\" class=\"has-inline-color\">Resoluci\u00f3n<\/mark> <\/strong>es de <strong>aplicaci\u00f3n <mark style=\"background-color:rgba(0, 0, 0, 0);color:#9f0000\" class=\"has-inline-color\">OBLIGATORIA<\/mark> <\/strong>en todo el pa\u00eds a partir de esta semana.<\/p>\n\n\n\n<p class=\"has-medium-font-size\"><strong><mark style=\"background-color:#0794a4\" class=\"has-inline-color has-black-color\">Jurisprudencia COM\u00daN <\/mark><\/strong><\/p>\n\n\n\n<p>.<\/p>\n\n\n\n<p class=\"wp-embed-aspect-16-9 wp-has-aspect-ratio\">Si estas en el <strong><mark style=\"background-color:rgba(0, 0, 0, 0)\" class=\"has-inline-color has-vivid-red-color\">Extranjero <\/mark><\/strong>nosotros somos tu <strong><mark style=\"background-color:rgba(0, 0, 0, 0)\" class=\"has-inline-color has-vivid-green-cyan-color\">mejor<\/mark><\/strong> alternativa para <strong><mark style=\"background-color:rgba(0, 0, 0, 0)\" class=\"has-inline-color has-luminous-vivid-orange-color\">velar<\/mark><\/strong> por tus <strong><mark style=\"background-color:rgba(0, 0, 0, 0)\" class=\"has-inline-color has-vivid-cyan-blue-color\">intereses<\/mark><\/strong>, escr\u00edbenos o ll\u00e1manos al Tel <strong>55581-11311<\/strong>.<\/p>\n\n\n\n<p>Cuando<strong> necesites<\/strong> ayuda, <strong>asistencia<\/strong> o <strong>planeaci\u00f3n<\/strong> legal, <strong>solicita<\/strong> <strong>Cita Privada<\/strong> <a href=\"mailto:bi@sm99.mx\" target=\"_blank\" rel=\"noreferrer noopener\"><strong>Aqu\u00ed<\/strong><\/a><\/p>\n\n\n\n<p>La informaci\u00f3n que AQU\u00cd te presentamos <strong>deriva<\/strong> de los <strong>Peri\u00f3dicos Oficiales <\/strong>de la<strong> CdMx<\/strong>, <strong>Estado<\/strong> de Mex., Diario <strong>Oficial<\/strong> de la Federaci\u00f3n, Suprema Corte de<strong> Justicia<\/strong> de la Naci\u00f3n, por lo tanto es de <strong>aplicaci\u00f3n OBLIGATORIA<\/strong><\/p>\n\n\n\n<p>La <strong>informaci\u00f3n<\/strong> de hoy procede de la Suprema Corte de Justicia<\/p>\n\n\n\n<p><strong><mark style=\"background-color:rgba(0, 0, 0, 0)\" class=\"has-inline-color has-luminous-vivid-orange-color\">AY\u00daDANOS<\/mark><\/strong> para que m\u00e1s personas conozcan esta informaci\u00f3n, <strong>Comp\u00e1rtelo<\/strong> en tus redes sociales<\/p>\n","protected":false},"excerpt":{"rendered":"<p>Views: 8 . Este ANTECEDENTE: Surge luego de que una persona promovi\u00f3 un juicio de amparo indirecto contra un Tribunal de Conciliaci\u00f3n y Arbitraje esto por la falta de ejecuci\u00f3n de una sentencia, dicho amparo fue concedido, especificando \u00daNICAMENTE la obligaci\u00f3n de fijar fecha y hora de reinstalaci\u00f3n, a pesar de que el laudo y [&hellip;]<\/p>\n","protected":false},"author":3,"featured_media":30237,"comment_status":"closed","ping_status":"open","sticky":false,"template":"","format":"standard","meta":{"_jetpack_memberships_contains_paid_content":false,"footnotes":"[]"},"categories":[4],"tags":[],"jetpack_sharing_enabled":true,"jetpack_featured_media_url":"http:\/\/www.salgadonoticias.com\/wp-content\/uploads\/2024\/11\/SENTENCIAQ.webp","_links":{"self":[{"href":"http:\/\/www.salgadonoticias.com\/index.php?rest_route=\/wp\/v2\/posts\/30228"}],"collection":[{"href":"http:\/\/www.salgadonoticias.com\/index.php?rest_route=\/wp\/v2\/posts"}],"about":[{"href":"http:\/\/www.salgadonoticias.com\/index.php?rest_route=\/wp\/v2\/types\/post"}],"author":[{"embeddable":true,"href":"http:\/\/www.salgadonoticias.com\/index.php?rest_route=\/wp\/v2\/users\/3"}],"replies":[{"embeddable":true,"href":"http:\/\/www.salgadonoticias.com\/index.php?rest_route=%2Fwp%2Fv2%2Fcomments&post=30228"}],"version-history":[{"count":6,"href":"http:\/\/www.salgadonoticias.com\/index.php?rest_route=\/wp\/v2\/posts\/30228\/revisions"}],"predecessor-version":[{"id":30247,"href":"http:\/\/www.salgadonoticias.com\/index.php?rest_route=\/wp\/v2\/posts\/30228\/revisions\/30247"}],"wp:featuredmedia":[{"embeddable":true,"href":"http:\/\/www.salgadonoticias.com\/index.php?rest_route=\/wp\/v2\/media\/30237"}],"wp:attachment":[{"href":"http:\/\/www.salgadonoticias.com\/index.php?rest_route=%2Fwp%2Fv2%2Fmedia&parent=30228"}],"wp:term":[{"taxonomy":"category","embeddable":true,"href":"http:\/\/www.salgadonoticias.com\/index.php?rest_route=%2Fwp%2Fv2%2Fcategories&post=30228"},{"taxonomy":"post_tag","embeddable":true,"href":"http:\/\/www.salgadonoticias.com\/index.php?rest_route=%2Fwp%2Fv2%2Ftags&post=30228"}],"curies":[{"name":"wp","href":"https:\/\/api.w.org\/{rel}","templated":true}]}}