{"id":30239,"date":"2024-11-06T01:20:00","date_gmt":"2024-11-06T07:20:00","guid":{"rendered":"https:\/\/www.salgadonoticias.com\/?p=30239"},"modified":"2024-11-06T18:31:08","modified_gmt":"2024-11-07T00:31:08","slug":"30239","status":"publish","type":"post","link":"http:\/\/www.salgadonoticias.com\/?p=30239","title":{"rendered":"Se podr\u00e1 Seguir IMPORTANDO Autos USADOS&#8230;!!!"},"content":{"rendered":"<p>Views: 11<\/p>\n<p>.<\/p>\n\n\n\n<figure class=\"wp-block-embed is-type-video is-provider-youtube wp-block-embed-youtube wp-embed-aspect-16-9 wp-has-aspect-ratio\"><div class=\"wp-block-embed__wrapper\">\n<iframe loading=\"lazy\" title=\"Se podr\u00e1 Seguir IMPORTANDO Autos Usados. ..!!!\" width=\"640\" height=\"360\" src=\"https:\/\/www.youtube.com\/embed\/nZ-LzOV4ez4?feature=oembed\" frameborder=\"0\" allow=\"accelerometer; autoplay; clipboard-write; encrypted-media; gyroscope; picture-in-picture; web-share\" referrerpolicy=\"strict-origin-when-cross-origin\" allowfullscreen><\/iframe>\n<\/div><\/figure>\n\n\n\n<p>.<\/p>\n\n\n\n<p><mark style=\"background-color:#dbc5f0\" class=\"has-inline-color\">A partir de <strong>esta semana<\/strong> y <strong>hasta noviembre de <\/strong><\/mark><strong><mark style=\"background-color:#dbc5f0\" class=\"has-inline-color has-vivid-red-color\">2025<\/mark><\/strong>, los&nbsp;<strong><mark style=\"background-color:rgba(0, 0, 0, 0);color:#e45757\" class=\"has-inline-color\">residentes<\/mark><\/strong> de la Franja Fronteriza Norte&nbsp;<strong><mark style=\"background-color:#f79752\" class=\"has-inline-color\">PODR\u00c1N importar veh\u00edculos usados<\/mark><\/strong>, esto bajo <strong>ciertas condiciones<\/strong>, seg\u00fan el <strong><mark style=\"background-color:#fcb900\" class=\"has-inline-color\">nuevo decreto<\/mark><\/strong>&nbsp;publicado en el Diario Oficial.&nbsp;<\/p>\n\n\n\n<p>Esta medida,&nbsp;busca <mark style=\"background-color:rgba(0, 0, 0, 0);color:#a80c56\" class=\"has-inline-color\"><strong>REGULAR DEFINITIVAMENTE<\/strong> la <strong>entrada<\/strong> de <strong>Veh\u00edculos de Segunda Mano<\/strong><\/mark> al pa\u00eds, y as\u00ed brindar mayor <strong>seguridad jur\u00eddica a los importadores<\/strong> y <strong>facilitar la circulaci\u00f3n<\/strong> de estos autos&nbsp;en territorio nacional.<\/p>\n\n\n\n<p>.<\/p>\n\n\n\n<p>De acuerdo con el&nbsp;Decreto<strong> <mark style=\"background-color:#b1ee8e\" class=\"has-inline-color\">podr\u00e1n ingresar al pa\u00eds veh\u00edculos de pasajeros, unidades de transporte de mercanc\u00edas, tractores de carretera, semirremolques y camiones hormigonera.<\/mark><\/strong> <\/p>\n\n\n\n<p>Tambi\u00e9n destaca una <mark style=\"background-color:rgba(0, 0, 0, 0);color:#970202\" class=\"has-inline-color\"><strong>restricci\u00f3n<\/strong> <\/mark><mark style=\"background-color:rgba(0, 0, 0, 0)\" class=\"has-inline-color has-black-color\">importante y es que<\/mark><mark style=\"background-color:#fcb900;color:#970202\" class=\"has-inline-color\"> <strong>estos autos deben tener entre 8 y 9 a\u00f1os de antig\u00fcedad<\/strong><\/mark><mark style=\"background-color:rgba(0, 0, 0, 0);color:#970202\" class=\"has-inline-color\">.<\/mark><mark style=\"background-color:rgba(0, 0, 0, 0)\" class=\"has-inline-color has-black-color\"> Adem\u00e1s, los residentes de la franja fronteriza norte podr\u00e1n importar veh\u00edculos cuyo a\u00f1o-modelo sea de<\/mark><mark style=\"background-color:rgba(0, 0, 0, 0);color:#970202\" class=\"has-inline-color\">&nbsp;<strong>5 a 9 a\u00f1os anteriores<\/strong>&nbsp;<\/mark><mark style=\"background-color:rgba(0, 0, 0, 0)\" class=\"has-inline-color has-black-color\">al de la importaci\u00f3n.<\/mark><\/p>\n\n\n\n<p><strong>.<\/strong><\/p>\n\n\n\n<p>Otro punto importante son los aranceles que se deber\u00e1n pagar:<\/p>\n\n\n\n<ul>\n<li><strong><mark style=\"background-color:#cef374\" class=\"has-inline-color\">10% si el a\u00f1o-modero sea de&nbsp;10 a\u00f1os de antig\u00fcedad o m\u00e1s&nbsp;<\/mark><\/strong><\/li>\n\n\n\n<li><strong><mark style=\"background-color:#f6b1c2\" class=\"has-inline-color\">1% si la antig\u00fcedad es de 5 a 9 a\u00f1os deber\u00e1n pagar un arancel<\/mark><\/strong><\/li>\n\n\n\n<li><mark style=\"background-color:#bad5ec\" class=\"has-inline-color\">Los <strong>autos<\/strong> que <em>provengan de pa\u00edses con los que M\u00e9xico<\/em> TIENE <strong>tratados de libre comercio<\/strong> el <strong>trato arancelario ser\u00e1 preferencial<\/strong>, siempre y cuando se presente el <strong>Certificado de Origen <\/strong>del <strong>auto.<\/strong><\/mark><\/li>\n<\/ul>\n\n\n\n<p>Tambi\u00e9n <em>existen restricciones claras<\/em>, por lo que <strong>NO podr\u00e1n importarse autos con:<\/strong><\/p>\n\n\n\n<ul>\n<li><mark style=\"background-color:#ffffff;color:#450482\" class=\"has-inline-color\"><strong>Restricciones t\u00e9cnicas<\/strong>:<\/mark> Aquellos cuya circulaci\u00f3n est\u00e9 restringida o prohibida en su pa\u00eds de origen debido a sus caracter\u00edsticas t\u00e9cnicas.<\/li>\n\n\n\n<li><mark style=\"background-color:rgba(0, 0, 0, 0);color:#078959\" class=\"has-inline-color\"><strong>Fallas mec\u00e1nicas<\/strong>:<\/mark> Si no cumple con los est\u00e1ndares f\u00edsico-mec\u00e1nicos o de protecci\u00f3n al medio ambiente establecidos por las autoridades mexicanas.<\/li>\n\n\n\n<li><mark style=\"background-color:rgba(0, 0, 0, 0);color:#9e0303\" class=\"has-inline-color\"><strong>Veh\u00edculos robados<\/strong>: <\/mark>Si ha sido reportado como robado, no podr\u00e1 ingresar al pa\u00eds bajo ninguna circunstancia.<\/li>\n<\/ul>\n\n\n\n<p>.<\/p>\n\n\n\n<p>Da click aqu\u00ed para ver Decreto completo&#8230;<\/p>\n\n\n\n<p><a href=\"https:\/\/www.dof.gob.mx\/nota_detalle.php?codigo=5742285&amp;fecha=04\/11\/2024#gsc.tab=0\">https:\/\/www.dof.gob.mx\/nota_detalle.php?codigo=5742285&amp;fecha=04\/11\/2024#gsc.tab=0<\/a><\/p>\n\n\n\n<p>.<\/p>\n\n\n\n<p class=\"wp-embed-aspect-16-9 wp-has-aspect-ratio\">Si estas en el <strong><mark style=\"background-color:rgba(0, 0, 0, 0)\" class=\"has-inline-color has-vivid-red-color\">Extranjero <\/mark><\/strong>nosotros somos tu <strong><mark style=\"background-color:rgba(0, 0, 0, 0)\" class=\"has-inline-color has-vivid-green-cyan-color\">mejor<\/mark><\/strong> alternativa para <strong><mark style=\"background-color:rgba(0, 0, 0, 0)\" class=\"has-inline-color has-luminous-vivid-orange-color\">velar<\/mark><\/strong> por tus <strong><mark style=\"background-color:rgba(0, 0, 0, 0)\" class=\"has-inline-color has-vivid-cyan-blue-color\">intereses<\/mark><\/strong>, escr\u00edbenos o ll\u00e1manos al Tel <strong>55581-11311<\/strong>.<\/p>\n\n\n\n<p>Cuando<strong> necesites<\/strong> ayuda, <strong>asistencia<\/strong> o <strong>planeaci\u00f3n<\/strong> legal, <strong>solicita<\/strong> <strong>Cita Privada<\/strong> <a rel=\"noreferrer noopener\" href=\"mailto:bi@sm99.mx\" target=\"_blank\"><strong>Aqu\u00ed<\/strong><\/a><\/p>\n\n\n\n<p>La informaci\u00f3n que AQU\u00cd te presentamos <strong>deriva<\/strong> de los <strong>Peri\u00f3dicos Oficiales <\/strong>de la<strong> CdMx<\/strong>, <strong>Estado<\/strong> de Mex., Diario <strong>Oficial<\/strong> de la Federaci\u00f3n, Suprema Corte de<strong> Justicia<\/strong> de la Naci\u00f3n, por lo tanto es de <strong>aplicaci\u00f3n OBLIGATORIA<\/strong><\/p>\n\n\n\n<p>La <strong>informaci\u00f3n<\/strong> de hoy procede del Diario Oficial<\/p>\n\n\n\n<p><strong><mark style=\"background-color:rgba(0, 0, 0, 0)\" class=\"has-inline-color has-luminous-vivid-orange-color\">AY\u00daDANOS<\/mark><\/strong> para que m\u00e1s personas conozcan esta informaci\u00f3n, <strong>Comp\u00e1rtelo<\/strong> en tus redes sociales.<\/p>\n\n\n\n<p><\/p>\n","protected":false},"excerpt":{"rendered":"<p>Views: 11 . . A partir de esta semana y hasta noviembre de 2025, los&nbsp;residentes de la Franja Fronteriza Norte&nbsp;PODR\u00c1N importar veh\u00edculos usados, esto bajo ciertas condiciones, seg\u00fan el nuevo decreto&nbsp;publicado en el Diario Oficial.&nbsp; Esta medida,&nbsp;busca REGULAR DEFINITIVAMENTE la entrada de Veh\u00edculos de Segunda Mano al pa\u00eds, y as\u00ed brindar mayor seguridad jur\u00eddica a [&hellip;]<\/p>\n","protected":false},"author":3,"featured_media":30242,"comment_status":"closed","ping_status":"open","sticky":false,"template":"","format":"standard","meta":{"_jetpack_memberships_contains_paid_content":false,"footnotes":""},"categories":[4],"tags":[],"jetpack_sharing_enabled":true,"jetpack_featured_media_url":"http:\/\/www.salgadonoticias.com\/wp-content\/uploads\/2024\/11\/AUTOS.jpg","_links":{"self":[{"href":"http:\/\/www.salgadonoticias.com\/index.php?rest_route=\/wp\/v2\/posts\/30239"}],"collection":[{"href":"http:\/\/www.salgadonoticias.com\/index.php?rest_route=\/wp\/v2\/posts"}],"about":[{"href":"http:\/\/www.salgadonoticias.com\/index.php?rest_route=\/wp\/v2\/types\/post"}],"author":[{"embeddable":true,"href":"http:\/\/www.salgadonoticias.com\/index.php?rest_route=\/wp\/v2\/users\/3"}],"replies":[{"embeddable":true,"href":"http:\/\/www.salgadonoticias.com\/index.php?rest_route=%2Fwp%2Fv2%2Fcomments&post=30239"}],"version-history":[{"count":5,"href":"http:\/\/www.salgadonoticias.com\/index.php?rest_route=\/wp\/v2\/posts\/30239\/revisions"}],"predecessor-version":[{"id":30270,"href":"http:\/\/www.salgadonoticias.com\/index.php?rest_route=\/wp\/v2\/posts\/30239\/revisions\/30270"}],"wp:featuredmedia":[{"embeddable":true,"href":"http:\/\/www.salgadonoticias.com\/index.php?rest_route=\/wp\/v2\/media\/30242"}],"wp:attachment":[{"href":"http:\/\/www.salgadonoticias.com\/index.php?rest_route=%2Fwp%2Fv2%2Fmedia&parent=30239"}],"wp:term":[{"taxonomy":"category","embeddable":true,"href":"http:\/\/www.salgadonoticias.com\/index.php?rest_route=%2Fwp%2Fv2%2Fcategories&post=30239"},{"taxonomy":"post_tag","embeddable":true,"href":"http:\/\/www.salgadonoticias.com\/index.php?rest_route=%2Fwp%2Fv2%2Ftags&post=30239"}],"curies":[{"name":"wp","href":"https:\/\/api.w.org\/{rel}","templated":true}]}}