{"id":30260,"date":"2024-11-17T01:15:00","date_gmt":"2024-11-17T07:15:00","guid":{"rendered":"https:\/\/www.salgadonoticias.com\/?p=30260"},"modified":"2024-11-15T17:04:55","modified_gmt":"2024-11-15T23:04:55","slug":"30260","status":"publish","type":"post","link":"http:\/\/www.salgadonoticias.com\/?p=30260","title":{"rendered":"Nvo. Centro de CONVIVENCIA Familiar en EdoMex&#8230;!!!"},"content":{"rendered":"<p>Views: 36<\/p>\n<p>.<\/p>\n\n\n\n<p>Entra en funcionamiento <mark style=\"background-color:#95f243\" class=\"has-inline-color\">Nuevo <strong>Centro de Convivencia Familiar<\/strong><\/mark> en el municipio de <strong><mark style=\"background-color:rgba(0, 0, 0, 0);color:#9c0505\" class=\"has-inline-color\">Nicolas Romero<\/mark>.<\/strong><\/p>\n\n\n\n<p>Espacio en donde se brindar\u00e1 <strong><mark style=\"background-color:#ff6900\" class=\"has-inline-color\">apoyo a menores que entren o est\u00e9n en conflictos familiares<\/mark><\/strong>, incluyendo situaciones de <strong>violencia<\/strong> o <strong><mark style=\"background-color:rgba(0, 0, 0, 0)\" class=\"has-inline-color has-vivid-red-color\">separaci\u00f3n de los padres<\/mark><\/strong>.<\/p>\n\n\n\n<p>&#8220;Dicen&#8221; que s<mark style=\"background-color:#a9e9cf\" class=\"has-inline-color\">u <strong>objetivo es proporcionar<\/strong> un <strong>entorno seguro y adecuado <\/strong>para el <strong>bienestar emocional<\/strong> y psicol\u00f3gico a menores adolescentes.<\/mark><\/p>\n\n\n\n<p>.<\/p>\n\n\n\n<p>Este <em>centro est\u00e1 ubicado<\/em> en calle <mark style=\"background-color:rgba(0, 0, 0, 0);color:#98013a\" class=\"has-inline-color\"><strong>Poder Judicial n\u00famero 3<\/strong>,<\/mark><mark style=\"background-color:rgba(0, 0, 0, 0)\" class=\"has-inline-color has-black-color\"> colonia<\/mark><mark style=\"background-color:rgba(0, 0, 0, 0);color:#98013a\" class=\"has-inline-color\"> <strong>Independencia, 1\u00aa secci\u00f3n<\/strong>, <\/mark><mark style=\"background-color:rgba(0, 0, 0, 0)\" class=\"has-inline-color has-black-color\">municipio de <\/mark><mark style=\"background-color:rgba(0, 0, 0, 0);color:#98013a\" class=\"has-inline-color\"><strong>Nicol\u00e1s Romero<\/strong>, <\/mark><mark style=\"background-color:rgba(0, 0, 0, 0)\" class=\"has-inline-color has-black-color\">EdoMex., y dar\u00e1<\/mark><mark style=\"background-color:rgba(0, 0, 0, 0);color:#98013a\" class=\"has-inline-color\"> <strong>ATENCI\u00d3N<\/strong><\/mark><mark style=\"background-color:rgba(0, 0, 0, 0)\" class=\"has-inline-color has-black-color\"> NO SOLO solo a los menores de Nicolas Romero sino a<\/mark><mark style=\"background-color:rgba(0, 0, 0, 0);color:#98013a\" class=\"has-inline-color\"> <strong>otros municipios cercanos<\/strong> <\/mark><mark style=\"background-color:rgba(0, 0, 0, 0)\" class=\"has-inline-color has-black-color\">como lo son<\/mark><mark style=\"background-color:rgba(0, 0, 0, 0);color:#98013a\" class=\"has-inline-color\">:<\/mark><\/p>\n\n\n\n<ul>\n<li><strong>Atizap\u00e1n de Zaragoza<\/strong><\/li>\n\n\n\n<li><strong>Cuautitl\u00e1n Izcalli<\/strong><\/li>\n\n\n\n<li><strong>Isidro Fabela<\/strong><\/li>\n\n\n\n<li><strong>Jilotzingo<\/strong><\/li>\n<\/ul>\n\n\n\n<p>.<\/p>\n\n\n\n<p><mark style=\"background-color:rgba(0, 0, 0, 0)\" class=\"has-inline-color has-black-color\">Adem\u00e1s, tambi\u00e9n se<\/mark><mark style=\"background-color:rgba(0, 0, 0, 0);color:#d65d07\" class=\"has-inline-color\"> <strong>beneficiar\u00e1<\/strong> <\/mark><mark style=\"background-color:rgba(0, 0, 0, 0)\" class=\"has-inline-color has-black-color\">a los<\/mark><mark style=\"background-color:rgba(0, 0, 0, 0);color:#d65d07\" class=\"has-inline-color\"> <strong>menores de Jiquipilco, Otzolotepec, Temoaya, Tepotzotl\u00e1n y Villas del Carb\u00f3n.<\/strong><\/mark><\/p>\n\n\n\n<p>.<\/p>\n\n\n\n<p><mark style=\"background-color:#eec3ce\" class=\"has-inline-color\">Con este Centro el EdoMex cuenta con <strong>tres, <\/strong>ya que existen el de <strong>Toluca <\/strong>y <strong>Ecatepec.<\/strong><\/mark><\/p>\n\n\n\n<p>.<\/p>\n\n\n\n<p>Da click aqu\u00ed ??para ver informaci\u00f3n completa&#8230;<\/p>\n\n\n\n<p><a href=\"https:\/\/legislacion.edomex.gob.mx\/sites\/legislacion.edomex.gob.mx\/files\/files\/pdf\/gct\/2024\/noviembre\/nov061\/nov061c.pdf\">https:\/\/legislacion.edomex.gob.mx\/sites\/legislacion.edomex.gob.mx\/files\/files\/pdf\/gct\/2024\/noviembre\/nov061\/nov061c.pdf<\/a><\/p>\n\n\n\n<p>.<\/p>\n\n\n\n<p>.<\/p>\n\n\n\n<p class=\"wp-embed-aspect-16-9 wp-has-aspect-ratio\">Si estas en el <strong><mark style=\"background-color:rgba(0, 0, 0, 0)\" class=\"has-inline-color has-vivid-red-color\">Extranjero <\/mark><\/strong>nosotros somos tu <strong><mark style=\"background-color:rgba(0, 0, 0, 0)\" class=\"has-inline-color has-vivid-green-cyan-color\">mejor<\/mark><\/strong> alternativa para <strong><mark style=\"background-color:rgba(0, 0, 0, 0)\" class=\"has-inline-color has-luminous-vivid-orange-color\">velar<\/mark><\/strong> por tus <strong><mark style=\"background-color:rgba(0, 0, 0, 0)\" class=\"has-inline-color has-vivid-cyan-blue-color\">intereses<\/mark><\/strong>, escr\u00edbenos o ll\u00e1manos al Tel <strong>55581-11311<\/strong>.<\/p>\n\n\n\n<p>Cuando<strong> necesites<\/strong> ayuda, <strong>asistencia<\/strong> o <strong>planeaci\u00f3n<\/strong> legal, <strong>solicita<\/strong> <strong>Cita Privada<\/strong> <a href=\"mailto:bi@sm99.mx\" target=\"_blank\" rel=\"noreferrer noopener\"><strong>Aqu\u00ed<\/strong><\/a><\/p>\n\n\n\n<p>La informaci\u00f3n que AQU\u00cd te presentamos <strong>deriva<\/strong> de los <strong>Peri\u00f3dicos Oficiales <\/strong>de la<strong> CdMx<\/strong>, <strong>Estado<\/strong> de Mex., Diario <strong>Oficial<\/strong> de la Federaci\u00f3n, Suprema Corte de<strong> Justicia<\/strong> de la Naci\u00f3n, por lo tanto es de <strong>aplicaci\u00f3n OBLIGATORIA<\/strong><\/p>\n\n\n\n<p>La <strong>informaci\u00f3n<\/strong> de hoy procede de la Gaceta del EdoMex.<\/p>\n\n\n\n<p><strong><mark style=\"background-color:rgba(0, 0, 0, 0)\" class=\"has-inline-color has-luminous-vivid-orange-color\">AY\u00daDANOS<\/mark><\/strong> para que m\u00e1s personas conozcan esta informaci\u00f3n, <strong>Comp\u00e1rtelo<\/strong> en tus redes sociales<\/p>\n","protected":false},"excerpt":{"rendered":"<p>Views: 36 . Entra en funcionamiento Nuevo Centro de Convivencia Familiar en el municipio de Nicolas Romero. Espacio en donde se brindar\u00e1 apoyo a menores que entren o est\u00e9n en conflictos familiares, incluyendo situaciones de violencia o separaci\u00f3n de los padres. &#8220;Dicen&#8221; que su objetivo es proporcionar un entorno seguro y adecuado para el bienestar [&hellip;]<\/p>\n","protected":false},"author":3,"featured_media":30264,"comment_status":"closed","ping_status":"open","sticky":false,"template":"","format":"standard","meta":{"_jetpack_memberships_contains_paid_content":false,"footnotes":""},"categories":[8],"tags":[],"jetpack_sharing_enabled":true,"jetpack_featured_media_url":"http:\/\/www.salgadonoticias.com\/wp-content\/uploads\/2024\/11\/centro.jpeg","_links":{"self":[{"href":"http:\/\/www.salgadonoticias.com\/index.php?rest_route=\/wp\/v2\/posts\/30260"}],"collection":[{"href":"http:\/\/www.salgadonoticias.com\/index.php?rest_route=\/wp\/v2\/posts"}],"about":[{"href":"http:\/\/www.salgadonoticias.com\/index.php?rest_route=\/wp\/v2\/types\/post"}],"author":[{"embeddable":true,"href":"http:\/\/www.salgadonoticias.com\/index.php?rest_route=\/wp\/v2\/users\/3"}],"replies":[{"embeddable":true,"href":"http:\/\/www.salgadonoticias.com\/index.php?rest_route=%2Fwp%2Fv2%2Fcomments&post=30260"}],"version-history":[{"count":6,"href":"http:\/\/www.salgadonoticias.com\/index.php?rest_route=\/wp\/v2\/posts\/30260\/revisions"}],"predecessor-version":[{"id":30371,"href":"http:\/\/www.salgadonoticias.com\/index.php?rest_route=\/wp\/v2\/posts\/30260\/revisions\/30371"}],"wp:featuredmedia":[{"embeddable":true,"href":"http:\/\/www.salgadonoticias.com\/index.php?rest_route=\/wp\/v2\/media\/30264"}],"wp:attachment":[{"href":"http:\/\/www.salgadonoticias.com\/index.php?rest_route=%2Fwp%2Fv2%2Fmedia&parent=30260"}],"wp:term":[{"taxonomy":"category","embeddable":true,"href":"http:\/\/www.salgadonoticias.com\/index.php?rest_route=%2Fwp%2Fv2%2Fcategories&post=30260"},{"taxonomy":"post_tag","embeddable":true,"href":"http:\/\/www.salgadonoticias.com\/index.php?rest_route=%2Fwp%2Fv2%2Ftags&post=30260"}],"curies":[{"name":"wp","href":"https:\/\/api.w.org\/{rel}","templated":true}]}}