{"id":30268,"date":"2024-11-08T01:30:00","date_gmt":"2024-11-08T07:30:00","guid":{"rendered":"https:\/\/www.salgadonoticias.com\/?p=30268"},"modified":"2024-11-08T11:06:17","modified_gmt":"2024-11-08T17:06:17","slug":"30268","status":"publish","type":"post","link":"http:\/\/www.salgadonoticias.com\/?p=30268","title":{"rendered":"EXENCI\u00d3N de IVA en Cr\u00e9ditos HIPOTECARIOS Solo para Personas F\u00cdSICAS&#8230;!!!"},"content":{"rendered":"<p>Views: 5<\/p>\n<p>.<\/p>\n\n\n\n<p>Este<strong> <mark style=\"background-color:rgba(0, 0, 0, 0);color:#c05407\" class=\"has-inline-color\">Antecedente<\/mark><\/strong><\/p>\n\n\n\n<p>Surge despu\u00e9s de que la Primera sala revisara un <mark style=\"background-color:rgba(0, 0, 0, 0);color:#054c75\" class=\"has-inline-color\"><strong>Amparo Directo<\/strong> <\/mark><mark style=\"background-color:rgba(0, 0, 0, 0)\" class=\"has-inline-color has-black-color\">presentado por una<\/mark><mark style=\"background-color:rgba(0, 0, 0, 0);color:#054c75\" class=\"has-inline-color\"> <\/mark><strong><mark style=\"background-color:#8ed1fc\" class=\"has-inline-color has-black-color\">persona moral<\/mark><\/strong><mark style=\"background-color:rgba(0, 0, 0, 0);color:#054c75\" class=\"has-inline-color\"> <\/mark><mark style=\"background-color:rgba(0, 0, 0, 0)\" class=\"has-inline-color has-black-color\">CONTRA el art\u00edculo 15, fracci\u00f3n I de la <\/mark><strong><mark style=\"background-color:rgba(0, 0, 0, 0)\" class=\"has-inline-color has-vivid-red-color\">Ley del IVA<\/mark><\/strong><mark style=\"background-color:rgba(0, 0, 0, 0)\" class=\"has-inline-color has-black-color\">. <\/mark><\/p>\n\n\n\n<p><mark style=\"background-color:rgba(0, 0, 0, 0)\" class=\"has-inline-color has-black-color\">Debido a que <\/mark><mark style=\"background-color:#ff6900\" class=\"has-inline-color has-black-color\">en \u00e9ste <strong>exime del pago de IVA<\/strong><\/mark><mark style=\"background-color:rgba(0, 0, 0, 0);color:#054c75\" class=\"has-inline-color\"> <\/mark><mark style=\"background-color:rgba(0, 0, 0, 0)\" class=\"has-inline-color has-black-color\">las comisiones y contraprestaciones<\/mark><mark style=\"background-color:rgba(0, 0, 0, 0);color:#054c75\" class=\"has-inline-color\"> <strong>por <\/strong><\/mark><strong><mark style=\"background-color:#f78da7\" class=\"has-inline-color has-black-color\">cr\u00e9ditos hipotecarios para vivienda<\/mark><\/strong><mark style=\"background-color:rgba(0, 0, 0, 0);color:#054c75\" class=\"has-inline-color\">, <\/mark><mark style=\"background-color:rgba(0, 0, 0, 0)\" class=\"has-inline-color has-black-color\">excepto las originadas despu\u00e9s de la autorizaci\u00f3n del cr\u00e9dito o pagadas a terceros. La <\/mark><mark style=\"background-color:rgba(0, 0, 0, 0);color:#054c75\" class=\"has-inline-color\"><strong>empresa argument\u00f3<\/strong> <\/mark><mark style=\"background-color:rgba(0, 0, 0, 0)\" class=\"has-inline-color has-black-color\">que la <em>norma <\/em><\/mark><em><mark style=\"background-color:rgba(0, 0, 0, 0)\" class=\"has-inline-color has-vivid-red-color\"><strong>genera incertidumbre jur\u00eddica<\/strong><\/mark><\/em><mark style=\"background-color:rgba(0, 0, 0, 0)\" class=\"has-inline-color has-black-color\"> al<\/mark><mark style=\"background-color:rgba(0, 0, 0, 0);color:#054c75\" class=\"has-inline-color\"> <strong>no aclarar si la exenci\u00f3n aplica a personas morales y f\u00edsicas<\/strong>. <\/mark><mark style=\"background-color:rgba(0, 0, 0, 0)\" class=\"has-inline-color has-black-color\">El Tribunal Colegiado<\/mark><mark style=\"background-color:rgba(0, 0, 0, 0);color:#054c75\" class=\"has-inline-color\"> <strong>neg\u00f3 el amparo,<\/strong> <\/mark><mark style=\"background-color:rgba(0, 0, 0, 0)\" class=\"has-inline-color has-black-color\">y la empresa interpuso un recurso de revisi\u00f3n.<\/mark><\/p>\n\n\n\n<p>.<\/p>\n\n\n\n<p>La <strong><mark style=\"background-color:rgba(0, 0, 0, 0);color:#1e0194\" class=\"has-inline-color\">Suprema Corte de Justicia<\/mark><\/strong> ante lo anterior <strong><mark style=\"background-color:rgba(0, 0, 0, 0);color:#870303\" class=\"has-inline-color\">DETERMIN\u00d3<\/mark> <\/strong>que el art\u00edculo impugnado <strong><mark style=\"background-color:rgba(0, 0, 0, 0);color:#045280\" class=\"has-inline-color\">NO viola el principio de seguridad jur\u00eddica<\/mark><\/strong> y tras una interpretaci\u00f3n detallada, se concluy\u00f3 que la <strong><mark style=\"background-color:rgba(0, 0, 0, 0);color:#920404\" class=\"has-inline-color\">exenci\u00f3n de IVA en cr\u00e9ditos hipotecarios para vivienda<\/mark><\/strong> <mark style=\"background-color:#c8fa3a\" class=\"has-inline-color\"><strong>ESTA destinada a beneficiar \u00daNICAMENTE a personas<\/strong> <strong>F\u00cdSICAS<\/strong> <strong>NO<\/strong> a <strong>personas morales<\/strong>,<\/mark> esto porque se relaciona con el derecho a la vivienda.<\/p>\n\n\n\n<p><strong><mark style=\"background-color:#b5d5e9\" class=\"has-inline-color has-black-color\"><em>En resumen el beneficio <\/em><\/mark><em><mark style=\"background-color:#fcb900\" class=\"has-inline-color has-black-color\">no es de tipo comercial o econ\u00f3mico<\/mark><\/em><mark style=\"background-color:#b5d5e9\" class=\"has-inline-color has-black-color\"><em>, sino para GARANTIZAR el DERECHO a la Vivienda DIGNA y decorosa de las PERSONAS<\/em>. <\/mark><\/strong><\/p>\n\n\n\n<p>.<\/p>\n\n\n\n<p>La justificaci\u00f3n de la <strong><mark style=\"background-color:rgba(0, 0, 0, 0);color:#1a06a5\" class=\"has-inline-color\">SCJN<\/mark><\/strong> es que toda vez que la <mark style=\"background-color:rgba(0, 0, 0, 0);color:#39046b\" class=\"has-inline-color\"><strong>exenci\u00f3n no fue prevista para privilegiar a las personas <\/strong>que <strong>participan en una actividad econ\u00f3mica<\/strong> c<\/mark><mark style=\"background-color:rgba(0, 0, 0, 0)\" class=\"has-inline-color has-black-color\">omo lo son el <\/mark><mark style=\"background-color:rgba(0, 0, 0, 0);color:#39046b\" class=\"has-inline-color\"><strong>mercado inmobiliario<\/strong>, <strong>constructoras<\/strong>, <strong>intermediarios financieros<\/strong>,<\/mark><mark style=\"background-color:rgba(0, 0, 0, 0)\" class=\"has-inline-color has-black-color\"> etc; as\u00ed como<\/mark><mark style=\"background-color:rgba(0, 0, 0, 0);color:#39046b\" class=\"has-inline-color\"> <strong>tampoco est\u00e1 dirigida<\/strong> <\/mark><mark style=\"background-color:rgba(0, 0, 0, 0)\" class=\"has-inline-color has-black-color\">a beneficiar <\/mark><mark style=\"background-color:rgba(0, 0, 0, 0);color:#39046b\" class=\"has-inline-color\"><strong>un tipo o especie de servicio prestado<\/strong> (otorgamiento de cualquier cr\u00e9dito hipotecario), <\/mark><mark style=\"background-color:rgba(0, 0, 0, 0)\" class=\"has-inline-color has-black-color\">sino que su<\/mark><mark style=\"background-color:rgba(0, 0, 0, 0);color:#39046b\" class=\"has-inline-color\"> <strong>destinatario es quien se constituye como un consumidor final<\/strong> <\/mark><mark style=\"background-color:rgba(0, 0, 0, 0)\" class=\"has-inline-color has-black-color\">para este tipo de bienes, esto es, la<\/mark><mark style=\"background-color:rgba(0, 0, 0, 0);color:#39046b\" class=\"has-inline-color\"> <em><strong>persona que pacta un cr\u00e9dito hipotecario para poder comprar, adquirir o reparar su PROPIA casa habitaci\u00f3n<\/strong><\/em><\/mark><mark style=\"background-color:rgba(0, 0, 0, 0);color:#910652\" class=\"has-inline-color\">.<\/mark><\/p>\n\n\n\n<p>Por lo tanto, la finalidad de la dispensa contenida en ese precepto <strong><mark style=\"background-color:rgba(0, 0, 0, 0);color:#a34807\" class=\"has-inline-color\">no es compatible con la naturaleza de una persona moral<\/mark><\/strong>, puesto que esta \u00faltima se compone de personas que se r<strong><mark style=\"background-color:rgba(0, 0, 0, 0);color:#b04d07\" class=\"has-inline-color\">e\u00fanen con un fin principalmente econ\u00f3mico<\/mark><\/strong>.<\/p>\n\n\n\n<p>.<\/p>\n\n\n\n<p><mark style=\"background-color:#d9e4ed\" class=\"has-inline-color\">Esta <strong>antecedente<\/strong> esta <strong>disponible<\/strong> para quien lo<strong> conozca y lo haga valer <\/strong><\/mark><\/p>\n\n\n\n<p>.<\/p>\n\n\n\n<p class=\"wp-embed-aspect-16-9 wp-has-aspect-ratio\">Si estas en el <strong><mark style=\"background-color:rgba(0, 0, 0, 0)\" class=\"has-inline-color has-vivid-red-color\">Extranjero <\/mark><\/strong>nosotros somos tu <strong><mark style=\"background-color:rgba(0, 0, 0, 0)\" class=\"has-inline-color has-vivid-green-cyan-color\">mejor<\/mark><\/strong> alternativa para <strong><mark style=\"background-color:rgba(0, 0, 0, 0)\" class=\"has-inline-color has-luminous-vivid-orange-color\">velar<\/mark><\/strong> por tus <strong><mark style=\"background-color:rgba(0, 0, 0, 0)\" class=\"has-inline-color has-vivid-cyan-blue-color\">intereses<\/mark><\/strong>, escr\u00edbenos o ll\u00e1manos al Tel <strong>55581-11311<\/strong>.<\/p>\n\n\n\n<p>Cuando<strong> necesites<\/strong> ayuda, <strong>asistencia<\/strong> o <strong>planeaci\u00f3n<\/strong> legal, <strong>solicita<\/strong> <strong>Cita Privada<\/strong> <a href=\"mailto:bi@sm99.mx\" target=\"_blank\" rel=\"noreferrer noopener\"><strong>Aqu\u00ed<\/strong><\/a><\/p>\n\n\n\n<p>La informaci\u00f3n que AQU\u00cd te presentamos <strong>deriva<\/strong> de los <strong>Peri\u00f3dicos Oficiales <\/strong>de la<strong> CdMx<\/strong>, <strong>Estado<\/strong> de Mex., Diario <strong>Oficial<\/strong> de la Federaci\u00f3n, Suprema Corte de<strong> Justicia<\/strong> de la Naci\u00f3n, por lo tanto es de <strong>aplicaci\u00f3n OBLIGATORIA<\/strong><\/p>\n\n\n\n<p>La <strong>informaci\u00f3n<\/strong> de hoy procede de la Suprema Corte de Justicia<\/p>\n\n\n\n<p><strong><mark style=\"background-color:rgba(0, 0, 0, 0)\" class=\"has-inline-color has-luminous-vivid-orange-color\">AY\u00daDANOS<\/mark><\/strong> para que m\u00e1s personas conozcan esta informaci\u00f3n, <strong>Comp\u00e1rtelo<\/strong> en tus redes sociales<\/p>\n","protected":false},"excerpt":{"rendered":"<p>Views: 5 . Este Antecedente Surge despu\u00e9s de que la Primera sala revisara un Amparo Directo presentado por una persona moral CONTRA el art\u00edculo 15, fracci\u00f3n I de la Ley del IVA. Debido a que en \u00e9ste exime del pago de IVA las comisiones y contraprestaciones por cr\u00e9ditos hipotecarios para vivienda, excepto las originadas despu\u00e9s [&hellip;]<\/p>\n","protected":false},"author":3,"featured_media":30279,"comment_status":"closed","ping_status":"open","sticky":false,"template":"","format":"standard","meta":{"_jetpack_memberships_contains_paid_content":false,"footnotes":""},"categories":[4],"tags":[],"jetpack_sharing_enabled":true,"jetpack_featured_media_url":"http:\/\/www.salgadonoticias.com\/wp-content\/uploads\/2024\/11\/credito.jpeg","_links":{"self":[{"href":"http:\/\/www.salgadonoticias.com\/index.php?rest_route=\/wp\/v2\/posts\/30268"}],"collection":[{"href":"http:\/\/www.salgadonoticias.com\/index.php?rest_route=\/wp\/v2\/posts"}],"about":[{"href":"http:\/\/www.salgadonoticias.com\/index.php?rest_route=\/wp\/v2\/types\/post"}],"author":[{"embeddable":true,"href":"http:\/\/www.salgadonoticias.com\/index.php?rest_route=\/wp\/v2\/users\/3"}],"replies":[{"embeddable":true,"href":"http:\/\/www.salgadonoticias.com\/index.php?rest_route=%2Fwp%2Fv2%2Fcomments&post=30268"}],"version-history":[{"count":4,"href":"http:\/\/www.salgadonoticias.com\/index.php?rest_route=\/wp\/v2\/posts\/30268\/revisions"}],"predecessor-version":[{"id":30285,"href":"http:\/\/www.salgadonoticias.com\/index.php?rest_route=\/wp\/v2\/posts\/30268\/revisions\/30285"}],"wp:featuredmedia":[{"embeddable":true,"href":"http:\/\/www.salgadonoticias.com\/index.php?rest_route=\/wp\/v2\/media\/30279"}],"wp:attachment":[{"href":"http:\/\/www.salgadonoticias.com\/index.php?rest_route=%2Fwp%2Fv2%2Fmedia&parent=30268"}],"wp:term":[{"taxonomy":"category","embeddable":true,"href":"http:\/\/www.salgadonoticias.com\/index.php?rest_route=%2Fwp%2Fv2%2Fcategories&post=30268"},{"taxonomy":"post_tag","embeddable":true,"href":"http:\/\/www.salgadonoticias.com\/index.php?rest_route=%2Fwp%2Fv2%2Ftags&post=30268"}],"curies":[{"name":"wp","href":"https:\/\/api.w.org\/{rel}","templated":true}]}}