{"id":30286,"date":"2024-11-11T01:16:00","date_gmt":"2024-11-11T07:16:00","guid":{"rendered":"https:\/\/www.salgadonoticias.com\/?p=30286"},"modified":"2024-11-11T14:09:30","modified_gmt":"2024-11-11T20:09:30","slug":"validez-de-la-prueba-testimonial-para-acreditar-domicilio-en-diligencias-de-emplazamiento","status":"publish","type":"post","link":"http:\/\/www.salgadonoticias.com\/?p=30286","title":{"rendered":"Prueba Testimonial VALIDA para Acreditar o NO Domicilio en los EMPLAZAMIENTOS&#8230;!!!"},"content":{"rendered":"<p>Views: 45<\/p>\n<p>.<\/p>\n\n\n\n<p>Esta<strong> <mark style=\"background-color:rgba(0, 0, 0, 0);color:#d25c07\" class=\"has-inline-color\">Antecedente<\/mark><\/strong><\/p>\n\n\n\n<p><strong>Surge <\/strong>luego de que Tribunales contendientes presentaron <em><u>criterios<strong><mark style=\"background-color:rgba(0, 0, 0, 0)\" class=\"has-inline-color has-vivid-red-color\"> diferentes<\/mark><\/strong><\/u><\/em> sobre la <strong><mark style=\"background-color:rgba(0, 0, 0, 0);color:#cb5806\" class=\"has-inline-color\">conveniencia de la prueba testimonial para acreditar el domicilio de una persona emplazada a juicio<\/mark><\/strong><\/p>\n\n\n\n<p><mark style=\"background-color:#fee08f\" class=\"has-inline-color\"><em><u>UNO argument\u00f3 que la prueba testimonial<\/u><\/em> <strong>no es adecuada<\/strong><\/mark>, ya que no puede sustituir las exigencias legales que debe cumplir el actuario durante la diligencia. <\/p>\n\n\n\n<p><mark style=\"background-color:#f6f97a\" class=\"has-inline-color\">E<\/mark><mark style=\"\" class=\"has-inline-color\"><u style=\"background-color: rgb(246, 249, 122); font-style: italic;\">l otro consider\u00f3<\/u><span style=\"background-color: rgb(246, 249, 122);\"> que la prueba testimonial <\/span><strong style=\"background-color: rgb(246, 249, 122);\">s\u00ed es adecuada<\/strong><\/mark> para acreditar el domicilio del emplazado, al tratarse de un hecho verificable.<\/p>\n\n\n\n<p>.<\/p>\n\n\n\n<p>La <strong><mark style=\"background-color:rgba(0, 0, 0, 0);color:#2304a5\" class=\"has-inline-color\">Suprema Corte de Justicia<\/mark> <\/strong>a trav\u00e9s de la Primera Sala <strong><mark style=\"background-color:rgba(0, 0, 0, 0);color:#a40101\" class=\"has-inline-color\">DETERMIN\u00d3<\/mark> <\/strong>que la <mark style=\"background-color:rgba(0, 0, 0, 0);color:#059d65\" class=\"has-inline-color\"><strong>prueba testimonial<\/strong> es <\/mark><mark style=\"background-color:rgba(0, 0, 0, 0);color:#b70655\" class=\"has-inline-color\"><strong>ID\u00d3NEA<\/strong><\/mark><mark style=\"background-color:rgba(0, 0, 0, 0)\" class=\"has-inline-color has-black-color\"> para<\/mark><mark style=\"background-color:rgba(0, 0, 0, 0);color:#059d65\" class=\"has-inline-color\"> <strong>acreditar el domicilio de una persona<\/strong> <\/mark><mark style=\"background-color:rgba(0, 0, 0, 0)\" class=\"has-inline-color has-black-color\">en una diligencia de<\/mark><mark style=\"background-color:rgba(0, 0, 0, 0);color:#059d65\" class=\"has-inline-color\"> <strong>emplazamiento<\/strong>. <\/mark><mark style=\"background-color:rgba(0, 0, 0, 0)\" class=\"has-inline-color has-black-color\">Sin embargo, esto<\/mark><mark style=\"background-color:rgba(0, 0, 0, 0);color:#059d65\" class=\"has-inline-color\"> <strong>no implica<\/strong> <\/mark><mark style=\"background-color:rgba(0, 0, 0, 0)\" class=\"has-inline-color has-black-color\">que <em><u>dicho medio probatorio<\/u><\/em><\/mark><mark style=\"background-color:rgba(0, 0, 0, 0);color:#059d65\" class=\"has-inline-color\"> <strong>sea suficiente, por s\u00ed solo<\/strong>, <\/mark><mark style=\"background-color:rgba(0, 0, 0, 0)\" class=\"has-inline-color has-black-color\">para<\/mark><mark style=\"background-color:rgba(0, 0, 0, 0);color:#059d65\" class=\"has-inline-color\"> <strong>desvirtuar<\/strong> <\/mark><mark style=\"background-color:rgba(0, 0, 0, 0)\" class=\"has-inline-color has-black-color\">lo <em><u>asentado en la raz\u00f3n <\/u><\/em>actuarial sobre la certeza de que la <\/mark><mark style=\"background-color:rgba(0, 0, 0, 0);color:#059d65\" class=\"has-inline-color\"><strong>diligencia se realiz\u00f3 efectivamente en el domicilio<\/strong> <\/mark>del emplazado.<\/p>\n\n\n\n<p>.<\/p>\n\n\n\n<p>La justificaci\u00f3n de la <strong><mark style=\"background-color:rgba(0, 0, 0, 0);color:#0b07ac\" class=\"has-inline-color\">SCJN<\/mark><\/strong> es que el <mark style=\"background-color:rgba(0, 0, 0, 0);color:#900551\" class=\"has-inline-color\"><strong>emplazamiento<\/strong> es una <strong>formalidad esencial del procedimiento<\/strong>, <\/mark><mark style=\"background-color:rgba(0, 0, 0, 0)\" class=\"has-inline-color has-black-color\">y su<\/mark><mark style=\"background-color:rgba(0, 0, 0, 0);color:#900551\" class=\"has-inline-color\"> <strong>falta o ilegalidad puede dejar a la parte demandada en estado de indefensi\u00f3n,<\/strong> <\/mark><mark style=\"background-color:rgba(0, 0, 0, 0)\" class=\"has-inline-color has-black-color\">afectando su derecho de audiencia. <\/mark><\/p>\n\n\n\n<p><mark style=\"background-color:rgba(0, 0, 0, 0)\" class=\"has-inline-color has-black-color\">Por eso, los<\/mark><mark style=\"background-color:rgba(0, 0, 0, 0);color:#900551\" class=\"has-inline-color\"> <strong>actuarios<\/strong> <\/mark><mark style=\"background-color:rgba(0, 0, 0, 0)\" class=\"has-inline-color has-black-color\">que realizan estas diligencias<\/mark><mark style=\"background-color:rgba(0, 0, 0, 0);color:#900551\" class=\"has-inline-color\"> <strong>est\u00e1n investidos de fe p\u00fablica<\/strong>, <\/mark><mark style=\"background-color:rgba(0, 0, 0, 0)\" class=\"has-inline-color has-black-color\">y esto <\/mark><strong><mark style=\"background-color:#ff6900\" class=\"has-inline-color has-black-color\">les otorga veracidad a los hechos que documentan<\/mark><\/strong><mark style=\"background-color:rgba(0, 0, 0, 0)\" class=\"has-inline-color has-black-color\">,<\/mark><mark style=\"background-color:rgba(0, 0, 0, 0);color:#900551\" class=\"has-inline-color\"> <strong>salvo prueba en contrario<\/strong>. <\/mark><\/p>\n\n\n\n<p><mark style=\"background-color:rgba(0, 0, 0, 0)\" class=\"has-inline-color has-black-color\">Por ello, la<\/mark><mark style=\"background-color:rgba(0, 0, 0, 0);color:#900551\" class=\"has-inline-color\"> <strong>prueba testimonial es un medio id\u00f3neo para acreditar el domicilio de una persona llamada a juicio<\/strong><\/mark>, ya que se basa en hechos perceptibles y narrables de manera coherente en juicio.<\/p>\n\n\n\n<p>No obstante, esta <mark style=\"background-color:rgba(0, 0, 0, 0);color:#0a2eb5\" class=\"has-inline-color\"><strong>prueba<\/strong>, <\/mark><mark style=\"background-color:rgba(0, 0, 0, 0)\" class=\"has-inline-color has-black-color\">por s\u00ed sola, es<\/mark><mark style=\"background-color:rgba(0, 0, 0, 0);color:#0a2eb5\" class=\"has-inline-color\"> <strong>insuficiente<\/strong> <\/mark><mark style=\"background-color:rgba(0, 0, 0, 0)\" class=\"has-inline-color has-black-color\">para<\/mark><mark style=\"background-color:rgba(0, 0, 0, 0);color:#0a2eb5\" class=\"has-inline-color\"> <strong>desvirtuar lo asentado por el actuario<\/strong> <\/mark><mark style=\"background-color:rgba(0, 0, 0, 0)\" class=\"has-inline-color has-black-color\">en la raz\u00f3n actuarial, y <\/mark><mark style=\"background-color:rgba(0, 0, 0, 0);color:#0a2eb5\" class=\"has-inline-color\"><strong>debe estar acompa\u00f1ada de otros medios probatorios que generen convicci\u00f3n<\/strong> <\/mark><mark style=\"background-color:rgba(0, 0, 0, 0)\" class=\"has-inline-color has-black-color\">en el juzgador sobre la <\/mark><mark style=\"background-color:rgba(0, 0, 0, 0);color:#0a2eb5\" class=\"has-inline-color\"><strong>incorrecta realizaci\u00f3n del emplazamiento<\/strong><\/mark> en el domicilio del demandado.<\/p>\n\n\n\n<p>.<\/p>\n\n\n\n<p>Esta <strong><mark style=\"background-color:#f2b2c2\" class=\"has-inline-color\">Resoluci\u00f3n<\/mark> <\/strong>es de <strong>aplicaci\u00f3n <mark style=\"background-color:rgba(0, 0, 0, 0);color:#ae0202\" class=\"has-inline-color\">OBLIGATORIA<\/mark> <\/strong>en todo el pa\u00eds a partir de esta semana.<\/p>\n\n\n\n<p><strong><mark style=\"background-color:rgba(0, 0, 0, 0);color:#b00970\" class=\"has-inline-color\">Jurisprudencia CIVIL<\/mark><\/strong><\/p>\n\n\n\n<p>.<\/p>\n\n\n\n<p>.<\/p>\n\n\n\n<p class=\"wp-embed-aspect-16-9 wp-has-aspect-ratio\">Si estas en el <strong><mark style=\"background-color:rgba(0, 0, 0, 0)\" class=\"has-inline-color has-vivid-red-color\">Extranjero <\/mark><\/strong>nosotros somos tu <strong><mark style=\"background-color:rgba(0, 0, 0, 0)\" class=\"has-inline-color has-vivid-green-cyan-color\">mejor<\/mark><\/strong> alternativa para <strong><mark style=\"background-color:rgba(0, 0, 0, 0)\" class=\"has-inline-color has-luminous-vivid-orange-color\">velar<\/mark><\/strong> por tus <strong><mark style=\"background-color:rgba(0, 0, 0, 0)\" class=\"has-inline-color has-vivid-cyan-blue-color\">intereses<\/mark><\/strong>, escr\u00edbenos o ll\u00e1manos al Tel <strong>55581-11311<\/strong>.<\/p>\n\n\n\n<p>Cuando<strong> necesites<\/strong> ayuda, <strong>asistencia<\/strong> o <strong>planeaci\u00f3n<\/strong> legal, <strong>solicita<\/strong> <strong>Cita Privada<\/strong> <a href=\"mailto:bi@sm99.mx\" target=\"_blank\" rel=\"noreferrer noopener\"><strong>Aqu\u00ed<\/strong><\/a><\/p>\n\n\n\n<p>La informaci\u00f3n que AQU\u00cd te presentamos <strong>deriva<\/strong> de los <strong>Peri\u00f3dicos Oficiales <\/strong>de la<strong> CdMx<\/strong>, <strong>Estado<\/strong> de Mex., Diario <strong>Oficial<\/strong> de la Federaci\u00f3n, Suprema Corte de<strong> Justicia<\/strong> de la Naci\u00f3n, por lo tanto es de <strong>aplicaci\u00f3n OBLIGATORIA<\/strong><\/p>\n\n\n\n<p>La <strong>informaci\u00f3n<\/strong> de hoy procede de la Suprema Corte de Justicia<\/p>\n\n\n\n<p><strong><mark style=\"background-color:rgba(0, 0, 0, 0)\" class=\"has-inline-color has-luminous-vivid-orange-color\">AY\u00daDANOS<\/mark><\/strong> para que m\u00e1s personas conozcan esta informaci\u00f3n, <strong>Comp\u00e1rtelo<\/strong> en tus redes sociales<\/p>\n","protected":false},"excerpt":{"rendered":"<p>Views: 45 . Esta Antecedente Surge luego de que Tribunales contendientes presentaron criterios diferentes sobre la conveniencia de la prueba testimonial para acreditar el domicilio de una persona emplazada a juicio UNO argument\u00f3 que la prueba testimonial no es adecuada, ya que no puede sustituir las exigencias legales que debe cumplir el actuario durante la [&hellip;]<\/p>\n","protected":false},"author":3,"featured_media":30290,"comment_status":"closed","ping_status":"open","sticky":false,"template":"","format":"standard","meta":{"_jetpack_memberships_contains_paid_content":false,"footnotes":""},"categories":[4],"tags":[],"jetpack_sharing_enabled":true,"jetpack_featured_media_url":"http:\/\/www.salgadonoticias.com\/wp-content\/uploads\/2024\/11\/testimonio.jpg","_links":{"self":[{"href":"http:\/\/www.salgadonoticias.com\/index.php?rest_route=\/wp\/v2\/posts\/30286"}],"collection":[{"href":"http:\/\/www.salgadonoticias.com\/index.php?rest_route=\/wp\/v2\/posts"}],"about":[{"href":"http:\/\/www.salgadonoticias.com\/index.php?rest_route=\/wp\/v2\/types\/post"}],"author":[{"embeddable":true,"href":"http:\/\/www.salgadonoticias.com\/index.php?rest_route=\/wp\/v2\/users\/3"}],"replies":[{"embeddable":true,"href":"http:\/\/www.salgadonoticias.com\/index.php?rest_route=%2Fwp%2Fv2%2Fcomments&post=30286"}],"version-history":[{"count":6,"href":"http:\/\/www.salgadonoticias.com\/index.php?rest_route=\/wp\/v2\/posts\/30286\/revisions"}],"predecessor-version":[{"id":30314,"href":"http:\/\/www.salgadonoticias.com\/index.php?rest_route=\/wp\/v2\/posts\/30286\/revisions\/30314"}],"wp:featuredmedia":[{"embeddable":true,"href":"http:\/\/www.salgadonoticias.com\/index.php?rest_route=\/wp\/v2\/media\/30290"}],"wp:attachment":[{"href":"http:\/\/www.salgadonoticias.com\/index.php?rest_route=%2Fwp%2Fv2%2Fmedia&parent=30286"}],"wp:term":[{"taxonomy":"category","embeddable":true,"href":"http:\/\/www.salgadonoticias.com\/index.php?rest_route=%2Fwp%2Fv2%2Fcategories&post=30286"},{"taxonomy":"post_tag","embeddable":true,"href":"http:\/\/www.salgadonoticias.com\/index.php?rest_route=%2Fwp%2Fv2%2Ftags&post=30286"}],"curies":[{"name":"wp","href":"https:\/\/api.w.org\/{rel}","templated":true}]}}