{"id":30316,"date":"2024-11-12T01:09:00","date_gmt":"2024-11-12T07:09:00","guid":{"rendered":"https:\/\/www.salgadonoticias.com\/?p=30316"},"modified":"2024-11-12T16:35:56","modified_gmt":"2024-11-12T22:35:56","slug":"30316","status":"publish","type":"post","link":"http:\/\/www.salgadonoticias.com\/?p=30316","title":{"rendered":"Para Monto de Da\u00f1o MORAL o MATERIAL se DEBE aplicar Ley General de V\u00edctimas y CRITERIOS Judiciales\u2026!!!"},"content":{"rendered":"<p>Views: 9<\/p>\n<p>.<\/p>\n\n\n\n<figure class=\"wp-block-embed is-type-video is-provider-youtube wp-block-embed-youtube wp-embed-aspect-16-9 wp-has-aspect-ratio\"><div class=\"wp-block-embed__wrapper\">\n<iframe loading=\"lazy\" title=\"Para Monto de DA\u00d1O MORAL o MATERIAL se DEBE aplicar Ley General de V\u00edctimas y CRITERIOS Judiciales.\" width=\"640\" height=\"360\" src=\"https:\/\/www.youtube.com\/embed\/r0aeiQhq-ew?feature=oembed\" frameborder=\"0\" allow=\"accelerometer; autoplay; clipboard-write; encrypted-media; gyroscope; picture-in-picture; web-share\" referrerpolicy=\"strict-origin-when-cross-origin\" allowfullscreen><\/iframe>\n<\/div><\/figure>\n\n\n\n<p>.<\/p>\n\n\n\n<p>Este <strong>ANTECEDENTE<\/strong><\/p>\n\n\n\n<p>Surge luego de que una <mark style=\"background-color:#ff6900\" class=\"has-inline-color\">v\u00edctima <strong>indirecta<\/strong><\/mark><mark style=\"background-color:rgba(0, 0, 0, 0);color:#380568\" class=\"has-inline-color\"> <\/mark><mark style=\"background-color:rgba(0, 0, 0, 0)\" class=\"has-inline-color has-black-color\">de <\/mark><mark style=\"background-color:#7bdcb5\" class=\"has-inline-color has-black-color\">homicidio doloso por responsabilidad m\u00e9dica<\/mark><mark style=\"background-color:rgba(0, 0, 0, 0);color:#380568\" class=\"has-inline-color\"> <strong>promovi\u00f3<\/strong> <\/mark><mark style=\"background-color:rgba(0, 0, 0, 0)\" class=\"has-inline-color has-black-color\">un juicio de <\/mark><mark style=\"background-color:rgba(0, 0, 0, 0);color:#380568\" class=\"has-inline-color\"><strong>amparo<\/strong><\/mark><mark style=\"background-color:rgba(0, 0, 0, 0)\" class=\"has-inline-color has-black-color\"> directo<\/mark><mark style=\"background-color:rgba(0, 0, 0, 0);color:#380568\" class=\"has-inline-color\"> <strong>contra la sentencia condenatoria<\/strong>. <\/mark><\/p>\n\n\n\n<p><mark style=\"background-color:rgba(0, 0, 0, 0)\" class=\"has-inline-color has-black-color\">En la demanda, argument\u00f3 que los <strong>\u00f3rganos jurisdiccionale<\/strong><\/mark><mark style=\"background-color:rgba(0, 0, 0, 0);color:#380568\" class=\"has-inline-color\"><strong>s<\/strong> <strong>DEBEN<\/strong> <strong>aplicar<\/strong> <\/mark><mark style=\"background-color:rgba(0, 0, 0, 0)\" class=\"has-inline-color has-black-color\">las reglas de la<\/mark><mark style=\"background-color:rgba(0, 0, 0, 0);color:#380568\" class=\"has-inline-color\"> <strong>Ley General de V\u00edctimas<\/strong> <\/mark><mark style=\"background-color:rgba(0, 0, 0, 0)\" class=\"has-inline-color has-black-color\">para<\/mark><mark style=\"background-color:rgba(0, 0, 0, 0);color:#380568\" class=\"has-inline-color\"> <strong>determinar<\/strong> <\/mark><mark style=\"background-color:rgba(0, 0, 0, 0)\" class=\"has-inline-color has-black-color\">los<strong> <\/strong><\/mark><mark style=\"background-color:rgba(0, 0, 0, 0);color:#380568\" class=\"has-inline-color\"><strong>montos<\/strong> <\/mark><mark style=\"background-color:rgba(0, 0, 0, 0)\" class=\"has-inline-color has-black-color\">econ\u00f3micos de la<\/mark><mark style=\"background-color:rgba(0, 0, 0, 0);color:#380568\" class=\"has-inline-color\"><strong> reparaci\u00f3n<\/strong> del <strong>da\u00f1o moral y material.<\/strong><\/mark><\/p>\n\n\n\n<p><strong>.<\/strong><\/p>\n\n\n\n<p>La <strong><mark style=\"background-color:rgba(0, 0, 0, 0);color:#1b07e3\" class=\"has-inline-color\">Suprema Corte de Justicia<\/mark> <\/strong>a trav\u00e9s de la Primera Sala <strong><mark style=\"background-color:rgba(0, 0, 0, 0);color:#8c0505\" class=\"has-inline-color\">DETERMIN\u00d3<\/mark> <\/strong>que autoridades penales <mark style=\"background-color:#fbca42\" class=\"has-inline-color\">DEBEN <strong>aplicar<\/strong> <\/mark><em><u><mark style=\"background-color:#cf2e2e\" class=\"has-inline-color\">supletoriamente<\/mark><\/u><\/em><mark style=\"background-color:#fbca42\" class=\"has-inline-color\"><em> <\/em>la <strong>Ley General de V\u00edctimas<\/strong><\/mark> <mark style=\"background-color:rgba(0, 0, 0, 0)\" class=\"has-inline-color has-vivid-red-color\"><strong>y<\/strong><\/mark> los <strong>criterios judiciales<\/strong> relacionados <mark style=\"background-color:rgba(0, 0, 0, 0)\" class=\"has-inline-color has-black-color\">para<\/mark><mark style=\"background-color:rgba(0, 0, 0, 0);color:#90033d\" class=\"has-inline-color\"> <strong>disponer<\/strong> <\/mark><mark style=\"background-color:rgba(0, 0, 0, 0)\" class=\"has-inline-color has-black-color\">y ordenar el<\/mark><mark style=\"background-color:rgba(0, 0, 0, 0);color:#90033d\" class=\"has-inline-color\"> <strong>monto econ\u00f3mico<\/strong> <\/mark><mark style=\"background-color:rgba(0, 0, 0, 0)\" class=\"has-inline-color has-black-color\">del<\/mark><mark style=\"background-color:rgba(0, 0, 0, 0);color:#90033d\" class=\"has-inline-color\"> <strong><u>da\u00f1o moral y material<\/u><\/strong> <\/mark><mark style=\"background-color:rgba(0, 0, 0, 0)\" class=\"has-inline-color has-black-color\">en la<\/mark><mark style=\"background-color:rgba(0, 0, 0, 0);color:#90033d\" class=\"has-inline-color\"> <strong>reparaci\u00f3n del da\u00f1o<\/strong>, <\/mark><mark style=\"background-color:rgba(0, 0, 0, 0)\" class=\"has-inline-color has-black-color\">siempre que <\/mark><mark style=\"background-color:rgba(0, 0, 0, 0);color:#90033d\" class=\"has-inline-color\"><strong>NO se incumplan normas penales.<\/strong><\/mark><\/p>\n\n\n\n<p>.<\/p>\n\n\n\n<p>La justificaci\u00f3n de la <strong><mark style=\"background-color:rgba(0, 0, 0, 0);color:#3107e3\" class=\"has-inline-color\">SCJN<\/mark><\/strong> es que tanto la <mark style=\"background-color:rgba(0, 0, 0, 0);color:#b75007\" class=\"has-inline-color\"><strong>legislaci\u00f3n penal<\/strong> como la <strong>aplicable<\/strong><\/mark> en materia de los <mark style=\"background-color:rgba(0, 0, 0, 0);color:#c65606\" class=\"has-inline-color\"><strong>derechos cuya titularidad corresponde a las v\u00edctimas <\/strong><\/mark><mark style=\"background-color:rgba(0, 0, 0, 0)\" class=\"has-inline-color has-black-color\">directas e<strong> <\/strong><\/mark><mark style=\"background-color:rgba(0, 0, 0, 0);color:#c65606\" class=\"has-inline-color\"><strong>indirectas<\/strong> <\/mark>de un delito (Ley General de V\u00edctimas) <mark style=\"background-color:rgba(0, 0, 0, 0);color:#38069d\" class=\"has-inline-color\"><strong>reconocen<\/strong> <\/mark><mark style=\"background-color:rgba(0, 0, 0, 0)\" class=\"has-inline-color has-black-color\">una serie de<\/mark><mark style=\"background-color:rgba(0, 0, 0, 0);color:#38069d\" class=\"has-inline-color\"> <strong>garant\u00edas<\/strong> <\/mark><mark style=\"background-color:rgba(0, 0, 0, 0)\" class=\"has-inline-color has-black-color\">que aseguran la efectividad del<\/mark><mark style=\"background-color:rgba(0, 0, 0, 0);color:#38069d\" class=\"has-inline-color\"> <strong>derecho humano a una reparaci\u00f3n integral del da\u00f1o<\/strong><\/mark>. <\/p>\n\n\n\n<p>Y por lo tanto, se trata de <mark style=\"background-color:#bdeedb\" class=\"has-inline-color\"><strong><u>legislaciones<\/u><\/strong> que m\u00e1s all\u00e1 de excluirse <strong>deben complementarse<\/strong> y <\/mark><em><u><strong><mark style=\"background-color:#0693e3\" class=\"has-inline-color\">ser interpretadas sistem\u00e1ticamente<\/mark><\/strong><\/u><\/em><mark style=\"background-color:#bdeedb\" class=\"has-inline-color\"><em><u> para su aplicaci\u00f3n jur\u00eddica apropiada<\/u><\/em><\/mark>. <\/p>\n\n\n\n<p>M\u00e1s si la reparaci\u00f3n del da\u00f1o constituye la teleolog\u00eda de las <mark style=\"background-color:rgba(0, 0, 0, 0);color:#c00707\" class=\"has-inline-color\"><strong>normas penales<\/strong> <\/mark><mark style=\"background-color:rgba(0, 0, 0, 0)\" class=\"has-inline-color has-black-color\">desde la <\/mark><mark style=\"background-color:rgba(0, 0, 0, 0);color:#c00707\" class=\"has-inline-color\"><strong>perspectiva<\/strong> <\/mark><mark style=\"background-color:rgba(0, 0, 0, 0)\" class=\"has-inline-color has-black-color\">del bloque de <\/mark><mark style=\"background-color:rgba(0, 0, 0, 0);color:#c00707\" class=\"has-inline-color\"><strong>derechos humanos<\/strong> <\/mark><mark style=\"background-color:rgba(0, 0, 0, 0)\" class=\"has-inline-color has-black-color\">que<\/mark><mark style=\"background-color:rgba(0, 0, 0, 0);color:#c00707\" class=\"has-inline-color\"> <strong>reconocen a las v\u00edctimas de un delito<\/strong>.<\/mark><mark style=\"background-color:rgba(0, 0, 0, 0)\" class=\"has-inline-color has-black-color\"> Lo cual <\/mark><mark style=\"background-color:rgba(0, 0, 0, 0);color:#c00707\" class=\"has-inline-color\"><strong>garantiza el orden, la seguridad y la igualdad<\/strong> <\/mark>formal que se predica sobre el ordenamiento jur\u00eddico<\/p>\n\n\n\n<p>Esta <strong><mark style=\"background-color:#f1b9c7\" class=\"has-inline-color\">resoluci\u00f3n<\/mark><\/strong> es de <strong>aplicaci\u00f3n <mark style=\"background-color:rgba(0, 0, 0, 0);color:#920606\" class=\"has-inline-color\">OBLIGATORIA<\/mark><\/strong> en todo el pa\u00eds a partir de esta semana.<\/p>\n\n\n\n<p><strong><mark style=\"background-color:rgba(0, 0, 0, 0);color:#c00779\" class=\"has-inline-color\">Jurisprudencia PENAL<\/mark><\/strong><\/p>\n\n\n\n<p>.<\/p>\n\n\n\n<p>.<\/p>\n\n\n\n<p class=\"wp-embed-aspect-16-9 wp-has-aspect-ratio\">Si estas en el <strong><mark style=\"background-color:rgba(0, 0, 0, 0)\" class=\"has-inline-color has-vivid-red-color\">Extranjero <\/mark><\/strong>nosotros somos tu <strong><mark style=\"background-color:rgba(0, 0, 0, 0)\" class=\"has-inline-color has-vivid-green-cyan-color\">mejor<\/mark><\/strong> alternativa para <strong><mark style=\"background-color:rgba(0, 0, 0, 0)\" class=\"has-inline-color has-luminous-vivid-orange-color\">velar<\/mark><\/strong> por tus <strong><mark style=\"background-color:rgba(0, 0, 0, 0)\" class=\"has-inline-color has-vivid-cyan-blue-color\">intereses<\/mark><\/strong>, escr\u00edbenos o ll\u00e1manos al Tel <strong>55581-11311<\/strong>.<\/p>\n\n\n\n<p>Cuando<strong> necesites<\/strong> ayuda, <strong>asistencia<\/strong> o <strong>planeaci\u00f3n<\/strong> legal, <strong>solicita<\/strong> <strong>Cita Privada<\/strong> <a href=\"mailto:bi@sm99.mx\" target=\"_blank\" rel=\"noreferrer noopener\"><strong>Aqu\u00ed<\/strong><\/a><\/p>\n\n\n\n<p>La informaci\u00f3n que AQU\u00cd te presentamos <strong>deriva<\/strong> de los <strong>Peri\u00f3dicos Oficiales <\/strong>de la<strong> CdMx<\/strong>, <strong>Estado<\/strong> de Mex., Diario <strong>Oficial<\/strong> de la Federaci\u00f3n, Suprema Corte de<strong> Justicia<\/strong> de la Naci\u00f3n, por lo tanto es de <strong>aplicaci\u00f3n OBLIGATORIA<\/strong><\/p>\n\n\n\n<p>La <strong>informaci\u00f3n<\/strong> de hoy procede de la Suprema Corte de Justicia<\/p>\n\n\n\n<p><strong><mark style=\"background-color:rgba(0, 0, 0, 0)\" class=\"has-inline-color has-luminous-vivid-orange-color\">AY\u00daDANOS<\/mark><\/strong> para que m\u00e1s personas conozcan esta informaci\u00f3n, <strong>Comp\u00e1rtelo<\/strong> en tus redes sociales<\/p>\n","protected":false},"excerpt":{"rendered":"<p>Views: 9 . . Este ANTECEDENTE Surge luego de que una v\u00edctima indirecta de homicidio doloso por responsabilidad m\u00e9dica promovi\u00f3 un juicio de amparo directo contra la sentencia condenatoria. En la demanda, argument\u00f3 que los \u00f3rganos jurisdiccionales DEBEN aplicar las reglas de la Ley General de V\u00edctimas para determinar los montos econ\u00f3micos de la reparaci\u00f3n [&hellip;]<\/p>\n","protected":false},"author":3,"featured_media":30320,"comment_status":"closed","ping_status":"open","sticky":false,"template":"","format":"standard","meta":{"_jetpack_memberships_contains_paid_content":false,"footnotes":""},"categories":[4],"tags":[],"jetpack_sharing_enabled":true,"jetpack_featured_media_url":"http:\/\/www.salgadonoticias.com\/wp-content\/uploads\/2024\/11\/reparacion.jpg","_links":{"self":[{"href":"http:\/\/www.salgadonoticias.com\/index.php?rest_route=\/wp\/v2\/posts\/30316"}],"collection":[{"href":"http:\/\/www.salgadonoticias.com\/index.php?rest_route=\/wp\/v2\/posts"}],"about":[{"href":"http:\/\/www.salgadonoticias.com\/index.php?rest_route=\/wp\/v2\/types\/post"}],"author":[{"embeddable":true,"href":"http:\/\/www.salgadonoticias.com\/index.php?rest_route=\/wp\/v2\/users\/3"}],"replies":[{"embeddable":true,"href":"http:\/\/www.salgadonoticias.com\/index.php?rest_route=%2Fwp%2Fv2%2Fcomments&post=30316"}],"version-history":[{"count":6,"href":"http:\/\/www.salgadonoticias.com\/index.php?rest_route=\/wp\/v2\/posts\/30316\/revisions"}],"predecessor-version":[{"id":30341,"href":"http:\/\/www.salgadonoticias.com\/index.php?rest_route=\/wp\/v2\/posts\/30316\/revisions\/30341"}],"wp:featuredmedia":[{"embeddable":true,"href":"http:\/\/www.salgadonoticias.com\/index.php?rest_route=\/wp\/v2\/media\/30320"}],"wp:attachment":[{"href":"http:\/\/www.salgadonoticias.com\/index.php?rest_route=%2Fwp%2Fv2%2Fmedia&parent=30316"}],"wp:term":[{"taxonomy":"category","embeddable":true,"href":"http:\/\/www.salgadonoticias.com\/index.php?rest_route=%2Fwp%2Fv2%2Fcategories&post=30316"},{"taxonomy":"post_tag","embeddable":true,"href":"http:\/\/www.salgadonoticias.com\/index.php?rest_route=%2Fwp%2Fv2%2Ftags&post=30316"}],"curies":[{"name":"wp","href":"https:\/\/api.w.org\/{rel}","templated":true}]}}