{"id":30337,"date":"2024-11-14T01:13:00","date_gmt":"2024-11-14T07:13:00","guid":{"rendered":"https:\/\/www.salgadonoticias.com\/?p=30337"},"modified":"2024-11-14T10:02:07","modified_gmt":"2024-11-14T16:02:07","slug":"30337","status":"publish","type":"post","link":"http:\/\/www.salgadonoticias.com\/?p=30337","title":{"rendered":"En SEPARACI\u00d3N de Juicios LABORALES son COMPETENTES Tribunales COLEGIADOS de CIRCUITO\u2026!!!"},"content":{"rendered":"<p>Views: 5<\/p>\n<p>.<\/p>\n\n\n\n<p>Este <strong>ANTECEDENTE:<\/strong><\/p>\n\n\n\n<p><mark style=\"background-color:rgba(0, 0, 0, 0);color:#2f7d02\" class=\"has-inline-color\"><strong>Surge <\/strong><\/mark><mark style=\"background-color:rgba(0, 0, 0, 0)\" class=\"has-inline-color has-black-color\">luego de que <\/mark><mark style=\"background-color:rgba(0, 0, 0, 0);color:#2f7d02\" class=\"has-inline-color\"><strong>Tribunales Colegiados<\/strong> <\/mark><mark style=\"background-color:rgba(0, 0, 0, 0)\" class=\"has-inline-color has-black-color\">de Circuito <strong>tuvieron criterios <\/strong><\/mark><strong><mark style=\"background-color:rgba(0, 0, 0, 0)\" class=\"has-inline-color has-vivid-red-color\">contradictorios<\/mark><\/strong><mark style=\"background-color:rgba(0, 0, 0, 0)\" class=\"has-inline-color has-black-color\"> sobre <\/mark><mark style=\"background-color:rgba(0, 0, 0, 0);color:#2f7d02\" class=\"has-inline-color\"><strong>si existen conflictos de competencia<\/strong> <\/mark><mark style=\"background-color:rgba(0, 0, 0, 0)\" class=\"has-inline-color has-black-color\">ENTRE Tribunales Laborales de Asuntos Individuales <\/mark><mark style=\"background-color:rgba(0, 0, 0, 0);color:#2f7d02\" class=\"has-inline-color\"><strong>debido a la separaci\u00f3n de juicios<\/strong>. <\/mark><\/p>\n\n\n\n<p><em><u><mark style=\"background-color:rgba(0, 0, 0, 0)\" class=\"has-inline-color has-black-color\">Uno determin\u00f3 que<\/mark><\/u><\/em><mark style=\"background-color:rgba(0, 0, 0, 0);color:#2f7d02\" class=\"has-inline-color\"><em><u> <\/u><\/em><\/mark><u><strong><mark style=\"background-color:#ff6900\" class=\"has-inline-color has-black-color\">no pod\u00eda haber conflicto de competencia<\/mark><\/strong><\/u><mark style=\"background-color:rgba(0, 0, 0, 0);color:#2f7d02\" class=\"has-inline-color\">, <\/mark><mark style=\"background-color:rgba(0, 0, 0, 0)\" class=\"has-inline-color has-black-color\">mientras que <em><u>otros consideraron<\/u><\/em> que<\/mark><mark style=\"background-color:rgba(0, 0, 0, 0);color:#2f7d02\" class=\"has-inline-color\"> <strong>s\u00ed era posible<\/strong> <\/mark>y que <mark style=\"background-color:#f78da7\" class=\"has-inline-color\">deb\u00edan resolverse aplicando inversamente las reglas de acumulaci\u00f3n de juicios<\/mark>.<\/p>\n\n\n\n<p>.<\/p>\n\n\n\n<p>La <strong><mark style=\"background-color:rgba(0, 0, 0, 0);color:#130383\" class=\"has-inline-color\">Suprema Corte de Justicia <\/mark><\/strong>a trav\u00e9s del Pleno Regional en Materia Penal y de <strong><mark style=\"background-color:#d0dce6\" class=\"has-inline-color\">Trabajo<\/mark><\/strong> de la Regi\u00f3n Centro-Sur, <strong><mark style=\"background-color:rgba(0, 0, 0, 0);color:#8f0202\" class=\"has-inline-color\">DETERMIN\u00d3<\/mark><\/strong> que los <mark style=\"background-color:#18f8a6\" class=\"has-inline-color\"><strong>conflictos derivados de la separaci\u00f3n<\/strong> de <strong>juicios laborales<\/strong> DEBEN ser <strong>resueltos por los Tribunales Colegiados de Circuito<\/strong>.<\/mark><\/p>\n\n\n\n<p>.<\/p>\n\n\n\n<p>La justificaci\u00f3n de la <strong><mark style=\"background-color:rgba(0, 0, 0, 0);color:#2a07e3\" class=\"has-inline-color\">SCJN<\/mark> <\/strong>es que, aunque <mark style=\"background-color:rgba(0, 0, 0, 0);color:#b10563\" class=\"has-inline-color\"><strong>no pueden surgir conflictos<\/strong> <em>estrictamente competenciales<\/em> <em><strong>entre Tribunales Laborales<\/strong><\/em> con<em> id\u00e9ntica competencia legal<\/em><\/mark>, <mark style=\"background-color:rgba(0, 0, 0, 0);color:#05a307\" class=\"has-inline-color\"><strong>s\u00ed pueden presentarse conflictos derivados de la separaci\u00f3n de juicios<\/strong>.<\/mark><\/p>\n\n\n\n<p>La jurisprudencia PR.P.T.CS. J\/22 L (11a.) <mark style=\"background-color:#f7a870\" class=\"has-inline-color\"><strong>establece<\/strong><\/mark><mark style=\"background-color:#ffffff\" class=\"has-inline-color\"> que, <\/mark><mark style=\"background-color:#f7a870\" class=\"has-inline-color\"><strong>aunque<\/strong><\/mark><mark style=\"background-color:#ffffff\" class=\"has-inline-color\"> <em>no est\u00e9 expresamente previsto en la Ley Federal del Trabajo<\/em>, <\/mark><mark style=\"background-color:#f7a870\" class=\"has-inline-color\"><strong>procede la separaci\u00f3n de juicios aplicando inversamente las reglas de acumulaci\u00f3n<\/strong>.<\/mark><\/p>\n\n\n\n<p><mark style=\"background-color:#f7a870\" class=\"has-inline-color\"> <\/mark><mark style=\"background-color:#ffffff\" class=\"has-inline-color\">As\u00ed los <\/mark><mark style=\"background-color:#f7a870\" class=\"has-inline-color\"><strong>Tribunales Colegiados de Circuito<\/strong><\/mark><mark style=\"background-color:#ffffff\" class=\"has-inline-color\"> son <\/mark><mark style=\"background-color:#f7a870\" class=\"has-inline-color\"><strong>COMPETENTES<\/strong><\/mark><mark style=\"background-color:#ffffff\" class=\"has-inline-color\"> para <\/mark><mark style=\"background-color:#f7a870\" class=\"has-inline-color\"><strong>resolver estos conflictos<\/strong>.<\/mark><mark style=\"background-color:#ffffff\" class=\"has-inline-color\"> Adem\u00e1s, se <\/mark><mark style=\"background-color:#f7a870\" class=\"has-inline-color\">i<strong>nterrumpe<\/strong><\/mark><mark style=\"background-color:#ffffff\" class=\"has-inline-color\"> la jurisprudencia PR.L.CS. J\/50 L (11a.), que sosten\u00eda que <\/mark><mark style=\"background-color:#f7a870\" class=\"has-inline-color\"><strong>no pod\u00edan suscitarse conflictos por acumulaci\u00f3n de juicios entre tribunales con id\u00e9ntica competencia<\/strong><\/mark><\/p>\n\n\n\n<p>.<\/p>\n\n\n\n<p>Esta <strong><mark style=\"background-color:#9bebf1\" class=\"has-inline-color\">resoluci\u00f3n<\/mark><\/strong> es de <strong>aplicaci\u00f3n <mark style=\"background-color:rgba(0, 0, 0, 0);color:#9d0505\" class=\"has-inline-color\">OBLIGATORIA<\/mark><\/strong> en todo el pa\u00eds a partir de esta semana.<\/p>\n\n\n\n<p><strong><mark style=\"background-color:rgba(0, 0, 0, 0);color:#430280\" class=\"has-inline-color\">Jurisprudencia LABORAL<\/mark><\/strong><\/p>\n\n\n\n<p>.<\/p>\n\n\n\n<p class=\"wp-embed-aspect-16-9 wp-has-aspect-ratio\">Si estas en el <strong><mark style=\"background-color:rgba(0, 0, 0, 0)\" class=\"has-inline-color has-vivid-red-color\">Extranjero <\/mark><\/strong>nosotros somos tu <strong><mark style=\"background-color:rgba(0, 0, 0, 0)\" class=\"has-inline-color has-vivid-green-cyan-color\">mejor<\/mark><\/strong> alternativa para <strong><mark style=\"background-color:rgba(0, 0, 0, 0)\" class=\"has-inline-color has-luminous-vivid-orange-color\">velar<\/mark><\/strong> por tus <strong><mark style=\"background-color:rgba(0, 0, 0, 0)\" class=\"has-inline-color has-vivid-cyan-blue-color\">intereses<\/mark><\/strong>, escr\u00edbenos o ll\u00e1manos al Tel <strong>55581-11311<\/strong>.<\/p>\n\n\n\n<p>Cuando<strong> necesites<\/strong> ayuda, <strong>asistencia<\/strong> o <strong>planeaci\u00f3n<\/strong> legal, <strong>solicita<\/strong> <strong>Cita Privada<\/strong> <a href=\"mailto:bi@sm99.mx\" target=\"_blank\" rel=\"noreferrer noopener\"><strong>Aqu\u00ed<\/strong><\/a><\/p>\n\n\n\n<p>La informaci\u00f3n que AQU\u00cd te presentamos <strong>deriva<\/strong> de los <strong>Peri\u00f3dicos Oficiales <\/strong>de la<strong> CdMx<\/strong>, <strong>Estado<\/strong> de Mex., Diario <strong>Oficial<\/strong> de la Federaci\u00f3n, Suprema Corte de<strong> Justicia<\/strong> de la Naci\u00f3n, por lo tanto es de <strong>aplicaci\u00f3n OBLIGATORIA<\/strong><\/p>\n\n\n\n<p>La <strong>informaci\u00f3n<\/strong> de hoy procede de la Suprema Corte de Justicia<\/p>\n\n\n\n<p><strong><mark style=\"background-color:rgba(0, 0, 0, 0)\" class=\"has-inline-color has-luminous-vivid-orange-color\">AY\u00daDANOS<\/mark><\/strong> para que m\u00e1s personas conozcan esta informaci\u00f3n, <strong>Comp\u00e1rtelo<\/strong> en tus redes sociales<\/p>\n","protected":false},"excerpt":{"rendered":"<p>Views: 5 . Este ANTECEDENTE: Surge luego de que Tribunales Colegiados de Circuito tuvieron criterios contradictorios sobre si existen conflictos de competencia ENTRE Tribunales Laborales de Asuntos Individuales debido a la separaci\u00f3n de juicios. Uno determin\u00f3 que no pod\u00eda haber conflicto de competencia, mientras que otros consideraron que s\u00ed era posible y que deb\u00edan resolverse [&hellip;]<\/p>\n","protected":false},"author":3,"featured_media":30343,"comment_status":"closed","ping_status":"open","sticky":false,"template":"","format":"standard","meta":{"_jetpack_memberships_contains_paid_content":false,"footnotes":""},"categories":[4],"tags":[],"jetpack_sharing_enabled":true,"jetpack_featured_media_url":"http:\/\/www.salgadonoticias.com\/wp-content\/uploads\/2024\/11\/TRIBUNALES.jpg","_links":{"self":[{"href":"http:\/\/www.salgadonoticias.com\/index.php?rest_route=\/wp\/v2\/posts\/30337"}],"collection":[{"href":"http:\/\/www.salgadonoticias.com\/index.php?rest_route=\/wp\/v2\/posts"}],"about":[{"href":"http:\/\/www.salgadonoticias.com\/index.php?rest_route=\/wp\/v2\/types\/post"}],"author":[{"embeddable":true,"href":"http:\/\/www.salgadonoticias.com\/index.php?rest_route=\/wp\/v2\/users\/3"}],"replies":[{"embeddable":true,"href":"http:\/\/www.salgadonoticias.com\/index.php?rest_route=%2Fwp%2Fv2%2Fcomments&post=30337"}],"version-history":[{"count":4,"href":"http:\/\/www.salgadonoticias.com\/index.php?rest_route=\/wp\/v2\/posts\/30337\/revisions"}],"predecessor-version":[{"id":30359,"href":"http:\/\/www.salgadonoticias.com\/index.php?rest_route=\/wp\/v2\/posts\/30337\/revisions\/30359"}],"wp:featuredmedia":[{"embeddable":true,"href":"http:\/\/www.salgadonoticias.com\/index.php?rest_route=\/wp\/v2\/media\/30343"}],"wp:attachment":[{"href":"http:\/\/www.salgadonoticias.com\/index.php?rest_route=%2Fwp%2Fv2%2Fmedia&parent=30337"}],"wp:term":[{"taxonomy":"category","embeddable":true,"href":"http:\/\/www.salgadonoticias.com\/index.php?rest_route=%2Fwp%2Fv2%2Fcategories&post=30337"},{"taxonomy":"post_tag","embeddable":true,"href":"http:\/\/www.salgadonoticias.com\/index.php?rest_route=%2Fwp%2Fv2%2Ftags&post=30337"}],"curies":[{"name":"wp","href":"https:\/\/api.w.org\/{rel}","templated":true}]}}