{"id":30366,"date":"2024-11-18T01:19:00","date_gmt":"2024-11-18T07:19:00","guid":{"rendered":"https:\/\/www.salgadonoticias.com\/?p=30366"},"modified":"2024-11-15T16:14:32","modified_gmt":"2024-11-15T22:14:32","slug":"30366","status":"publish","type":"post","link":"http:\/\/www.salgadonoticias.com\/?p=30366","title":{"rendered":"Qui\u00e9nes NO podr\u00e1 Obtener la Licencia PERMANENTE&#8230;!!!"},"content":{"rendered":"<p>Views: 9<\/p>\n<p>.<\/p>\n\n\n\n<p>Con la reforma a los art\u00edculos 126, 127 y 127 Bis del Reglamento de la Ley de Movilidad de la CdMx, vigentes a partir del s\u00e1bado 16 de noviembre, \u00a0se especifica que <mark style=\"background-color:#e6fc00\" class=\"has-inline-color\"><strong>NO podr\u00e1n obtener<\/strong> la <strong>Licencia<\/strong> de Conducir <strong><em>PERMANENTE<\/em><\/strong> quienes:<\/mark><\/p>\n\n\n\n<ul>\n<li><strong><mark style=\"background-color:rgba(0, 0, 0, 0);color:#890404\" class=\"has-inline-color\">Tengan Sentencias por Delitos Viales: Esto es que han sido condenados por infracciones graves relacionadas con el tr\u00e1nsito.<\/mark><\/strong><\/li>\n<\/ul>\n\n\n\n<ul>\n<li><strong><mark style=\"background-color:rgba(0, 0, 0, 0);color:#034b6b\" class=\"has-inline-color\">Esten Sancionados por el Programa \u201cConduce Sin Alcohol&#8221;, incluyendo a los MOTOCICLISTAS.<\/mark><\/strong><\/li>\n<\/ul>\n\n\n\n<p>.<\/p>\n\n\n\n<p><mark style=\"background-color:#f8cbd6\" class=\"has-inline-color\">Adem\u00e1s, tambi\u00e9n se contempla lo siguiente:<\/mark><\/p>\n\n\n\n<ul>\n<li><mark style=\"background-color:rgba(0, 0, 0, 0);color:#a6074e\" class=\"has-inline-color\">Se debe <strong>Obtener el Comprobante de acreditaci\u00f3n de evaluaciones.<\/strong><\/mark><\/li>\n\n\n\n<li><strong><mark style=\"background-color:rgba(0, 0, 0, 0);color:#06781f\" class=\"has-inline-color\">Se podr\u00e1 obtener la versi\u00f3n digital la licencia mediante la plataforma electr\u00f3nica que la Secretar\u00eda determine<\/mark><\/strong><\/li>\n\n\n\n<li><mark style=\"background-color:rgba(0, 0, 0, 0);color:#060894\" class=\"has-inline-color\"><strong>La reposici\u00f3n <\/strong>de la Licencia A, Tipo A1, y Tipo A2, por mutilaci\u00f3n, deterioro de la imagen, datos ilegibles, robo o extrav\u00edo; ser\u00e1 con la <strong>misma vigencia<\/strong> <strong>del documento a reponer<\/strong><\/mark><mark style=\"background-color:rgba(0, 0, 0, 0);color:#c55403\" class=\"has-inline-color\"><strong>.<\/strong><\/mark><\/li>\n<\/ul>\n\n\n\n<p>.<\/p>\n\n\n\n<p><mark style=\"background-color:#f4934e\" class=\"has-inline-color\">Cabe recordar que el <strong>costo<\/strong> de la\u00a0<strong>licencia permanente<\/strong>\u00a0ser\u00e1 de <strong>$1,500.00<\/strong>.<\/mark><\/p>\n\n\n\n<p>.<\/p>\n\n\n\n<p>Da click aqu\u00ed para ver la reforma completa.<\/p>\n\n\n\n<p><a href=\"https:\/\/data.consejeria.cdmx.gob.mx\/portal_old\/uploads\/gacetas\/e37a2d3e56eec07d961f7e941fa99534.pdf\">https:\/\/data.consejeria.cdmx.gob.mx\/portal_old\/uploads\/gacetas\/e37a2d3e56eec07d961f7e941fa99534.pdf<\/a><\/p>\n\n\n\n<p>.<\/p>\n\n\n\n<p class=\"wp-embed-aspect-16-9 wp-has-aspect-ratio\">Si estas en el <strong><mark style=\"background-color:rgba(0, 0, 0, 0)\" class=\"has-inline-color has-vivid-red-color\">Extranjero <\/mark><\/strong>nosotros somos tu <strong><mark style=\"background-color:rgba(0, 0, 0, 0)\" class=\"has-inline-color has-vivid-green-cyan-color\">mejor<\/mark><\/strong> alternativa para <strong><mark style=\"background-color:rgba(0, 0, 0, 0)\" class=\"has-inline-color has-luminous-vivid-orange-color\">velar<\/mark><\/strong> por tus <strong><mark style=\"background-color:rgba(0, 0, 0, 0)\" class=\"has-inline-color has-vivid-cyan-blue-color\">intereses<\/mark><\/strong>, escr\u00edbenos o ll\u00e1manos al Tel <strong>55581-11311<\/strong>.<\/p>\n\n\n\n<p>Cuando<strong> necesites<\/strong> ayuda, <strong>asistencia<\/strong> o <strong>planeaci\u00f3n<\/strong> legal, <strong>solicita<\/strong> <strong>Cita Privada<\/strong> <a href=\"mailto:bi@sm99.mx\" target=\"_blank\" rel=\"noreferrer noopener\"><strong>Aqu\u00ed<\/strong><\/a><\/p>\n\n\n\n<p>La informaci\u00f3n que AQU\u00cd te presentamos <strong>deriva<\/strong> de los <strong>Peri\u00f3dicos Oficiales <\/strong>de la<strong> CdMx<\/strong>, <strong>Estado<\/strong> de Mex., Diario <strong>Oficial<\/strong> de la Federaci\u00f3n, Suprema Corte de<strong> Justicia<\/strong> de la Naci\u00f3n, por lo tanto es de <strong>aplicaci\u00f3n OBLIGATORIA<\/strong><\/p>\n\n\n\n<p>La <strong>informaci\u00f3n<\/strong> de hoy procede de la Gaceta de la CdMx.<\/p>\n\n\n\n<p><strong><mark style=\"background-color:rgba(0, 0, 0, 0)\" class=\"has-inline-color has-luminous-vivid-orange-color\">AY\u00daDANOS<\/mark><\/strong> para que m\u00e1s personas conozcan esta informaci\u00f3n, <strong>Comp\u00e1rtelo<\/strong> en tus redes sociales<\/p>\n","protected":false},"excerpt":{"rendered":"<p>Views: 9 . Con la reforma a los art\u00edculos 126, 127 y 127 Bis del Reglamento de la Ley de Movilidad de la CdMx, vigentes a partir del s\u00e1bado 16 de noviembre, \u00a0se especifica que NO podr\u00e1n obtener la Licencia de Conducir PERMANENTE quienes: . Adem\u00e1s, tambi\u00e9n se contempla lo siguiente: . Cabe recordar que [&hellip;]<\/p>\n","protected":false},"author":3,"featured_media":30373,"comment_status":"closed","ping_status":"open","sticky":false,"template":"","format":"standard","meta":{"_jetpack_memberships_contains_paid_content":false,"footnotes":""},"categories":[7],"tags":[],"jetpack_sharing_enabled":true,"jetpack_featured_media_url":"http:\/\/www.salgadonoticias.com\/wp-content\/uploads\/2024\/11\/licencia.jpg","_links":{"self":[{"href":"http:\/\/www.salgadonoticias.com\/index.php?rest_route=\/wp\/v2\/posts\/30366"}],"collection":[{"href":"http:\/\/www.salgadonoticias.com\/index.php?rest_route=\/wp\/v2\/posts"}],"about":[{"href":"http:\/\/www.salgadonoticias.com\/index.php?rest_route=\/wp\/v2\/types\/post"}],"author":[{"embeddable":true,"href":"http:\/\/www.salgadonoticias.com\/index.php?rest_route=\/wp\/v2\/users\/3"}],"replies":[{"embeddable":true,"href":"http:\/\/www.salgadonoticias.com\/index.php?rest_route=%2Fwp%2Fv2%2Fcomments&post=30366"}],"version-history":[{"count":4,"href":"http:\/\/www.salgadonoticias.com\/index.php?rest_route=\/wp\/v2\/posts\/30366\/revisions"}],"predecessor-version":[{"id":30377,"href":"http:\/\/www.salgadonoticias.com\/index.php?rest_route=\/wp\/v2\/posts\/30366\/revisions\/30377"}],"wp:featuredmedia":[{"embeddable":true,"href":"http:\/\/www.salgadonoticias.com\/index.php?rest_route=\/wp\/v2\/media\/30373"}],"wp:attachment":[{"href":"http:\/\/www.salgadonoticias.com\/index.php?rest_route=%2Fwp%2Fv2%2Fmedia&parent=30366"}],"wp:term":[{"taxonomy":"category","embeddable":true,"href":"http:\/\/www.salgadonoticias.com\/index.php?rest_route=%2Fwp%2Fv2%2Fcategories&post=30366"},{"taxonomy":"post_tag","embeddable":true,"href":"http:\/\/www.salgadonoticias.com\/index.php?rest_route=%2Fwp%2Fv2%2Ftags&post=30366"}],"curies":[{"name":"wp","href":"https:\/\/api.w.org\/{rel}","templated":true}]}}