{"id":30380,"date":"2024-11-19T01:15:00","date_gmt":"2024-11-19T07:15:00","guid":{"rendered":"https:\/\/www.salgadonoticias.com\/?p=30380"},"modified":"2024-11-19T14:23:08","modified_gmt":"2024-11-19T20:23:08","slug":"30380","status":"publish","type":"post","link":"http:\/\/www.salgadonoticias.com\/?p=30380","title":{"rendered":"INCREMENTO a Pensi\u00f3n Alimenticia DEBE Incluir Monto INDEPENDIENTE de Recuperaci\u00f3n&#8230;!!!"},"content":{"rendered":"<p>Views: 28<\/p>\n<p>.<\/p>\n\n\n\n<p>Este <strong><mark style=\"background-color:rgba(0, 0, 0, 0)\" class=\"has-inline-color has-luminous-vivid-orange-color\">ANTECEDENTE<\/mark><\/strong><\/p>\n\n\n\n<p>Surge luego de que <mark style=\"background-color:#f4d786\" class=\"has-inline-color\"><strong>Tribunales Colegiados<\/strong><\/mark><mark style=\"background-color:#ffffff\" class=\"has-inline-color\"> de Circuito llegaron <\/mark><mark style=\"background-color:#ffffff\" class=\"has-inline-color has-vivid-red-color\">a opiniones diferentes<\/mark><mark style=\"background-color:#ffffff\" class=\"has-inline-color\"> sobre c\u00f3mo <strong>interpretar <\/strong>el acuerdo de que la pensi\u00f3n alimenticia <\/mark><mark style=\"background-color:#f4d786\" class=\"has-inline-color\">DEB\u00cdA <strong>aumentar<\/strong><\/mark><mark style=\"background-color:#ffffff\" class=\"has-inline-color\"> en la misma <\/mark><mark style=\"background-color:#f4d786\" class=\"has-inline-color\"><strong>proporci\u00f3n<\/strong><\/mark><mark style=\"background-color:#ffffff\" class=\"has-inline-color\"> que el <\/mark><mark style=\"background-color:#f4d786\" class=\"has-inline-color\"><strong>salario m\u00ednimo<\/strong>.<\/mark><mark style=\"background-color:#ffffff\" class=\"has-inline-color\"> <\/mark><\/p>\n\n\n\n<p><mark style=\"background-color:#ffffff\" class=\"has-inline-color\"><em><u>Uno opin\u00f3<\/u><\/em> que el <\/mark><strong><mark style=\"background-color:#ff6900\" class=\"has-inline-color\">Monto Independiente de Recuperaci\u00f3n<\/mark><\/strong><mark style=\"background-color:#ffffff\" class=\"has-inline-color\"> <\/mark><mark style=\"background-color:#f4d786\" class=\"has-inline-color\"><strong>(MIR)<\/strong> <strong>NO deb\u00eda incluirse<\/strong> en el aumento<\/mark><mark style=\"background-color:#ffffff\" class=\"has-inline-color\">, <em><u>ya que su objetivo era recuperar el poder adquisitivo de los trabajadores que ganan el salario m\u00ednimo<\/u><\/em>. <\/mark><\/p>\n\n\n\n<p><mark style=\"background-color:#ffffff\" class=\"has-inline-color\">En cambio, <\/mark><mark style=\"background-color:#f4d786\" class=\"has-inline-color\">OTROS<\/mark><mark style=\"background-color:#ffffff\" class=\"has-inline-color\"> Tribunales <\/mark><mark style=\"background-color:#f4d786\" class=\"has-inline-color\">consideraron que el MIR<\/mark><mark style=\"background-color:#ffffff\" class=\"has-inline-color\"> es uno de los componentes del salario m\u00ednimo general y, por lo tanto, <\/mark><strong><mark style=\"background-color:#f97979\" class=\"has-inline-color has-black-color\">debe incluirse<\/mark><mark style=\"background-color:#ffffff\" class=\"has-inline-color\"> <\/mark><\/strong><mark style=\"background-color:#f4d786\" class=\"has-inline-color\"><strong>en el c\u00e1lculo del aumento de la pensi\u00f3n alimenticia.<\/strong><\/mark><\/p>\n\n\n\n<p>.<\/p>\n\n\n\n<p>La <strong><mark style=\"background-color:rgba(0, 0, 0, 0);color:#170592\" class=\"has-inline-color\">Suprema Corte de Justicia<\/mark> <\/strong>a trav\u00e9s de la Primera Sala <strong><mark style=\"background-color:rgba(0, 0, 0, 0);color:#8e0101\" class=\"has-inline-color\">DETERMIN\u00d3<\/mark> <\/strong>que, para <mark style=\"background-color:rgba(0, 0, 0, 0);color:#0b7304\" class=\"has-inline-color\"><strong>CALCULAR<\/strong> <\/mark><mark style=\"background-color:rgba(0, 0, 0, 0)\" class=\"has-inline-color has-black-color\">las<\/mark><mark style=\"background-color:rgba(0, 0, 0, 0);color:#0b7304\" class=\"has-inline-color\"> <strong>Pensiones Alimenticias<\/strong> <\/mark><mark style=\"background-color:rgba(0, 0, 0, 0)\" class=\"has-inline-color has-black-color\">con <\/mark><mark style=\"background-color:rgba(0, 0, 0, 0);color:#0b7304\" class=\"has-inline-color\"><strong>incremento proporcional al salario m\u00ednimo <\/strong><\/mark><mark style=\"background-color:rgba(0, 0, 0, 0)\" class=\"has-inline-color has-black-color\">general<\/mark><mark style=\"background-color:rgba(0, 0, 0, 0);color:#0b7304\" class=\"has-inline-color\">, <strong>SI<\/strong> <\/mark><mark style=\"background-color:rgba(0, 0, 0, 0)\" class=\"has-inline-color has-black-color\">se DEBEN<\/mark><mark style=\"background-color:rgba(0, 0, 0, 0);color:#0b7304\" class=\"has-inline-color\"> <strong>considerar<\/strong> t<\/mark><mark style=\"background-color:rgba(0, 0, 0, 0)\" class=\"has-inline-color has-black-color\">odos los componentes del salario, <\/mark><mark style=\"background-color:rgba(0, 0, 0, 0);color:#0b7304\" class=\"has-inline-color\"><strong>incluyendo<\/strong><\/mark><mark style=\"background-color:rgba(0, 0, 0, 0)\" class=\"has-inline-color has-black-color\"> <em>el <\/em><\/mark><mark style=\"background-color:rgba(0, 0, 0, 0);color:#0b7304\" class=\"has-inline-color\"><em>Monto Independiente de Recuperaci\u00f3n<\/em> <strong>(MIR)<\/strong><\/mark><\/p>\n\n\n\n<p>.<\/p>\n\n\n\n<p>La Justificaci\u00f3n de la <strong><mark style=\"background-color:rgba(0, 0, 0, 0);color:#1b07e3\" class=\"has-inline-color\">SCJN<\/mark> <\/strong>es que, A partir del 1 de enero de 2017, el <mark style=\"background-color:rgba(0, 0, 0, 0);color:#53039d\" class=\"has-inline-color\"><strong>salario m\u00ednimo<\/strong> <\/mark><mark style=\"background-color:rgba(0, 0, 0, 0)\" class=\"has-inline-color has-black-color\">general se <\/mark><mark style=\"background-color:rgba(0, 0, 0, 0);color:#53039d\" class=\"has-inline-color\"><strong>compone de tres elementos<\/strong> <\/mark><mark style=\"background-color:rgba(0, 0, 0, 0)\" class=\"has-inline-color has-black-color\">estos son:<\/mark><\/p>\n\n\n\n<ul>\n<li><mark style=\"background-color:rgba(0, 0, 0, 0);color:#0f5e03\" class=\"has-inline-color\"><strong>Salario m\u00ednimo vigente<\/strong>,<\/mark><\/li>\n\n\n\n<li><mark style=\"background-color:rgba(0, 0, 0, 0)\" class=\"has-inline-color has-vivid-red-color\"><strong>Monto Independiente de Recuperaci\u00f3n (MIR)<\/strong> <\/mark>y<\/li>\n\n\n\n<li><strong><mark style=\"background-color:rgba(0, 0, 0, 0);color:#ac4801\" class=\"has-inline-color\">El incremento por fijaci\u00f3n.<\/mark><\/strong><\/li>\n<\/ul>\n\n\n\n<p>&nbsp;Y aun cuando el <strong><mark style=\"background-color:rgba(0, 0, 0, 0);color:#a10202\" class=\"has-inline-color\">MIR<\/mark><\/strong> fue <mark style=\"background-color:rgba(0, 0, 0, 0);color:#047c50\" class=\"has-inline-color\"><strong>creado<\/strong><\/mark><mark style=\"background-color:rgba(0, 0, 0, 0)\" class=\"has-inline-color has-black-color\"> para <\/mark><mark style=\"background-color:rgba(0, 0, 0, 0);color:#047c50\" class=\"has-inline-color\"><strong>recuperar el poder adquisitivo<\/strong> <\/mark><mark style=\"background-color:rgba(0, 0, 0, 0)\" class=\"has-inline-color has-black-color\">de los trabajadores que ganan el salario m\u00ednimo<\/mark><mark style=\"background-color:rgba(0, 0, 0, 0);color:#047c50\" class=\"has-inline-color\">, <strong>este DEBE incluirse en el c\u00e1lculo de la pensi\u00f3n alimenticia, <\/strong><\/mark><mark style=\"background-color:rgba(0, 0, 0, 0)\" class=\"has-inline-color has-black-color\"><em>cuando se acuerda que esta aumentar\u00e1 en la misma proporci\u00f3n que el salario m\u00ednimo general.<\/em> <\/mark><\/p>\n\n\n\n<p><mark style=\"background-color:rgba(0, 0, 0, 0)\" class=\"has-inline-color has-black-color\">Esto es<\/mark><mark style=\"background-color:rgba(0, 0, 0, 0);color:#047c50\" class=\"has-inline-color\"> <strong>necesari<\/strong>o <\/mark><mark style=\"background-color:rgba(0, 0, 0, 0)\" class=\"has-inline-color has-black-color\">porque los <\/mark><mark style=\"background-color:rgba(0, 0, 0, 0);color:#047c50\" class=\"has-inline-color\"><strong>acreedores<\/strong> <\/mark><mark style=\"background-color:rgba(0, 0, 0, 0)\" class=\"has-inline-color has-black-color\">de alimentos TAMBI\u00c9N <\/mark><mark style=\"background-color:rgba(0, 0, 0, 0);color:#047c50\" class=\"has-inline-color\"><strong>enfrentan<\/strong> la <strong>p\u00e9rdida<\/strong> del <strong>poder adquisitivo<\/strong><\/mark> debido a la inflaci\u00f3n.<\/p>\n\n\n\n<p>.<\/p>\n\n\n\n<p>Esta <strong><mark style=\"background-color:#bacdeb\" class=\"has-inline-color\">resoluci\u00f3n<\/mark><\/strong> es de <strong>aplicaci\u00f3n <mark style=\"background-color:rgba(0, 0, 0, 0);color:#750303\" class=\"has-inline-color\">OBLIGATORIA<\/mark> <\/strong>en todo el pa\u00eds a partir de esta semana<\/p>\n\n\n\n<p><strong><mark style=\"background-color:rgba(0, 0, 0, 0);color:#53039d\" class=\"has-inline-color\">Jurisprudencia CIVIL<\/mark><\/strong><\/p>\n\n\n\n<p>.<\/p>\n\n\n\n<p class=\"wp-embed-aspect-16-9 wp-has-aspect-ratio\">Si estas en el <strong><mark style=\"background-color:rgba(0, 0, 0, 0)\" class=\"has-inline-color has-vivid-red-color\">Extranjero <\/mark><\/strong>nosotros somos tu <strong><mark style=\"background-color:rgba(0, 0, 0, 0)\" class=\"has-inline-color has-vivid-green-cyan-color\">mejor<\/mark><\/strong> alternativa para <strong><mark style=\"background-color:rgba(0, 0, 0, 0)\" class=\"has-inline-color has-luminous-vivid-orange-color\">velar<\/mark><\/strong> por tus <strong><mark style=\"background-color:rgba(0, 0, 0, 0)\" class=\"has-inline-color has-vivid-cyan-blue-color\">intereses<\/mark><\/strong>, escr\u00edbenos o ll\u00e1manos al Tel <strong>55581-11311<\/strong>.<\/p>\n\n\n\n<p>Cuando<strong> necesites<\/strong> ayuda, <strong>asistencia<\/strong> o <strong>planeaci\u00f3n<\/strong> legal, <strong>solicita<\/strong> <strong>Cita Privada<\/strong> <a href=\"mailto:bi@sm99.mx\" target=\"_blank\" rel=\"noreferrer noopener\"><strong>Aqu\u00ed<\/strong><\/a><\/p>\n\n\n\n<p>La informaci\u00f3n que AQU\u00cd te presentamos <strong>deriva<\/strong> de los <strong>Peri\u00f3dicos Oficiales <\/strong>de la<strong> CdMx<\/strong>, <strong>Estado<\/strong> de Mex., Diario <strong>Oficial<\/strong> de la Federaci\u00f3n, Suprema Corte de<strong> Justicia<\/strong> de la Naci\u00f3n, por lo tanto es de <strong>aplicaci\u00f3n OBLIGATORIA<\/strong><\/p>\n\n\n\n<p>La <strong>informaci\u00f3n<\/strong> de hoy procede de la Suprema Corte de Justicia<\/p>\n\n\n\n<p><strong><mark style=\"background-color:rgba(0, 0, 0, 0)\" class=\"has-inline-color has-luminous-vivid-orange-color\">AY\u00daDANOS<\/mark><\/strong> para que m\u00e1s personas conozcan esta informaci\u00f3n, <strong>Comp\u00e1rtelo<\/strong> en tus redes sociales<\/p>\n","protected":false},"excerpt":{"rendered":"<p>Views: 28 . Este ANTECEDENTE Surge luego de que Tribunales Colegiados de Circuito llegaron a opiniones diferentes sobre c\u00f3mo interpretar el acuerdo de que la pensi\u00f3n alimenticia DEB\u00cdA aumentar en la misma proporci\u00f3n que el salario m\u00ednimo. Uno opin\u00f3 que el Monto Independiente de Recuperaci\u00f3n (MIR) NO deb\u00eda incluirse en el aumento, ya que su [&hellip;]<\/p>\n","protected":false},"author":3,"featured_media":30383,"comment_status":"closed","ping_status":"open","sticky":false,"template":"","format":"standard","meta":{"_jetpack_memberships_contains_paid_content":false,"footnotes":""},"categories":[4],"tags":[],"jetpack_sharing_enabled":true,"jetpack_featured_media_url":"http:\/\/www.salgadonoticias.com\/wp-content\/uploads\/2024\/11\/PENSION.jpg","_links":{"self":[{"href":"http:\/\/www.salgadonoticias.com\/index.php?rest_route=\/wp\/v2\/posts\/30380"}],"collection":[{"href":"http:\/\/www.salgadonoticias.com\/index.php?rest_route=\/wp\/v2\/posts"}],"about":[{"href":"http:\/\/www.salgadonoticias.com\/index.php?rest_route=\/wp\/v2\/types\/post"}],"author":[{"embeddable":true,"href":"http:\/\/www.salgadonoticias.com\/index.php?rest_route=\/wp\/v2\/users\/3"}],"replies":[{"embeddable":true,"href":"http:\/\/www.salgadonoticias.com\/index.php?rest_route=%2Fwp%2Fv2%2Fcomments&post=30380"}],"version-history":[{"count":4,"href":"http:\/\/www.salgadonoticias.com\/index.php?rest_route=\/wp\/v2\/posts\/30380\/revisions"}],"predecessor-version":[{"id":30391,"href":"http:\/\/www.salgadonoticias.com\/index.php?rest_route=\/wp\/v2\/posts\/30380\/revisions\/30391"}],"wp:featuredmedia":[{"embeddable":true,"href":"http:\/\/www.salgadonoticias.com\/index.php?rest_route=\/wp\/v2\/media\/30383"}],"wp:attachment":[{"href":"http:\/\/www.salgadonoticias.com\/index.php?rest_route=%2Fwp%2Fv2%2Fmedia&parent=30380"}],"wp:term":[{"taxonomy":"category","embeddable":true,"href":"http:\/\/www.salgadonoticias.com\/index.php?rest_route=%2Fwp%2Fv2%2Fcategories&post=30380"},{"taxonomy":"post_tag","embeddable":true,"href":"http:\/\/www.salgadonoticias.com\/index.php?rest_route=%2Fwp%2Fv2%2Ftags&post=30380"}],"curies":[{"name":"wp","href":"https:\/\/api.w.org\/{rel}","templated":true}]}}